{"id":2856,"date":"2014-02-10T14:35:00","date_gmt":"2014-02-10T14:35:00","guid":{"rendered":"https:\/\/www.bfv.cloud\/ajedrezeuropa\/index.php\/2014\/02\/10\/segunda-jornada-del-plan-activa-con-el-ajedrez\/"},"modified":"2025-11-20T10:52:48","modified_gmt":"2025-11-20T10:52:48","slug":"segunda-jornada-del-plan-activa-con-el-ajedrez","status":"publish","type":"post","link":"https:\/\/www.bfv.cloud\/ajedrezeuropa\/segunda-jornada-del-plan-activa-con-el-ajedrez\/","title":{"rendered":"SEGUNDA JORNADA DEL PLAN +ACTIVA CON EL AJEDREZ"},"content":{"rendered":"<table cellpadding=\"0\" cellspacing=\"0\" class=\"tr-caption-container\" style=\"float: left;margin-right: 1em;text-align: left\">\n<tbody>\n<tr>\n<td style=\"text-align: center\"><a href=\"https:\/\/www.bfv.cloud\/ajedrezeuropa\/wp-content\/uploads\/2014\/02\/DSC00719.jpg\" style=\"clear: left;margin-bottom: 1em;margin-left: auto;margin-right: auto\"><img fetchpriority=\"high\" decoding=\"async\" border=\"0\" src=\"https:\/\/www.bfv.cloud\/ajedrezeuropa\/wp-content\/uploads\/2014\/02\/DSC00719.jpg\" height=\"300\" width=\"400\" \/><\/a><\/td>\n<\/tr>\n<tr>\n<td class=\"tr-caption\" style=\"text-align: center\">\u00abIniciaci\u00f3n en el aula\u00bb en La Puebla de Almoradiel<\/td>\n<\/tr>\n<\/tbody>\n<\/table>\n<table cellpadding=\"0\" cellspacing=\"0\" class=\"tr-caption-container\" style=\"float: left;margin-right: 1em;text-align: left\">\n<tbody>\n<tr>\n<td style=\"text-align: center\"><a href=\"https:\/\/www.bfv.cloud\/ajedrezeuropa\/wp-content\/uploads\/2014\/02\/DSC00722.jpg\" style=\"clear: left;margin-bottom: 1em;margin-left: auto;margin-right: auto\"><img decoding=\"async\" border=\"0\" src=\"https:\/\/www.bfv.cloud\/ajedrezeuropa\/wp-content\/uploads\/2014\/02\/DSC00722.jpg\" height=\"300\" width=\"400\" \/><\/a><\/td>\n<\/tr>\n<tr>\n<td class=\"tr-caption\" style=\"text-align: center\">Los alumnos preguntan &#8230;<\/td>\n<\/tr>\n<\/tbody>\n<\/table>\n<p><span style=\"font-family: Helvetica Neue, Arial, Helvetica, sans-serif\"><b>&nbsp;<span style=\"text-align: justify\">Continuando con las actividades en colegios<br \/>\ntoledanos dentro del <\/span><span style=\"text-align: justify\">Plan +Activa<\/span><span style=\"text-align: justify\">, el pasado jueves, nuestro monitor<br \/>\nLuis Miguel Monreal, daba clases de <\/span><span style=\"text-align: justify\">\u201ciniciaci\u00f3n en el aula\u201d<\/span><span style=\"text-align: justify\"> en el CEIP<br \/>\n\u201cRam\u00f3n y Cajal\u201d de La Puebla de Almoradiel, el CEIP \u201cN\u00ba 2\u201d de Quintanar de la<br \/>\nOrden y el CEIP \u201cCervantes\u201d de Miguel Esteban, con una asistencia superior a<br \/>\nlos 200 alumnos entre los 3 colegios. La gran mayor\u00eda de estos chicos y chicas<br \/>\nsalen interesados por continuar con el aprendizaje del ajedrez, y ser\u00eda muy<br \/>\nprovechoso establecer un programa continuado de ense\u00f1anza en los centros<br \/>\neducativos a partir del curso 2014\/2015. Adem\u00e1s, como apoyo a la implantaci\u00f3n<br \/>\ndel \u201cdeporte de la mente\u201d como materia escolar, la Federaci\u00f3n Espa\u00f1ola de<br \/>\nAjedrez ha promovido la organizaci\u00f3n de un nuevo Campeonato de Espa\u00f1a por<br \/>\nEquipos para Colegios. Este campeonato tiene prevista su celebraci\u00f3n durante la<br \/>\nprimera semana de mayo en la localidad madrile\u00f1a de Buitrago de Lozoya,<br \/>\nquedando abierto a la participaci\u00f3n de ni\u00f1os y ni\u00f1as con una edad m\u00e1xima de 12<br \/>\na\u00f1os en formaciones de 4 jugadores por equipo. Este trabajo para implantar el<br \/>\najedrez en el aula favorece su pr\u00e1ctica entre los m\u00e1s peque\u00f1os y capta el eco<br \/>\ninformativo sobre nuestro deporte. Sirva como ejemplo de esta nueva atenci\u00f3n de<br \/>\nlos medios de comunicaci\u00f3n, el canal de televisi\u00f3n \u201cTeleToledo\u201d, que llev\u00f3 a<br \/>\ncabo su anunciado reportaje sobre nuestras clases en Quintanar de la Orden,<br \/>\npresent\u00e1ndolo ante su audiencia el pasado viernes.<\/span><span style=\"text-align: justify\">&nbsp;<\/span><\/b><\/span><br \/>\n<span style=\"font-family: Helvetica Neue, Arial, Helvetica, sans-serif\"><b><span style=\"text-align: justify\"><br \/><\/span><\/b><\/span><\/p>\n<table cellpadding=\"0\" cellspacing=\"0\" class=\"tr-caption-container\" style=\"float: right;margin-left: 1em;text-align: right\">\n<tbody>\n<tr>\n<td style=\"text-align: center\"><a href=\"https:\/\/www.bfv.cloud\/ajedrezeuropa\/wp-content\/uploads\/2014\/02\/DSC00737.jpg\" style=\"clear: right;margin-bottom: 1em;margin-left: auto;margin-right: auto\"><img decoding=\"async\" border=\"0\" src=\"https:\/\/www.bfv.cloud\/ajedrezeuropa\/wp-content\/uploads\/2014\/02\/DSC00737.jpg\" height=\"480\" width=\"640\" \/><\/a><\/td>\n<\/tr>\n<tr>\n<td class=\"tr-caption\" style=\"text-align: center\">Imagen de la clase en el colegio Cervantes de Miguel Esteban<\/td>\n<\/tr>\n<\/tbody>\n<\/table>\n<div class=\"MsoNormal\" style=\"text-align: justify\">\n<span style=\"font-family: Batang\"><br \/><\/span><\/div>\n","protected":false},"excerpt":{"rendered":"<p>\u00abIniciaci\u00f3n en el aula\u00bb en La Puebla de Almoradiel Los alumnos preguntan &#8230; &nbsp;Continuando con las actividades en colegios toledanos dentro del Plan +Activa, el pasado jueves, nuestro monitor Luis Miguel Monreal, daba clases de \u201ciniciaci\u00f3n en el aula\u201d en el CEIP \u201cRam\u00f3n y Cajal\u201d de La Puebla de Almoradiel, el CEIP \u201cN\u00ba 2\u201d de [&hellip;]<\/p>\n","protected":false},"author":1,"featured_media":2857,"comment_status":"open","ping_status":"closed","sticky":false,"template":"","format":"standard","meta":{"footnotes":""},"categories":[1],"tags":[],"class_list":["post-2856","post","type-post","status-publish","format-standard","has-post-thumbnail","hentry","category-noticias"],"_links":{"self":[{"href":"https:\/\/www.bfv.cloud\/ajedrezeuropa\/wp-json\/wp\/v2\/posts\/2856","targetHints":{"allow":["GET"]}}],"collection":[{"href":"https:\/\/www.bfv.cloud\/ajedrezeuropa\/wp-json\/wp\/v2\/posts"}],"about":[{"href":"https:\/\/www.bfv.cloud\/ajedrezeuropa\/wp-json\/wp\/v2\/types\/post"}],"author":[{"embeddable":true,"href":"https:\/\/www.bfv.cloud\/ajedrezeuropa\/wp-json\/wp\/v2\/users\/1"}],"replies":[{"embeddable":true,"href":"https:\/\/www.bfv.cloud\/ajedrezeuropa\/wp-json\/wp\/v2\/comments?post=2856"}],"version-history":[{"count":1,"href":"https:\/\/www.bfv.cloud\/ajedrezeuropa\/wp-json\/wp\/v2\/posts\/2856\/revisions"}],"predecessor-version":[{"id":2860,"href":"https:\/\/www.bfv.cloud\/ajedrezeuropa\/wp-json\/wp\/v2\/posts\/2856\/revisions\/2860"}],"wp:featuredmedia":[{"embeddable":true,"href":"https:\/\/www.bfv.cloud\/ajedrezeuropa\/wp-json\/wp\/v2\/media\/2857"}],"wp:attachment":[{"href":"https:\/\/www.bfv.cloud\/ajedrezeuropa\/wp-json\/wp\/v2\/media?parent=2856"}],"wp:term":[{"taxonomy":"category","embeddable":true,"href":"https:\/\/www.bfv.cloud\/ajedrezeuropa\/wp-json\/wp\/v2\/categories?post=2856"},{"taxonomy":"post_tag","embeddable":true,"href":"https:\/\/www.bfv.cloud\/ajedrezeuropa\/wp-json\/wp\/v2\/tags?post=2856"}],"curies":[{"name":"wp","href":"https:\/\/api.w.org\/{rel}","templated":true}]}}