{"id":2868,"date":"2023-08-21T11:42:00","date_gmt":"2023-08-21T11:42:00","guid":{"rendered":"https:\/\/www.bfv.cloud\/ajedrezeuropa\/index.php\/2023\/08\/21\/nuestro-ajedrez-en-europa-campeon-de-castilla-la-mancha-por-equipos-blitz\/"},"modified":"2025-11-20T10:53:03","modified_gmt":"2025-11-20T10:53:03","slug":"nuestro-ajedrez-en-europa-campeon-de-castilla-la-mancha-por-equipos-blitz","status":"publish","type":"post","link":"https:\/\/www.bfv.cloud\/ajedrezeuropa\/nuestro-ajedrez-en-europa-campeon-de-castilla-la-mancha-por-equipos-blitz\/","title":{"rendered":"NUESTRO AJEDREZ EN EUROPA, CAMPE\u00d3N DE CASTILLA-LA MANCHA POR EQUIPOS BLITZ"},"content":{"rendered":"<table align=\"center\" cellpadding=\"0\" cellspacing=\"0\" class=\"tr-caption-container\" style=\"margin-left: auto;margin-right: auto\">\n<tbody>\n<tr>\n<td style=\"text-align: center\"><a href=\"https:\/\/www.bfv.cloud\/ajedrezeuropa\/wp-content\/uploads\/2023\/08\/EUROPA20RECOGE20EL20TROFEO20DE20CAMPEON.jpeg\" style=\"margin-left: auto;margin-right: auto\"><img fetchpriority=\"high\" decoding=\"async\" border=\"0\" data-original-height=\"1445\" data-original-width=\"2048\" height=\"452\" src=\"https:\/\/blogger.googleusercontent.com\/img\/b\/R29vZ2xl\/AVvXsEitSc2w3aEkbf6AsUrWPS6v10yYQAl6sCLts0xjYAp-ly6wvPQajpeTUILzh60COjThGMChhG7AbPJbF1rB2fiSiYeL_WFeHl5nB_FaPO7m_mdlrMR91UvMmy_awM9VJru_C7FtePHJdKIkITLCMErYw1r_3H02IXh5a8k3X9mnrOW8uULd_QOZvIKGTGc\/w640-h452\/EUROPA%20RECOGE%20EL%20TROFEO%20DE%20CAMPEON.jpeg\" width=\"640\" \/><\/a><\/td>\n<\/tr>\n<tr>\n<td class=\"tr-caption\" style=\"text-align: center\">El equipo de Nuestro Ajedrez en Europa recogiendo el trofeo de campe\u00f3n regional<\/td>\n<\/tr>\n<\/tbody>\n<\/table>\n<h3 style=\"text-align: justify\">&nbsp;E<span style=\"font-size: 14pt;text-align: justify\">l equipo absoluto del club <\/span><b style=\"font-size: 14pt;text-align: justify\">Nuestro Ajedrez en Europa<\/b><span style=\"font-size: 14pt;text-align: justify\"><br \/>\nse alzaba con el trofeo de campe\u00f3n de Castilla-La Mancha en la modalidad<br \/>\nrel\u00e1mpago (blitz) en el campeonato disputado el domingo pasado, d\u00eda 20 de<br \/>\nagosto, en Tomelloso (Ciudad Real). Este nuevo t\u00edtulo fue logrado brillantemente<br \/>\ndespu\u00e9s de sumar 13 de los 14 puntos posibles, con 6 victorias y un \u00fanico<br \/>\nempate en las 7 partidas disputadas. El equipo de Nuestro Ajedrez en Europa se<br \/>\nenfrent\u00f3 con los 6 clubes que finalmente quedaron clasificados entre los 7<br \/>\nprimeros del torneo, aventajando en 2 puntos al 2\u00ba clasificado, el Club de<br \/>\nAjedrez Tomelloso y al 3er. clasificado, el Club de Bargas F. Soliss. En el<br \/>\ncampeonato participaron 16 equipos de toda la regi\u00f3n, integrados por ajedrecistas<br \/>\nde alto nivel que ven\u00edan de disputar campeonatos nacionales en semanas<br \/>\nprecedentes.<\/span><\/h3>\n<div>\n<table cellpadding=\"0\" cellspacing=\"0\" class=\"tr-caption-container\" style=\"float: right\">\n<tbody>\n<tr>\n<td style=\"text-align: center\"><a href=\"https:\/\/www.bfv.cloud\/ajedrezeuropa\/wp-content\/uploads\/2023\/08\/320EQUIPO20EUROPA.jpeg\" style=\"clear: right;margin-bottom: 1em;margin-left: auto;margin-right: auto\"><img decoding=\"async\" border=\"0\" data-original-height=\"1023\" data-original-width=\"1228\" height=\"267\" src=\"https:\/\/blogger.googleusercontent.com\/img\/b\/R29vZ2xl\/AVvXsEiPLSDK2aK0ePrJwAu6DX4oGul0ra6oGKd4xcEfY54Sr2pKtzpKZF5Ta6sggE3a6BwGl62ponLicDHAVq3vtA6Xc6KYLKhNfOzTEGtTgPDNWKtN3ArWhiGLbO0vP-dSNgASiEbbG7enCIbIrSNoQY-WvQzfyRjhwCKG8qPJ_1qkl5x-46PpADnE9eEppGU\/s320\/3%20EQUIPO%20EUROPA.jpeg\" width=\"320\" \/><\/a><\/td>\n<\/tr>\n<tr>\n<td class=\"tr-caption\" style=\"text-align: center\">1\u00aa ronda del torneo<\/td>\n<\/tr>\n<\/tbody>\n<\/table>\n<table cellpadding=\"0\" cellspacing=\"0\" class=\"tr-caption-container\" style=\"float: left\">\n<tbody>\n<tr>\n<td style=\"text-align: center\"><a href=\"https:\/\/www.bfv.cloud\/ajedrezeuropa\/wp-content\/uploads\/2023\/08\/220RONDA20CONTRA20TOMELLOSO.jpeg\" style=\"clear: left;margin-bottom: 1em;margin-left: auto;margin-right: auto\"><img decoding=\"async\" border=\"0\" data-original-height=\"1461\" data-original-width=\"2048\" height=\"228\" src=\"https:\/\/blogger.googleusercontent.com\/img\/b\/R29vZ2xl\/AVvXsEg4HQcV0zQejDOrC1aHXXratTB8bljR5HF_Iutc2-VuxqviQlaC_FVINVfOsP0sis8mvtIeCPFozTODVu5iKRCVcesbjtHVHJn9ypCk9inQwzWXOgkcNcFY5URZZzvSwNrsQPcupdBHGmb8sV986bnHZGzYa85c6nK_zFwpR-oFskemoVXFvAx62Nf8vLM\/s320\/2%20RONDA%20CONTRA%20TOMELLOSO.jpeg\" width=\"320\" \/><\/a><\/td>\n<\/tr>\n<tr>\n<td class=\"tr-caption\" style=\"text-align: center\">Ronda contra Tomelloso<\/td>\n<\/tr>\n<\/tbody>\n<\/table>\n<p>&nbsp;&nbsp;<\/p>\n<p><span style=\"font-size: 14pt;text-align: justify\"><br \/><\/span><\/div>\n<h3 style=\"text-align: justify\"><span style=\"font-size: 14pt;text-align: justify\"><br \/><\/span><b><u><span style=\"font-size: 14.0pt;line-height: 107%\"><br \/><\/span><\/u><\/b><\/h3>\n<h3 style=\"text-align: justify\"><b><u><span style=\"font-size: 14.0pt;line-height: 107%\"><br \/><\/span><\/u><\/b><\/h3>\n<h3 style=\"text-align: justify\"><b><u><span style=\"font-size: 14.0pt;line-height: 107%\"><br \/><\/span><\/u><\/b><\/h3>\n<h3 style=\"text-align: justify\"><b><u><span style=\"font-size: 14.0pt;line-height: 107%\"><br \/><\/span><\/u><\/b><\/h3>\n<h3 style=\"text-align: justify\"><b><u><span style=\"font-size: 14.0pt;line-height: 107%\"><br \/><\/span><\/u><\/b><\/h3>\n<h3 style=\"text-align: justify\"><b><u><span style=\"font-size: 14.0pt;line-height: 107%\"><br \/><\/span><\/u><\/b><\/h3>\n<h3 style=\"text-align: justify\"><b><u><span style=\"font-size: 14.0pt;line-height: 107%\"><br \/><\/span><\/u><\/b><\/h3>\n<h3 style=\"text-align: justify\"><b><u><span style=\"font-size: 14.0pt;line-height: 107%\"><br \/><\/span><\/u><\/b><\/h3>\n<h3 style=\"text-align: justify\"><b><u><span style=\"font-size: 14.0pt;line-height: 107%\"><br \/><\/span><\/u><\/b><\/h3>\n<h3 style=\"text-align: justify\"><b><u><span style=\"font-size: 14.0pt;line-height: 107%\">El fruto del cercano campus de ajedrez<\/span><\/u><\/b><\/h3>\n<h3 style=\"text-align: justify\"><b><u><\/p>\n<table align=\"center\" cellpadding=\"0\" cellspacing=\"0\" class=\"tr-caption-container\" style=\"margin-left: auto;margin-right: auto\">\n<tbody>\n<tr>\n<td style=\"text-align: center\"><a href=\"https:\/\/www.bfv.cloud\/ajedrezeuropa\/wp-content\/uploads\/2023\/08\/920CLAUSURA20CAMPUS.jpeg\" style=\"margin-left: auto;margin-right: auto\"><img loading=\"lazy\" decoding=\"async\" border=\"0\" data-original-height=\"519\" data-original-width=\"875\" height=\"380\" src=\"https:\/\/blogger.googleusercontent.com\/img\/b\/R29vZ2xl\/AVvXsEhILXV8Y2pRy4DmxNeNyS8U3CQaCjyRmFNfR01Dwh8b2G5bKLYoarLr20DCtqjzLfkqJItbVnT800x4ydavCbgQGig-Zvr3MKLfRtGaCCoAoty30FpfLPBm6PhmZLpR5NanNrd660aPr-qcVAGdpKAtAHdxNMb_66ROozJyzSo4-AgDhT03Vo3t7yuGzmA\/w640-h380\/9%20CLAUSURA%20CAMPUS.jpeg\" width=\"640\" \/><\/a><\/td>\n<\/tr>\n<tr>\n<td class=\"tr-caption\" style=\"text-align: center\">Imagen de la clausura del campus en Villafranca<\/td>\n<\/tr>\n<\/tbody>\n<\/table>\n<p><span style=\"font-size: 14.0pt;line-height: 107%\"><br \/><\/span><\/u><\/b><span style=\"font-size: 14.0pt;line-height: 107%\">El equipo de Nuestro Ajedrez en Europa estuvo formado por 5 ajedrecistas<br \/>\nque estuvieron participando, con distintas funciones, en el reciente campus de verano<br \/>\ncelebrado en la 2\u00aa semana de agosto en Alc\u00e1zar de San Juan y Villafranca de los<br \/>\nCaballeros. De esta manera, el orden de fuerza del equipo que particip\u00f3 en<br \/>\nTomelloso estaba integrado por dos profesoras: <b>Ana Isabel Gonz\u00e1lez Berruga<\/b><br \/>\ny <b>Silvia Toribio Camu\u00f1as<\/b>; un profesor: <b>Roberto L\u00f3pez N\u00fa\u00f1ez<\/b>; y 2 alumnos<br \/>\ndel equipo sub-18: <b>Alonso L\u00f3pez N\u00fa\u00f1ez<\/b> y <b>\u00c1ngel Collado Alcolado. <\/b>Adem\u00e1s,<br \/>\nobtuvieron premio al mejor 2\u00ba y 4\u00ba tablero, los hermanos Alonso y Roberto<br \/>\nL\u00f3pez, tras conseguir el 100% de victorias en sus partidas.<\/span><\/h3>\n<h3 style=\"text-align: justify\"><\/p>\n<table cellpadding=\"0\" cellspacing=\"0\" class=\"tr-caption-container\" style=\"float: right\">\n<tbody>\n<tr>\n<td style=\"text-align: center\"><a href=\"https:\/\/www.bfv.cloud\/ajedrezeuropa\/wp-content\/uploads\/2023\/08\/620ROBERTO20MEJOR20TABLERO204.jpeg\" style=\"clear: right;margin-bottom: 1em;margin-left: auto;margin-right: auto\"><img loading=\"lazy\" decoding=\"async\" border=\"0\" data-original-height=\"1041\" data-original-width=\"1471\" height=\"226\" src=\"https:\/\/blogger.googleusercontent.com\/img\/b\/R29vZ2xl\/AVvXsEgFwcHcYiDIrip3MYE-S4jVQQ-LkiEPUfgWX26lrYuNSATWtI--5a18hPQOx9oD4bcY0vGyrg_2C062tBGeIRfW9-OTukFNkE4xIFwbN07XXgaWrKRsCxnzmXtL_QgKym7hsvh6xWTbVm_IlBshezb4yqiSYoG_cKGE2RB9KDyCs0ctfvh8jqsXyxvdDcI\/s320\/6%20ROBERTO%20MEJOR%20TABLERO%204.jpeg\" width=\"320\" \/><\/a><\/td>\n<\/tr>\n<tr>\n<td class=\"tr-caption\" style=\"text-align: center\">Roberto, mejor tablero 4<\/td>\n<\/tr>\n<\/tbody>\n<\/table>\n<\/h3>\n<div>\n<table cellpadding=\"0\" cellspacing=\"0\" class=\"tr-caption-container\" style=\"float: left\">\n<tbody>\n<tr>\n<td style=\"text-align: center\"><a href=\"https:\/\/www.bfv.cloud\/ajedrezeuropa\/wp-content\/uploads\/2023\/08\/520ALONSO20MEJOR20TABLERO202.jpeg\" style=\"clear: left;margin-bottom: 1em;margin-left: auto;margin-right: auto\"><img loading=\"lazy\" decoding=\"async\" border=\"0\" data-original-height=\"954\" data-original-width=\"798\" height=\"320\" src=\"https:\/\/blogger.googleusercontent.com\/img\/b\/R29vZ2xl\/AVvXsEgUBSgQjhr0o4JHeZUj7xr2H0LtrJ4YWK4CL-jYtNJursW-PXiGX1SLHUQRAP4b5N5uRS8KHRD920s8zD0GKD3jvxiMcpb7X2xVqI9efZ1gg2oNS0elUswHpTH6X0aFCfvxfk5qUEXYooNeHz0Q1nnGuWxIP9tt5JAvMZuZ3_U97RgUpukRCk7GcC1NFSU\/s320\/5%20ALONSO%20MEJOR%20TABLERO%202.jpeg\" width=\"268\" \/><\/a><\/td>\n<\/tr>\n<tr>\n<td class=\"tr-caption\" style=\"text-align: center\">Alonso, mejor tablero 2<\/td>\n<\/tr>\n<\/tbody>\n<\/table>\n<p><span style=\"font-size: 14.0pt;line-height: 107%\"><br \/><\/span><\/div>\n<h3 style=\"text-align: justify\"><span style=\"font-size: 14.0pt;line-height: 107%\">&nbsp;&nbsp;<\/p>\n<p><\/span><b><u><span style=\"font-size: 14.0pt;line-height: 107%\"><br \/><\/span><\/u><\/b><\/h3>\n<h3 style=\"text-align: justify\"><b><u><span style=\"font-size: 14.0pt;line-height: 107%\"><br \/><\/span><\/u><\/b><\/h3>\n<h3 style=\"text-align: justify\"><\/h3>\n<h3 style=\"text-align: justify\"><b><u><span style=\"font-size: 14.0pt;line-height: 107%\"><br \/><\/span><\/u><\/b><\/h3>\n<h3 style=\"text-align: justify\"><b><u><span style=\"font-size: 14.0pt;line-height: 107%\"><br \/><\/span><\/u><\/b><\/h3>\n<h3 style=\"text-align: justify\"><b><u><span style=\"font-size: 14.0pt;line-height: 107%\"><br \/><\/span><\/u><\/b><\/h3>\n<h3 style=\"text-align: justify\"><b><u><span style=\"font-size: 14.0pt;line-height: 107%\"><br \/><\/span><\/u><\/b><\/h3>\n<h3 style=\"text-align: justify\"><b><u><span style=\"font-size: 14.0pt;line-height: 107%\"><br \/><\/span><\/u><\/b><\/h3>\n<h3 style=\"text-align: justify\"><b><u><span style=\"font-size: 14.0pt;line-height: 107%\"><br \/><\/span><\/u><\/b><\/h3>\n<h3 style=\"text-align: justify\"><b><u><span style=\"font-size: 14.0pt;line-height: 107%\"><br \/><\/span><\/u><\/b><\/h3>\n<h3 style=\"text-align: justify\"><b><u><span style=\"font-size: 14.0pt;line-height: 107%\">El campeonato ha celebrado su 6\u00aa edici\u00f3n<\/span><\/u><\/b><\/h3>\n<h3 style=\"text-align: justify\"><b><u><span style=\"font-size: 14.0pt;line-height: 107%\"><br \/><\/span><\/u><\/b><span style=\"font-size: 14.0pt;line-height: 107%\">La modalidad rel\u00e1mpago (conocida por el nombre de blitz en el<br \/>\nmundo del ajedrez) es la m\u00e1s r\u00e1pida de cuantas se juegan en competiciones<br \/>\noficiales dentro del calendario nacional. Son partidas cuya duraci\u00f3n no puede<br \/>\nser superior a 10 minutos por jugador, dando lugar al juego m\u00e1s r\u00e1pido y<br \/>\nespectacular que existe en el ajedrez. Para ofrecer un buen rendimiento es<br \/>\nnecesaria una alta preparaci\u00f3n t\u00e9cnica y una fuerte mentalizaci\u00f3n, que muchas<br \/>\nveces requiere de entrenamiento psicol\u00f3gico para afrontar la ansiedad que puede<br \/>\nllegar a producir este tipo de competici\u00f3n.<\/span><\/h3>\n<h3 style=\"text-align: justify\"><span style=\"font-size: 14.0pt;line-height: 107%\"><br \/><\/span><b><u><span style=\"font-size: 14.0pt;line-height: 107%\">La participaci\u00f3n de Nuestro Ajedrez por la Igualdad<\/span><\/u><\/b><\/h3>\n<h3 style=\"text-align: justify\"><b><u><\/p>\n<table align=\"center\" cellpadding=\"0\" cellspacing=\"0\" class=\"tr-caption-container\" style=\"margin-left: auto;margin-right: auto\">\n<tbody>\n<tr>\n<td style=\"text-align: center\"><a href=\"https:\/\/www.bfv.cloud\/ajedrezeuropa\/wp-content\/uploads\/2023\/08\/420EQUIPO20IGUALDAD.jpeg\" style=\"margin-left: auto;margin-right: auto\"><img loading=\"lazy\" decoding=\"async\" border=\"0\" data-original-height=\"997\" data-original-width=\"1476\" height=\"432\" src=\"https:\/\/blogger.googleusercontent.com\/img\/b\/R29vZ2xl\/AVvXsEil8vmXi5LHBmVtSQRdhI7J8gcFcsXEkcJEgcixdeV5B6SaDgETbxs8NNNgY8_l99RhAvDzXlHFqXLpG91b1x1arnSEMhDOVAt_nJZyNnsxFFuj3suA8Bx1H4-BYvYuh-Ghj0_Hz2uuQpRo56yAAkHqjqbnvqvkP2Zz8eNCwX2-pYovNt4kvIKnVzHqGIE\/w640-h432\/4%20EQUIPO%20IGUALDAD.jpeg\" width=\"640\" \/><\/a><\/td>\n<\/tr>\n<tr>\n<td class=\"tr-caption\" style=\"text-align: center\">El equipo de Nuestro Ajedrez por la Igualdad en el campeonato<\/td>\n<\/tr>\n<\/tbody>\n<\/table>\n<p><span style=\"font-size: 14.0pt;line-height: 107%\"><br \/><\/span><\/u><\/b><span style=\"font-size: 14.0pt;line-height: 107%\">Por \u00faltimo, se\u00f1alar la presencia de un equipo del club <b>Nuestro<br \/>\nAjedrez por la Igualdad, <\/b>compuesto por: <b>Oswaldo Carbayo de Gracia<\/b>, <b>Rub\u00e9n<br \/>\nAlberca Escribano<\/b>, <b>\u00d3scar Ortega Olivares<\/b> y <b>Carlos Edmundo Morales<br \/>\nRodr\u00edguez<\/b>. Aunque finalmente ocup\u00f3 la 15\u00aa posici\u00f3n, la experiencia para todos<br \/>\nellos ha resultado muy positiva, sumando 2 puntos en la clasificaci\u00f3n general y<br \/>\nofreci\u00e9ndoles la oportunidad de medirse ante el tablero con jugadores de amplia<br \/>\nexperiencia en este tipo de torneos.<\/span><\/h3>\n<\/p>\n<p class=\"MsoNormal\" style=\"text-align: justify\">\n","protected":false},"excerpt":{"rendered":"<p>El equipo de Nuestro Ajedrez en Europa recogiendo el trofeo de campe\u00f3n regional &nbsp;El equipo absoluto del club Nuestro Ajedrez en Europa se alzaba con el trofeo de campe\u00f3n de Castilla-La Mancha en la modalidad rel\u00e1mpago (blitz) en el campeonato disputado el domingo pasado, d\u00eda 20 de agosto, en Tomelloso (Ciudad Real). Este nuevo t\u00edtulo [&hellip;]<\/p>\n","protected":false},"author":1,"featured_media":2869,"comment_status":"open","ping_status":"closed","sticky":false,"template":"","format":"standard","meta":{"footnotes":""},"categories":[1],"tags":[],"class_list":["post-2868","post","type-post","status-publish","format-standard","has-post-thumbnail","hentry","category-noticias"],"_links":{"self":[{"href":"https:\/\/www.bfv.cloud\/ajedrezeuropa\/wp-json\/wp\/v2\/posts\/2868","targetHints":{"allow":["GET"]}}],"collection":[{"href":"https:\/\/www.bfv.cloud\/ajedrezeuropa\/wp-json\/wp\/v2\/posts"}],"about":[{"href":"https:\/\/www.bfv.cloud\/ajedrezeuropa\/wp-json\/wp\/v2\/types\/post"}],"author":[{"embeddable":true,"href":"https:\/\/www.bfv.cloud\/ajedrezeuropa\/wp-json\/wp\/v2\/users\/1"}],"replies":[{"embeddable":true,"href":"https:\/\/www.bfv.cloud\/ajedrezeuropa\/wp-json\/wp\/v2\/comments?post=2868"}],"version-history":[{"count":1,"href":"https:\/\/www.bfv.cloud\/ajedrezeuropa\/wp-json\/wp\/v2\/posts\/2868\/revisions"}],"predecessor-version":[{"id":2876,"href":"https:\/\/www.bfv.cloud\/ajedrezeuropa\/wp-json\/wp\/v2\/posts\/2868\/revisions\/2876"}],"wp:featuredmedia":[{"embeddable":true,"href":"https:\/\/www.bfv.cloud\/ajedrezeuropa\/wp-json\/wp\/v2\/media\/2869"}],"wp:attachment":[{"href":"https:\/\/www.bfv.cloud\/ajedrezeuropa\/wp-json\/wp\/v2\/media?parent=2868"}],"wp:term":[{"taxonomy":"category","embeddable":true,"href":"https:\/\/www.bfv.cloud\/ajedrezeuropa\/wp-json\/wp\/v2\/categories?post=2868"},{"taxonomy":"post_tag","embeddable":true,"href":"https:\/\/www.bfv.cloud\/ajedrezeuropa\/wp-json\/wp\/v2\/tags?post=2868"}],"curies":[{"name":"wp","href":"https:\/\/api.w.org\/{rel}","templated":true}]}}