{"id":2877,"date":"2016-04-11T21:35:00","date_gmt":"2016-04-11T21:35:00","guid":{"rendered":"https:\/\/www.bfv.cloud\/ajedrezeuropa\/index.php\/2016\/04\/11\/campeonatos-y-torneos-con-participacion-de-nuestros-jugadores\/"},"modified":"2025-11-20T10:53:11","modified_gmt":"2025-11-20T10:53:11","slug":"campeonatos-y-torneos-con-participacion-de-nuestros-jugadores","status":"publish","type":"post","link":"https:\/\/www.bfv.cloud\/ajedrezeuropa\/campeonatos-y-torneos-con-participacion-de-nuestros-jugadores\/","title":{"rendered":"CAMPEONATOS Y TORNEOS CON PARTICIPACI\u00d3N DE NUESTROS JUGADORES"},"content":{"rendered":"<div style=\"margin-bottom: .0001pt;margin: 0cm;text-align: justify\">\n<span style=\"font-family: Arial, sans-serif;font-size: 14pt\">Los recientes fines de semana han sido fechas de competici\u00f3n para<br \/>\nalgunos de nuestros jugadores. Finalizado el Campeonato Regional por Edades y<br \/>\nel Internacional de La Roda, los ajedrecistas de nuestros clubes han comenzado,<br \/>\no en alg\u00fan caso finalizado, su participaci\u00f3n en distintos campeonatos y torneos<br \/>\nimportantes de partidas a ritmo lento.<\/span><\/div>\n<div style=\"margin-bottom: .0001pt;margin: 0cm;text-align: justify\">\n<span style=\"font-family: Arial, sans-serif;font-size: 14pt\">Siguiendo un orden cronol\u00f3gico, estas han sido sus actuaciones: <\/span><\/div>\n<div style=\"margin-bottom: .0001pt;margin: 0cm;text-align: justify\">\n<\/div>\n<div style=\"margin-bottom: .0001pt;margin: 0cm;text-align: justify\">\n<b><i><u><span style=\"font-size: 14.0pt\">CAMPEONATO<br \/>\nPROVINCIAL INDIVIDUAL DE TOLEDO<\/span><\/u><\/i><\/b><b><span style=\"color: blue;font-size: 14.0pt\"><\/span><\/b><\/div>\n<table cellpadding=\"0\" cellspacing=\"0\" class=\"tr-caption-container\" style=\"float: left;margin-right: 1em;text-align: left\">\n<tbody>\n<tr>\n<td style=\"text-align: center\"><a href=\"https:\/\/www.bfv.cloud\/ajedrezeuropa\/wp-content\/uploads\/2016\/04\/IMG_20160318_170501.jpg\" style=\"clear: left;margin-bottom: 1em;margin-left: auto;margin-right: auto\"><img fetchpriority=\"high\" decoding=\"async\" border=\"0\" height=\"240\" src=\"https:\/\/blogger.googleusercontent.com\/img\/b\/R29vZ2xl\/AVvXsEhpjkPBdu5moVhN3WsfMB6vsaB-FAcP2oaLEvI93UkrADFPFQkUqeer58qIr-Zi4b4Hbov3dGD4AnRGFWet0l3kDbX6hirO14lfMsA_yiITgui1wARl_nBeAY05KFPGt_8Vio9k6aE2YCI\/s320\/IMG_20160318_170501.jpg\" width=\"320\" \/><\/a><\/td>\n<\/tr>\n<tr>\n<td class=\"tr-caption\" style=\"text-align: center\">Alfredo Amador<\/td>\n<\/tr>\n<\/tbody>\n<\/table>\n<p><\/p>\n<table cellpadding=\"0\" cellspacing=\"0\" class=\"tr-caption-container\" style=\"float: right;margin-left: 1em;text-align: right\">\n<tbody>\n<tr>\n<td style=\"text-align: center\"><a href=\"https:\/\/www.bfv.cloud\/ajedrezeuropa\/wp-content\/uploads\/2016\/04\/IMG_20160319_155900.jpg\" style=\"clear: right;margin-bottom: 1em;margin-left: auto;margin-right: auto\"><img decoding=\"async\" border=\"0\" height=\"240\" src=\"https:\/\/blogger.googleusercontent.com\/img\/b\/R29vZ2xl\/AVvXsEiDUWyGit7dJ_fvVzKdB1eoec2nSVk0hQUB1pd9RtHDjSjCWa8Br8hFP1H0_vgYQmfrM0RCL2Umb0qQ3td9jQpwby-0rhyP5uI38GeLqO0l49MBMpe-Oea5RUoOhzwhpmOxIqvB1gWl-eo\/s320\/IMG_20160319_155900.jpg\" width=\"320\" \/><\/a><\/td>\n<\/tr>\n<tr>\n<td class=\"tr-caption\" style=\"text-align: center\">Alonso L\u00f3pez<\/td>\n<\/tr>\n<\/tbody>\n<\/table>\n<div style=\"margin-bottom: .0001pt;margin: 0cm;text-align: justify\">\n<span style=\"font-family: Arial, sans-serif;font-size: 14pt\">El<br \/>\ndomingo 3 de abril se clausuraba el Individual Absoluto de Toledo donde han<br \/>\nparticipado 39 jugadores de distintos clubes de la provincia. Nuestros equipos<br \/>\nestuvieron representados por 3 de los chicos de Mora pertenecientes a la<br \/>\nescuela de Villafranca, quedando todos ellos empatados con 3,5 puntos despu\u00e9s<br \/>\nde las 6 rondas disputadas. La actuaci\u00f3n de Alfredo, Roberto y Alonso ha tenido<br \/>\nmomentos destacados frente a duros rivales de categor\u00eda absoluta. El puesto<br \/>\nocupado en la<\/span><span style=\"font-family: Arial, sans-serif;font-size: 14pt\">&nbsp; <\/span><span style=\"font-family: Arial, sans-serif;font-size: 14pt\">clasificaci\u00f3n final y la<br \/>\nvariaci\u00f3n de ELO internacional ha sido:<\/span><\/div>\n<div style=\"margin-bottom: .0001pt;margin: 0cm;text-align: justify\">\n<\/div>\n<div style=\"margin-bottom: .0001pt;margin: 0cm;text-align: justify\">\n<b><span style=\"color: blue;font-size: 14.0pt\">Alfredo Amador And\u00fajar. <\/span><\/b><span style=\"color: blue;font-size: 14.0pt\">(13\u00ba); +<br \/>\n34 puntos ELO FIDE.<\/span><\/div>\n<div style=\"margin-bottom: .0001pt;margin: 0cm;text-align: justify\">\n<b><span style=\"color: blue;font-size: 14.0pt\">Roberto L\u00f3pez N\u00fa\u00f1ez. <\/span><\/b><span style=\"color: blue;font-size: 14.0pt\">(15\u00ba); &#8211;<br \/>\n4 puntos ELO FIDE.<\/span><\/div>\n<div style=\"margin-bottom: .0001pt;margin: 0cm;text-align: justify\">\n<b><span style=\"color: blue;font-size: 14.0pt\">Alonso L\u00f3pez N\u00fa\u00f1ez. <\/span><\/b><span style=\"color: blue;font-size: 14.0pt\">(17\u00ba); +<br \/>\n38 puntos ELO FIDE.<\/span><span style=\"font-size: 13.5pt\"><\/span><\/div>\n<table align=\"center\" cellpadding=\"0\" cellspacing=\"0\" class=\"tr-caption-container\" style=\"margin-left: auto;margin-right: auto;text-align: center\">\n<tbody>\n<tr>\n<td style=\"text-align: center\"><a href=\"https:\/\/www.bfv.cloud\/ajedrezeuropa\/wp-content\/uploads\/2016\/04\/IMG_20160320_100438.jpg\" style=\"margin-left: auto;margin-right: auto\"><img decoding=\"async\" border=\"0\" height=\"225\" src=\"https:\/\/blogger.googleusercontent.com\/img\/b\/R29vZ2xl\/AVvXsEim2Pno3a6fJ2oaONcnEZYP8An_iutiVw29B5OwNm1vQtu0qWAtSxC5u-K0z_yVhFgM1kYxMacbA95hTyycksHVHGX7p_9DZujRzmR-fBg1iW2xe_O_l4_juJfEr77YzRULR4QymfAtRS4\/s400\/IMG_20160320_100438.jpg\" width=\"400\" \/><\/a><\/td>\n<\/tr>\n<tr>\n<td class=\"tr-caption\" style=\"text-align: center\">Roberto L\u00f3pez<\/td>\n<\/tr>\n<\/tbody>\n<\/table>\n<div style=\"margin-bottom: .0001pt;margin: 0cm;text-align: justify\">\n<b><i><u><span style=\"font-size: 14.0pt\">CAMPEONATO<br \/>\nPROVINCIAL INDIVIDUAL DE CIUDAD REAL<\/span><\/u><\/i><\/b><\/div>\n<div style=\"margin-bottom: .0001pt;margin: 0cm;text-align: justify\">\n<b><i><u><span style=\"font-size: 14.0pt\"><\/p>\n<table cellpadding=\"0\" cellspacing=\"0\" class=\"tr-caption-container\" style=\"float: right;margin-left: 1em;text-align: right\">\n<tbody>\n<tr>\n<td style=\"text-align: center\"><a href=\"https:\/\/www.bfv.cloud\/ajedrezeuropa\/wp-content\/uploads\/2016\/04\/IMG_20160320_100110.jpg\" style=\"clear: right;margin-bottom: 1em;margin-left: auto;margin-right: auto\"><img loading=\"lazy\" decoding=\"async\" border=\"0\" height=\"241\" src=\"https:\/\/blogger.googleusercontent.com\/img\/b\/R29vZ2xl\/AVvXsEid2s9GRiKGhLCvrCZ_N871uLKs2V7NeGZ9yy1mUYh8ICAzdiSU1vmgfir4b6qqjQ9YLfau8ODCvxr98zzzPCtxWCf1YIm1CsIswB2lBOajY7-w6h1Q-sVCcJLT88D9OYylH5n9nS-fjRk\/s320\/IMG_20160320_100110.jpg\" width=\"320\" \/><\/a><\/td>\n<\/tr>\n<tr>\n<td class=\"tr-caption\" style=\"text-align: center\">Rafael Carrasco<\/td>\n<\/tr>\n<\/tbody>\n<\/table>\n<p><\/span><\/u><\/i><\/b><\/div>\n<p><b><i><u><br \/><\/u><\/i><\/b><\/p>\n<table cellpadding=\"0\" cellspacing=\"0\" class=\"tr-caption-container\" style=\"float: left;margin-right: 1em;text-align: left\">\n<tbody>\n<tr>\n<td style=\"text-align: center\"><a href=\"https:\/\/www.bfv.cloud\/ajedrezeuropa\/wp-content\/uploads\/2016\/04\/IMG_20160320_160209.jpg\" style=\"clear: left;margin-bottom: 1em;margin-left: auto;margin-right: auto\"><img loading=\"lazy\" decoding=\"async\" border=\"0\" height=\"240\" src=\"https:\/\/blogger.googleusercontent.com\/img\/b\/R29vZ2xl\/AVvXsEhb0rkukBXck0vTPQUK2THP990-ZhH-Lo5HZ89iX8Op7gCiJoQkDLt-V6WE1I3uPF87oFh_v45pwFGdYPQXl-kJY3r-ijfTAoRUE7essJVq4aAA6-s0-e9J_38A1fdK48rr5Va6dSxfRo4\/s320\/IMG_20160320_160209.jpg\" width=\"320\" \/><\/a><\/td>\n<\/tr>\n<tr>\n<td class=\"tr-caption\" style=\"text-align: center\">Nuria Lozano&nbsp;<\/td>\n<\/tr>\n<\/tbody>\n<\/table>\n<p><\/p>\n<div style=\"margin-bottom: .0001pt;margin: 0cm;text-align: justify\">\n<span style=\"font-size: 14.0pt\">La<br \/>\npoblaci\u00f3n de Bola\u00f1os de Calatrava acoge desde el 10 de abril el Individual<br \/>\nAbsoluto de Ciudad Real con 48 jugadores en liza. Despu\u00e9s de 5 rondas, el<br \/>\nalcazare\u00f1o Javier Valdepe\u00f1as, se ha situado en el grupo de 6 jugadores que<br \/>\nlideran la clasificaci\u00f3n provisional. En la 8\u00aa plaza se encuentra otro de los<br \/>\njugadores de NUESTRO AJEDREZ EN EUROPA, el ciudarreale\u00f1o Carlos \u00c1lvarez, a solo<br \/>\nmedio punto de ese primer grupo que lidera el MF V\u00edctor Fern\u00e1ndez. En el<br \/>\ncampeonato tambi\u00e9n est\u00e1n participando 3 jovenc\u00edsimas promesas de nuestro<br \/>\najedrez: Nuria, Rafael y \u00c1ngel. Estas son sus puntuaciones hasta el momento:<\/span><\/div>\n<div style=\"margin-bottom: .0001pt;margin: 0cm;text-align: justify\">\n<\/div>\n<div style=\"margin-bottom: .0001pt;margin: 0cm;text-align: justify\">\n<b><span style=\"color: blue;font-size: 14.0pt\">Javier Valdepe\u00f1as Octavio. <\/span><\/b><span style=\"color: blue;font-size: 14.0pt\">4 puntos<\/span><span style=\"font-size: 14.0pt\"><\/span><\/div>\n<div style=\"margin-bottom: .0001pt;margin: 0cm;text-align: justify\">\n<b><span style=\"color: blue;font-size: 14.0pt\">Carlos \u00c1lvarez Serrano. <\/span><\/b><span style=\"color: blue;font-size: 14.0pt\">3,5<br \/>\npuntos <b><\/b><\/span><\/div>\n<div style=\"margin-bottom: .0001pt;margin: 0cm;text-align: justify\">\n<b><span style=\"color: blue;font-size: 14.0pt\">Nuria Lozano Serrano. <\/span><\/b><span style=\"color: blue;font-size: 14.0pt\">2 puntos<br \/>\n<\/span><\/div>\n<div style=\"margin-bottom: .0001pt;margin: 0cm;text-align: justify\">\n<b><span style=\"color: blue;font-size: 14.0pt\">Rafael Carrasco Bl\u00e1zquez. <\/span><\/b><span style=\"color: blue;font-size: 14.0pt\">1,5<br \/>\npuntos<b><\/b><\/span><\/div>\n<div style=\"margin-bottom: .0001pt;margin: 0cm;text-align: justify\">\n<b><span style=\"color: blue;font-size: 14.0pt\">\u00c1ngel Carrasco Bl\u00e1zquez. <\/span><\/b><span style=\"color: blue;font-size: 14.0pt\">1,5<br \/>\npuntos<b><\/b><\/span><\/div>\n<div style=\"margin-bottom: .0001pt;margin: 0cm;text-align: justify\">\n<\/div>\n<div style=\"margin-bottom: .0001pt;margin: 0cm;text-align: justify\">\n<span style=\"font-size: 14.0pt\">Este<br \/>\ndomingo 17 de abril finalizar\u00e1 el campeonato con la disputa de la 6\u00aa y 7\u00aa<br \/>\nronda. Los resultados y emparejamientos de este campeonato se pueden seguir a<br \/>\ntrav\u00e9s de la p\u00e1gina info64.org<\/span><\/div>\n<div style=\"margin-bottom: .0001pt;margin: 0cm;text-align: justify\">\n<\/div>\n<div style=\"margin-bottom: .0001pt;margin: 0cm;text-align: justify\">\n<b><i><u><span style=\"font-size: 14.0pt\">XXVI<br \/>\nTORNEO SAN VIATOR<\/span><\/u><\/i><\/b><\/div>\n<div class=\"separator\" style=\"clear: both;text-align: center\">\n<a href=\"http:\/\/www.ajedrezsanviator.com\/wp-content\/uploads\/2016\/02\/XXVI-Sanvi.jpg\" style=\"clear: left;float: left;margin-bottom: 1em;margin-right: 1em\"><img loading=\"lazy\" decoding=\"async\" border=\"0\" height=\"256\" src=\"http:\/\/www.ajedrezsanviator.com\/wp-content\/uploads\/2016\/02\/XXVI-Sanvi.jpg\" width=\"640\" \/><\/a><\/div>\n<div style=\"margin-bottom: .0001pt;margin: 0cm;text-align: justify\">\n<\/div>\n<div style=\"margin-bottom: .0001pt;margin: 0cm;text-align: justify\">\n<span style=\"font-size: 14.0pt\">La<br \/>\n2\u00aa ronda de la XXVI edici\u00f3n del San Viator se celebraba el domingo pasado por<br \/>\nla ma\u00f1ana. El torneo cuenta con dos grupos de juego, y dentro del \u201cB\u201d se sit\u00faan<br \/>\n4 ajedrecistas de la e<\/span><span style=\"font-family: Arial, sans-serif;font-size: 14pt\">scuela de Villafranca:<\/span><b><span style=\"color: blue;font-size: 14.0pt\"><br \/>\nRoberto L\u00f3pez N\u00fa\u00f1ez, Irene Sim\u00f3n Escalona, Alfredo Amador And\u00fajar y Alonso<br \/>\nL\u00f3pez N\u00fa\u00f1ez.<\/span><\/b><span style=\"font-family: Arial, sans-serif;font-size: 14pt\"> Los 105 participantes en este grupo B tienen<br \/>\npor delante 7 domingos m\u00e1s de competici\u00f3n. Tras los dos primeros<br \/>\nemparejamientos, nuestros 4 jugadores han quedado encuadrados en el grupo de<br \/>\n1,5 puntos. La 3\u00aa ronda comenzar\u00e1 a las 10 de la ma\u00f1ana del pr\u00f3ximo domingo 17<br \/>\nde abril.<\/span><\/div>\n<p><\/p>\n<div style=\"margin-bottom: .0001pt;margin: 0cm;text-align: justify\">\n<span style=\"font-size: 14.0pt\">Para<br \/>\nver los resultados y clasificaciones, as\u00ed como poder descargar algunas de las<br \/>\npartidas, os dejamos el acceso a la p\u00e1gina del torneo en Chess-Results: &nbsp; &nbsp; &nbsp; &nbsp; &nbsp; &nbsp;<a href=\"http:\/\/chess-results.com\/tnr209849.aspx?lan=2&amp;art=2&amp;rd=3&amp;flag=30&amp;wi=821\">TORNEO SAN VIATOR GRUPO B &#8211; RONDA 3<\/a><\/span><\/div>\n","protected":false},"excerpt":{"rendered":"<p>Los recientes fines de semana han sido fechas de competici\u00f3n para algunos de nuestros jugadores. Finalizado el Campeonato Regional por Edades y el Internacional de La Roda, los ajedrecistas de nuestros clubes han comenzado, o en alg\u00fan caso finalizado, su participaci\u00f3n en distintos campeonatos y torneos importantes de partidas a ritmo lento. Siguiendo un orden [&hellip;]<\/p>\n","protected":false},"author":1,"featured_media":2878,"comment_status":"open","ping_status":"closed","sticky":false,"template":"","format":"standard","meta":{"footnotes":""},"categories":[1],"tags":[],"class_list":["post-2877","post","type-post","status-publish","format-standard","has-post-thumbnail","hentry","category-noticias"],"_links":{"self":[{"href":"https:\/\/www.bfv.cloud\/ajedrezeuropa\/wp-json\/wp\/v2\/posts\/2877","targetHints":{"allow":["GET"]}}],"collection":[{"href":"https:\/\/www.bfv.cloud\/ajedrezeuropa\/wp-json\/wp\/v2\/posts"}],"about":[{"href":"https:\/\/www.bfv.cloud\/ajedrezeuropa\/wp-json\/wp\/v2\/types\/post"}],"author":[{"embeddable":true,"href":"https:\/\/www.bfv.cloud\/ajedrezeuropa\/wp-json\/wp\/v2\/users\/1"}],"replies":[{"embeddable":true,"href":"https:\/\/www.bfv.cloud\/ajedrezeuropa\/wp-json\/wp\/v2\/comments?post=2877"}],"version-history":[{"count":1,"href":"https:\/\/www.bfv.cloud\/ajedrezeuropa\/wp-json\/wp\/v2\/posts\/2877\/revisions"}],"predecessor-version":[{"id":2883,"href":"https:\/\/www.bfv.cloud\/ajedrezeuropa\/wp-json\/wp\/v2\/posts\/2877\/revisions\/2883"}],"wp:featuredmedia":[{"embeddable":true,"href":"https:\/\/www.bfv.cloud\/ajedrezeuropa\/wp-json\/wp\/v2\/media\/2878"}],"wp:attachment":[{"href":"https:\/\/www.bfv.cloud\/ajedrezeuropa\/wp-json\/wp\/v2\/media?parent=2877"}],"wp:term":[{"taxonomy":"category","embeddable":true,"href":"https:\/\/www.bfv.cloud\/ajedrezeuropa\/wp-json\/wp\/v2\/categories?post=2877"},{"taxonomy":"post_tag","embeddable":true,"href":"https:\/\/www.bfv.cloud\/ajedrezeuropa\/wp-json\/wp\/v2\/tags?post=2877"}],"curies":[{"name":"wp","href":"https:\/\/api.w.org\/{rel}","templated":true}]}}