{"id":2884,"date":"2012-07-31T10:11:00","date_gmt":"2012-07-31T10:11:00","guid":{"rendered":"https:\/\/www.bfv.cloud\/ajedrezeuropa\/index.php\/2012\/07\/31\/inauguracion-del-v-campus-en-alcazar-de-san-juan\/"},"modified":"2025-11-20T10:53:17","modified_gmt":"2025-11-20T10:53:17","slug":"inauguracion-del-v-campus-en-alcazar-de-san-juan","status":"publish","type":"post","link":"https:\/\/www.bfv.cloud\/ajedrezeuropa\/inauguracion-del-v-campus-en-alcazar-de-san-juan\/","title":{"rendered":"INAUGURACI\u00d3N DEL V CAMPUS EN ALC\u00c1ZAR DE SAN JUAN"},"content":{"rendered":"<p>&nbsp;<span style=\"color: #274e13;font-family: Verdana, sans-serif\">Ayer lunes 30 de julio daba comienzo el V CAMPUS DE PERFECCIONAMIENTO DE VERANO que se enmarca dentro de las actividades anuales que desarrolla el proyecto NUESTRO AJEDREZ EN EUROPA. Con motivo de esta 5\u00aa edici\u00f3n se ha preparado una exposici\u00f3n fotogr\u00e1fica retrospectiva desde la puesta en marcha del proyecto en 2008, una exposici\u00f3n de los premios y trofeos m\u00e1s importantes logrados por los equipos de los clubes y las escuelas durante las \u00faltimas temporadas y, finalmente, una breve presentaci\u00f3n&nbsp;explicativa de los programas formativos y deportivos que se realizan.&nbsp;<\/span>\ufeff\ufeff <\/p>\n<table align=\"center\" cellpadding=\"0\" cellspacing=\"0\" class=\"tr-caption-container\" style=\"margin-left: auto;margin-right: auto;text-align: center\">\n<tbody>\n<tr>\n<td style=\"text-align: center\"><a href=\"https:\/\/www.bfv.cloud\/ajedrezeuropa\/wp-content\/uploads\/2012\/07\/fotosinauguraci25C325B3nVCAMPUS2012018.jpg\" style=\"margin-left: auto;margin-right: auto\"><img fetchpriority=\"high\" decoding=\"async\" border=\"0\" height=\"300\" src=\"https:\/\/blogger.googleusercontent.com\/img\/b\/R29vZ2xl\/AVvXsEi9uNgmtgTCxIJ4_QF-VyX6VsGbN9Q1w-YLQqbNm55SnobzVj7nq84MVJrTQOZNAzPVYA9r1YC1Web0VJdVpt8GstjtPsXPQfJT8ZuaaeDUuW7FKHq1-3GbU1GdnHRQAIe5YadJfpThhz8\/s400\/fotos+inauguraci%25C3%25B3n+V+CAMPUS+2012+018.jpg\" width=\"400\" \/><\/a><\/td>\n<\/tr>\n<tr>\n<td class=\"tr-caption\" style=\"text-align: center\">Sobre el escenario, el alcalde de Alc\u00e1zar, Diego Ortega, y la concejala<br \/>\nde Educaci\u00f3n y Juventud, Laura Alaminos, acompa\u00f1an a los<br \/>\nentrenadores y monitores del campus<\/td>\n<\/tr>\n<\/tbody>\n<\/table>\n<p><span style=\"color: #274e13;font-family: Verdana, sans-serif\">Como&nbsp;ya es habitual,&nbsp;el acto inaugural cont\u00f3 con la presencia de los&nbsp;responsables institucionales de los ayuntamientos que apoyan y financian este proyecto, adem\u00e1s de familiares, padres y madres de los alumnos y alumnas de nuestras 2 escuelas de ajedrez. Desde la organizaci\u00f3n del proyecto queremos agradecer a todos su participaci\u00f3n y su esfuerzo continuado. Por eso debemos remarcar el mantenimiento de una participaci\u00f3n muy importante en este campus, a pesar de la preocupante situaci\u00f3n econ\u00f3mica que vive nuestro pa\u00eds. &nbsp;<\/span>\ufeff\ufeff\ufeff\ufeff\ufeff\ufeff\ufeff <\/p>\n<table align=\"center\" cellpadding=\"0\" cellspacing=\"0\" class=\"tr-caption-container\" style=\"margin-left: auto;margin-right: auto;text-align: center\">\n<tbody>\n<tr>\n<td style=\"text-align: center\"><a href=\"https:\/\/www.bfv.cloud\/ajedrezeuropa\/wp-content\/uploads\/2012\/07\/fotosinauguraciC3B3nVCAMPUS2012025.jpg\" style=\"margin-left: auto;margin-right: auto\"><img decoding=\"async\" border=\"0\" height=\"300\" src=\"https:\/\/blogger.googleusercontent.com\/img\/b\/R29vZ2xl\/AVvXsEiHUZfW2ycQYokO4V5CcFIwldeDUoq9k3Bjn8Io-MLiFDbhhT4Nues-_WigoOL9U-G02Od4NUliVpowH1WHMTvPn39LNrYk-prf5Gjik24d3XYkfdazkv0VrO0tZfgCkyQV3rf-zcfM31w\/s400\/fotos+inauguraci%C3%B3n+V+CAMPUS+2012+025.jpg\" width=\"400\" \/><\/a><\/td>\n<\/tr>\n<tr>\n<td class=\"tr-caption\" style=\"text-align: center\">Durante el acto inaugural se realiz\u00f3 un reconocimiento a los <br \/>\nequipos sub-16 del club NUESTRO AJEDREZ EN EUROPA de <br \/>\nlas temporadas 2011 y 2012<\/td>\n<\/tr>\n<\/tbody>\n<\/table>\n<p>\ufeff\ufeff\ufeff\ufeff\ufeff\ufeff\ufeff <\/p>\n<table cellpadding=\"0\" cellspacing=\"0\" class=\"tr-caption-container\" style=\"margin-left: auto;margin-right: auto;text-align: center\">\n<tbody>\n<tr>\n<td style=\"text-align: center\"><a href=\"https:\/\/www.bfv.cloud\/ajedrezeuropa\/wp-content\/uploads\/2012\/07\/fotosinauguraciC3B3nVCAMPUS2012022.jpg\" style=\"clear: right;margin-bottom: 1em;margin-left: auto;margin-right: auto\"><img decoding=\"async\" border=\"0\" height=\"300\" src=\"https:\/\/blogger.googleusercontent.com\/img\/b\/R29vZ2xl\/AVvXsEhbnCIbN-hgi6L5ZIYl7gvtpzyy1wgyQP3hdZKTVbe75j-wx3VdOgJJT3dTKmudtTdyPwRWJqayvYqzKVXjbH0_bihI7Mh-1CpvlrOS7-MqXk562UWmsCCnZ43akW9zzmci9GKtLUfoz6s\/s400\/fotos+inauguraci%C3%B3n+V+CAMPUS+2012+022.jpg\" width=\"400\" \/><\/a><\/td>\n<\/tr>\n<tr>\n<td class=\"tr-caption\" style=\"text-align: center\">Diego Ortega, alcalde de Alc\u00e1zar de San Juan, y Laura Alaminos,<br \/>\nconcejala de Educaci\u00f3n y Juventud,&nbsp;asistieron a la <br \/>\npresentaci\u00f3n especial&nbsp;con la que se inici\u00f3 el acto<\/td>\n<\/tr>\n<\/tbody>\n<\/table>\n<p><span style=\"color: #274e13;font-family: Verdana, sans-serif\">El campus de 2012 cuenta con la presencia de&nbsp;30 alumnos con una importante participaci\u00f3n femenina y sigue con la estructura organizativa de anteriores a\u00f1os. Durante hoy y ma\u00f1ana se completar\u00e1 la fase de clases en Alc\u00e1zar y durante el jueves, viernes y s\u00e1bado se continuar\u00e1 en Villafranca, dejando para el s\u00e1bado a partir de las 7,30 de la tarde&nbsp;el acto de clausura en Villafranca de los Caballeros.&nbsp;<\/span>\ufeff\ufeff\ufeff\ufeff\ufeff\ufeff\ufeff\ufeff\ufeff <\/p>\n<table cellpadding=\"0\" cellspacing=\"0\" class=\"tr-caption-container\" style=\"margin-left: auto;margin-right: auto;text-align: center\">\n<tbody>\n<tr>\n<td style=\"text-align: center\"><a href=\"https:\/\/www.bfv.cloud\/ajedrezeuropa\/wp-content\/uploads\/2012\/07\/fotosinauguraciC3B3nVCAMPUS2012010.jpg\" style=\"clear: right;margin-bottom: 1em;margin-left: auto;margin-right: auto\"><img loading=\"lazy\" decoding=\"async\" border=\"0\" height=\"300\" src=\"https:\/\/blogger.googleusercontent.com\/img\/b\/R29vZ2xl\/AVvXsEiuv1oMRDALD9hnrKtwsTmAIZrUfXnhSaT17d9Bs0VBKh5Jc3Gv7Z1aVxe2h7Kj9yI5JEMH34d0HhjAr6rvtgTYWc3bsEwf_5EHr_2NXGMhAm_ts3GCwIiqaJs4CAIsQZ0NXhrl2M6-FB4\/s400\/fotos+inauguraci%C3%B3n+V+CAMPUS+2012+010.jpg\" width=\"400\" \/><\/a><\/td>\n<\/tr>\n<tr>\n<td class=\"tr-caption\" style=\"text-align: center\">En la rueda de prensa previa a la inauguraci\u00f3n se explic\u00f3 el <br \/>\ncontenido de la muestra fotogr\u00e1fica y de trofeos que<br \/>\nse hab\u00eda preparado con motivo de esta 5\u00aa edici\u00f3n del campus<\/td>\n<\/tr>\n<\/tbody>\n<\/table>\n<p>\ufeff\ufeff\ufeff\ufeff\ufeff\ufeff\ufeff<\/p>\n","protected":false},"excerpt":{"rendered":"<p>&nbsp;Ayer lunes 30 de julio daba comienzo el V CAMPUS DE PERFECCIONAMIENTO DE VERANO que se enmarca dentro de las actividades anuales que desarrolla el proyecto NUESTRO AJEDREZ EN EUROPA. Con motivo de esta 5\u00aa edici\u00f3n se ha preparado una exposici\u00f3n fotogr\u00e1fica retrospectiva desde la puesta en marcha del proyecto en 2008, una exposici\u00f3n de [&hellip;]<\/p>\n","protected":false},"author":1,"featured_media":2885,"comment_status":"open","ping_status":"closed","sticky":false,"template":"","format":"standard","meta":{"footnotes":""},"categories":[1],"tags":[],"class_list":["post-2884","post","type-post","status-publish","format-standard","has-post-thumbnail","hentry","category-noticias"],"_links":{"self":[{"href":"https:\/\/www.bfv.cloud\/ajedrezeuropa\/wp-json\/wp\/v2\/posts\/2884","targetHints":{"allow":["GET"]}}],"collection":[{"href":"https:\/\/www.bfv.cloud\/ajedrezeuropa\/wp-json\/wp\/v2\/posts"}],"about":[{"href":"https:\/\/www.bfv.cloud\/ajedrezeuropa\/wp-json\/wp\/v2\/types\/post"}],"author":[{"embeddable":true,"href":"https:\/\/www.bfv.cloud\/ajedrezeuropa\/wp-json\/wp\/v2\/users\/1"}],"replies":[{"embeddable":true,"href":"https:\/\/www.bfv.cloud\/ajedrezeuropa\/wp-json\/wp\/v2\/comments?post=2884"}],"version-history":[{"count":1,"href":"https:\/\/www.bfv.cloud\/ajedrezeuropa\/wp-json\/wp\/v2\/posts\/2884\/revisions"}],"predecessor-version":[{"id":2889,"href":"https:\/\/www.bfv.cloud\/ajedrezeuropa\/wp-json\/wp\/v2\/posts\/2884\/revisions\/2889"}],"wp:featuredmedia":[{"embeddable":true,"href":"https:\/\/www.bfv.cloud\/ajedrezeuropa\/wp-json\/wp\/v2\/media\/2885"}],"wp:attachment":[{"href":"https:\/\/www.bfv.cloud\/ajedrezeuropa\/wp-json\/wp\/v2\/media?parent=2884"}],"wp:term":[{"taxonomy":"category","embeddable":true,"href":"https:\/\/www.bfv.cloud\/ajedrezeuropa\/wp-json\/wp\/v2\/categories?post=2884"},{"taxonomy":"post_tag","embeddable":true,"href":"https:\/\/www.bfv.cloud\/ajedrezeuropa\/wp-json\/wp\/v2\/tags?post=2884"}],"curies":[{"name":"wp","href":"https:\/\/api.w.org\/{rel}","templated":true}]}}