{"id":289,"date":"2012-06-27T22:54:00","date_gmt":"2012-06-27T22:54:00","guid":{"rendered":"https:\/\/www.bfv.cloud\/ajedrezeuropa\/index.php\/2012\/06\/27\/v-campus-de-verano-nuestro-ajedrez-en-europa\/"},"modified":"2025-11-20T10:15:43","modified_gmt":"2025-11-20T10:15:43","slug":"v-campus-de-verano-nuestro-ajedrez-en-europa","status":"publish","type":"post","link":"https:\/\/www.bfv.cloud\/ajedrezeuropa\/v-campus-de-verano-nuestro-ajedrez-en-europa\/","title":{"rendered":"\u00abV CAMPUS DE VERANO NUESTRO AJEDREZ EN EUROPA\u00bb"},"content":{"rendered":"<div class=\"separator\" style=\"border-bottom: medium none;border-left: medium none;border-right: medium none;border-top: medium none;clear: both;text-align: center\"><a href=\"https:\/\/www.bfv.cloud\/ajedrezeuropa\/wp-content\/uploads\/2012\/06\/tripticodelvcampusnuevo.jpg\" style=\"clear: right;float: right;margin-bottom: 1em;margin-left: 1em\"><img fetchpriority=\"high\" decoding=\"async\" border=\"0\" height=\"282\" src=\"https:\/\/blogger.googleusercontent.com\/img\/b\/R29vZ2xl\/AVvXsEjpeuj4B8C1tTz824lsviMznlyo9G4C_NDSp8MxjL0ZpdojPpHhAvyVwfrUbbIvkhtlQoe7-n8KIz-IxqUN3mIDQW4_abBFyNSV8lksmxjlAKa_OaN7Zd0nRt9J04PKGU-OdQL74NFLGJ4\/s400\/triptico+del+v+campus+nuevo.JPG\" width=\"400\" \/><\/a><\/div>\n<p><span style=\"color: blue;, Arial, Helvetica, sans-serif\"><strong>&nbsp;Todo est\u00e1 preparado para la celebraci\u00f3n de la 5\u00aa edici\u00f3n del campus de verano de ajedrez que organizan y promueven los ayuntamientos de Alc\u00e1zar de San Juan y Villafranca de los Caballeros a trav\u00e9s de sus escuelas deportivas municipales de ajedrez. Fruto de esta colaboraci\u00f3n, en el verano de 2007, nac\u00eda este campus como una actividad formativa espec\u00edfica dentro del proyecto \u201cNuestro Ajedrez en Europa\u201d. Durante estos a\u00f1os se ha confirmado como una herramienta muy importante en beneficio de todos los grados de conocimiento desde el m\u00e1s b\u00e1sico al de mayor preparaci\u00f3n t\u00e9cnica.<\/strong><\/span><br \/>\n<span style=\"color: blue;, Arial, Helvetica, sans-serif\"><strong>En 2012 seguimos confiando en los excepcionales grandes maestros y preparadores que han elevado a \u201cNuestro Ajedrez en Europa\u201d al primer escal\u00f3n nacional en cuanto a deporte de chicos y chicas de hasta 16 a\u00f1os se refiere.<\/strong><\/span><span style=\", Arial, Helvetica, sans-serif\"><br \/>\n<span style=\"color: blue\"><strong><\/strong><\/span><\/span><br \/>\n<span style=\"color: blue;, Arial, Helvetica, sans-serif\"><strong>En 2012 mantenemos el objetivo de facilitar el acceso a esta gran experiencia a todos los chicos y chicas de nuestras escuelas de ajedrez de Alc\u00e1zar y Villafranca mediante un precio asequible a todas las econom\u00edas: <u><span style=\"color: red\">75 \u20ac por alumno o alumna.<\/span><\/u><\/strong><\/span><span style=\", Arial, Helvetica, sans-serif\"><br \/>\n<span style=\"color: blue\"><strong><\/strong><\/span><\/span><\/p>\n<div style=\"border-bottom: medium none;border-left: medium none;border-right: medium none;border-top: medium none\"><a href=\"https:\/\/www.bfv.cloud\/ajedrezeuropa\/wp-content\/uploads\/2012\/06\/tripticodelvcampusnuevo2.jpg\" style=\"clear: right;float: right;margin-bottom: 1em;margin-left: 1em\"><img decoding=\"async\" border=\"0\" height=\"282\" src=\"https:\/\/blogger.googleusercontent.com\/img\/b\/R29vZ2xl\/AVvXsEhgArZR7hIls7km_Tvl3CT-Hgr8qn1Z-xcYsSgEHRkb5DxFR1TqMc2BJQ0NO1G35Kc20AMRP516DlY1kQpRuZoLRAm_l4e-Aj5yPuzgB8de7z_8M8V7RITvRIj7lLVlWGORn2NV68Oa3qo\/s400\/triptico+del+v+campus+nuevo+2.JPG\" width=\"400\" \/><\/a><span style=\"color: blue;, Arial, Helvetica, sans-serif\"><strong>Con la mirada puesta en los retos de las grandes competiciones en las que participamos, pero sin olvidar a los ni\u00f1os y ni\u00f1as que se inician en este apasionante \u201cdeporte de la mente atl\u00e9tica\u201d, vamos a aprovechar la&nbsp;repercusi\u00f3n medi\u00e1tica del campus&nbsp;para reivindicar la implantaci\u00f3n en Espa\u00f1a del proyecto \u201cAJEDREZ EN LA ESCUELA\u201d aprobado recientemente por el Parlamento Europeo.<\/strong><\/span><span style=\", Arial, Helvetica, sans-serif\"><br \/>\n<span style=\"color: blue\"><strong><\/strong><\/span><\/span><\/div>\n<div style=\"border-bottom: medium none;border-left: medium none;border-right: medium none;border-top: medium none\"><span style=\"color: blue;, Arial, Helvetica, sans-serif\"><strong>En el aspecto puramente informativo sobre las actividades que se desarrollar\u00e1n, el tr\u00edptico&nbsp;contiene todos los datos con fechas, lugares y horarios. <\/strong><\/span><span style=\", Arial, Helvetica, sans-serif\"><br \/>\n<span style=\"color: blue\"><strong><\/strong><\/span><\/span><\/div>\n<div style=\"border-bottom: medium none;border-left: medium none;border-right: medium none;border-top: medium none\"><span style=\"color: blue;, Arial, Helvetica, sans-serif\"><strong>Recordamos que, al igual que el a\u00f1o pasado, <u>hemos reservado 8 plazas para chicos y chicas que aunque no pertenezcan a ninguna de nuestras escuelas quieran conocer la experiencia del campus; para ellos el precio es de 120 \u20ac<\/u> siendo el resto de las condiciones id\u00e9nticas que para los dem\u00e1s. <\/strong><\/span><span style=\", Arial, Helvetica, sans-serif\"><br \/>\n<span style=\"color: blue\"><strong><\/strong><\/span><\/span><\/div>\n<div style=\"border-bottom: medium none;border-left: medium none;border-right: medium none;border-top: medium none\"><span style=\"color: blue;, Arial, Helvetica, sans-serif\"><strong>\u00a1\u00a1BIENVENIDOS AL AJEDREZ, EL MEJOR EJERCICIO PARA LA MENTE!! <\/strong><\/span><\/div>\n<div style=\"border-bottom: medium none;border-left: medium none;border-right: medium none;border-top: medium none\">\n<\/div>\n<div style=\"border-bottom: medium none;border-left: medium none;border-right: medium none;border-top: medium none\"><strong><span style=\"color: purple;, Arial, Helvetica, sans-serif\">RECORDAMOS A LOS ALUMNOS Y ALUMNAS DE LA ESCUELA DE VILLAFRANCA QUE ESTE S\u00c1BADO 30 DE JUNIO LAS CLASES SE IMPARTIR\u00c1N EN HORARIO DE MA\u00d1ANA.<\/span><\/strong><\/div>\n<div class=\"separator\" style=\"clear: both;text-align: center\"><\/div>\n<div class=\"separator\" style=\"border-bottom: medium none;border-left: medium none;border-right: medium none;border-top: medium none;clear: both;text-align: center\"><a href=\"https:\/\/www.bfv.cloud\/ajedrezeuropa\/wp-content\/uploads\/2012\/06\/carteldelvcampusenJPG.jpg\" style=\"margin-left: 1em;margin-right: 1em\"><img decoding=\"async\" border=\"0\" height=\"282\" src=\"https:\/\/blogger.googleusercontent.com\/img\/b\/R29vZ2xl\/AVvXsEjgMEDZhaS9l5g-3ztyOD6NeH_c-uhhZWXP28S4WZ5w5rRMfnHNDjZLbE9WIB3A48yF_Nm2j4dsssFpF158f8bJckvW7nVmAu3pvNkrlGi8iFRaQyfHYC2YPEfQuhA_19Yu-EMEq3I26wY\/s400\/cartel+del+v+campus+en+JPG.JPG\" width=\"400\" \/><\/a><\/div>\n<p><img loading=\"lazy\" decoding=\"async\" height=\"67\" src=\"https:\/\/blogger.googleusercontent.com\/img\/b\/R29vZ2xl\/AVvXsEhgArZR7hIls7km_Tvl3CT-Hgr8qn1Z-xcYsSgEHRkb5DxFR1TqMc2BJQ0NO1G35Kc20AMRP516DlY1kQpRuZoLRAm_l4e-Aj5yPuzgB8de7z_8M8V7RITvRIj7lLVlWGORn2NV68Oa3qo\/s400\/triptico+del+v+campus+nuevo+2.JPG\" style=\"left: 525px;opacity: 0.3;position: absolute;top: 875px\" width=\"96\" \/><\/p>\n","protected":false},"excerpt":{"rendered":"<p>&nbsp;Todo est\u00e1 preparado para la celebraci\u00f3n de la 5\u00aa edici\u00f3n del campus de verano de ajedrez que organizan y promueven los ayuntamientos de Alc\u00e1zar de San Juan y Villafranca de los Caballeros a trav\u00e9s de sus escuelas deportivas municipales de ajedrez. Fruto de esta colaboraci\u00f3n, en el verano de 2007, nac\u00eda este campus como una [&hellip;]<\/p>\n","protected":false},"author":1,"featured_media":290,"comment_status":"open","ping_status":"closed","sticky":false,"template":"","format":"standard","meta":{"footnotes":""},"categories":[1],"tags":[],"class_list":["post-289","post","type-post","status-publish","format-standard","has-post-thumbnail","hentry","category-noticias"],"_links":{"self":[{"href":"https:\/\/www.bfv.cloud\/ajedrezeuropa\/wp-json\/wp\/v2\/posts\/289","targetHints":{"allow":["GET"]}}],"collection":[{"href":"https:\/\/www.bfv.cloud\/ajedrezeuropa\/wp-json\/wp\/v2\/posts"}],"about":[{"href":"https:\/\/www.bfv.cloud\/ajedrezeuropa\/wp-json\/wp\/v2\/types\/post"}],"author":[{"embeddable":true,"href":"https:\/\/www.bfv.cloud\/ajedrezeuropa\/wp-json\/wp\/v2\/users\/1"}],"replies":[{"embeddable":true,"href":"https:\/\/www.bfv.cloud\/ajedrezeuropa\/wp-json\/wp\/v2\/comments?post=289"}],"version-history":[{"count":1,"href":"https:\/\/www.bfv.cloud\/ajedrezeuropa\/wp-json\/wp\/v2\/posts\/289\/revisions"}],"predecessor-version":[{"id":293,"href":"https:\/\/www.bfv.cloud\/ajedrezeuropa\/wp-json\/wp\/v2\/posts\/289\/revisions\/293"}],"wp:featuredmedia":[{"embeddable":true,"href":"https:\/\/www.bfv.cloud\/ajedrezeuropa\/wp-json\/wp\/v2\/media\/290"}],"wp:attachment":[{"href":"https:\/\/www.bfv.cloud\/ajedrezeuropa\/wp-json\/wp\/v2\/media?parent=289"}],"wp:term":[{"taxonomy":"category","embeddable":true,"href":"https:\/\/www.bfv.cloud\/ajedrezeuropa\/wp-json\/wp\/v2\/categories?post=289"},{"taxonomy":"post_tag","embeddable":true,"href":"https:\/\/www.bfv.cloud\/ajedrezeuropa\/wp-json\/wp\/v2\/tags?post=289"}],"curies":[{"name":"wp","href":"https:\/\/api.w.org\/{rel}","templated":true}]}}