{"id":2890,"date":"2022-09-13T09:13:00","date_gmt":"2022-09-13T09:13:00","guid":{"rendered":"https:\/\/www.bfv.cloud\/ajedrezeuropa\/index.php\/2022\/09\/13\/ii-torneo-de-feria-de-consuegra-memorial-jose-manuel-vacas-calleja\/"},"modified":"2025-11-20T10:53:20","modified_gmt":"2025-11-20T10:53:20","slug":"ii-torneo-de-feria-de-consuegra-memorial-jose-manuel-vacas-calleja","status":"publish","type":"post","link":"https:\/\/www.bfv.cloud\/ajedrezeuropa\/ii-torneo-de-feria-de-consuegra-memorial-jose-manuel-vacas-calleja\/","title":{"rendered":"II TORNEO DE FERIA DE CONSUEGRA (MEMORIAL JOS\u00c9 MANUEL VACAS CALLEJA)"},"content":{"rendered":"<p><a href=\"https:\/\/www.bfv.cloud\/ajedrezeuropa\/wp-content\/uploads\/2022\/09\/CARTEL20TORNEO20CONSUEGRA202022.jpeg\" style=\"clear: left;float: left;margin-bottom: 1em;margin-right: 1em;text-align: center\"><img fetchpriority=\"high\" decoding=\"async\" border=\"0\" data-original-height=\"1600\" data-original-width=\"1135\" height=\"640\" src=\"https:\/\/blogger.googleusercontent.com\/img\/b\/R29vZ2xl\/AVvXsEh-Fn_pIFaCV3o5igCzeuGVazLPJRPpP4IQwvqcjiabPZ8CuYy35xKMe7y74VENjZp5gM_ouYSE-38_IzQ5svtrKyPmy4oaLKE2GfRRyLvE_hEM71vNKMvX9ljYBFrvpFC7mX9Xpy28OeeSrs1FDqWZe411Z1A46Ozzu5uJ0iLo7wkFZ7_9LoktiPIF\/w454-h640\/CARTEL%20TORNEO%20CONSUEGRA%202022.jpeg\" width=\"454\" \/><\/a><\/p>\n<h2 style=\"text-align: left\">La biblioteca de Consuegra volver\u00e1 a acoger el torneo de feria en la que ser\u00e1 su 2\u00aa edici\u00f3n. Adem\u00e1s, queremos agradecer la colaboraci\u00f3n de la familia de Jos\u00e9 Manuel Vacas Calleja, fallecido recientemente y gran aficionado al ajedrez, adem\u00e1s de recordado maestro de Educaci\u00f3n Primaria en Consuegra durante muchos a\u00f1os. Por ello, el torneo se convierte en un memorial en su honor. En cuanto a los premios, habr\u00e1 trofeos para los 2 mejores clasificados en las categor\u00edas: absoluta, sub16, sub12 y sub8, con 2 premios locales por categor\u00eda al jugador y a la jugadora mejor clasificados. Por otra parte, Gestor\u00eda Casanova, entregar\u00e1 una camiseta de recuerdo a todos los participantes.&nbsp;<\/h2>\n<\/p>\n<div class=\"separator\" style=\"clear: both;text-align: center\"><a href=\"https:\/\/www.bfv.cloud\/ajedrezeuropa\/wp-content\/uploads\/2022\/09\/BASES20TORNEO20CONSUEGRA202022.jpeg\" style=\"clear: right;float: right;margin-bottom: 1em;margin-left: 1em\"><img decoding=\"async\" border=\"0\" data-original-height=\"1600\" data-original-width=\"1135\" height=\"640\" src=\"https:\/\/blogger.googleusercontent.com\/img\/b\/R29vZ2xl\/AVvXsEhioCxr5EAxVGATDOyOcz4nciFxtANZ9eKFn8PL0eeMFAwlDiY-hQgA6S-N9Abewjgbl8k13T5_SmQy8ifOrIl8u9K_8S7gzkBBlfcusfCqdXVXFMcRwI-qJDDYdZqh9Q0IwV5FyLqvhNKnnJ3StlTjMdO8RmeLy9TuM_HKGRhZYt1o-bP4KRtyQpyr\/w454-h640\/BASES%20TORNEO%20CONSUEGRA%202022.jpeg\" width=\"454\" \/><\/a><\/div>\n<h2 style=\"text-align: left\">Las inscripciones est\u00e1n abiertas hasta el 22 de septiembre a trav\u00e9s del correo electr\u00f3nico:&nbsp;<a href=\"mailto:felixtoribio@nuestroajedrezeneuropa.com\" target=\"_blank\">felixtoribio@nuestroajedrezeneuropa.com<\/a><\/h2>\n<h2 style=\"text-align: left\">o enviando un mensaje de WhatsApp al m\u00f3vil: 620946381<\/h2>\n<h2 style=\"text-align: left\">\u00a1\u00a1Os esperamos!!<\/h2>\n","protected":false},"excerpt":{"rendered":"<p>La biblioteca de Consuegra volver\u00e1 a acoger el torneo de feria en la que ser\u00e1 su 2\u00aa edici\u00f3n. Adem\u00e1s, queremos agradecer la colaboraci\u00f3n de la familia de Jos\u00e9 Manuel Vacas Calleja, fallecido recientemente y gran aficionado al ajedrez, adem\u00e1s de recordado maestro de Educaci\u00f3n Primaria en Consuegra durante muchos a\u00f1os. Por ello, el torneo se [&hellip;]<\/p>\n","protected":false},"author":1,"featured_media":2891,"comment_status":"open","ping_status":"closed","sticky":false,"template":"","format":"standard","meta":{"footnotes":""},"categories":[1],"tags":[],"class_list":["post-2890","post","type-post","status-publish","format-standard","has-post-thumbnail","hentry","category-noticias"],"_links":{"self":[{"href":"https:\/\/www.bfv.cloud\/ajedrezeuropa\/wp-json\/wp\/v2\/posts\/2890","targetHints":{"allow":["GET"]}}],"collection":[{"href":"https:\/\/www.bfv.cloud\/ajedrezeuropa\/wp-json\/wp\/v2\/posts"}],"about":[{"href":"https:\/\/www.bfv.cloud\/ajedrezeuropa\/wp-json\/wp\/v2\/types\/post"}],"author":[{"embeddable":true,"href":"https:\/\/www.bfv.cloud\/ajedrezeuropa\/wp-json\/wp\/v2\/users\/1"}],"replies":[{"embeddable":true,"href":"https:\/\/www.bfv.cloud\/ajedrezeuropa\/wp-json\/wp\/v2\/comments?post=2890"}],"version-history":[{"count":1,"href":"https:\/\/www.bfv.cloud\/ajedrezeuropa\/wp-json\/wp\/v2\/posts\/2890\/revisions"}],"predecessor-version":[{"id":2893,"href":"https:\/\/www.bfv.cloud\/ajedrezeuropa\/wp-json\/wp\/v2\/posts\/2890\/revisions\/2893"}],"wp:featuredmedia":[{"embeddable":true,"href":"https:\/\/www.bfv.cloud\/ajedrezeuropa\/wp-json\/wp\/v2\/media\/2891"}],"wp:attachment":[{"href":"https:\/\/www.bfv.cloud\/ajedrezeuropa\/wp-json\/wp\/v2\/media?parent=2890"}],"wp:term":[{"taxonomy":"category","embeddable":true,"href":"https:\/\/www.bfv.cloud\/ajedrezeuropa\/wp-json\/wp\/v2\/categories?post=2890"},{"taxonomy":"post_tag","embeddable":true,"href":"https:\/\/www.bfv.cloud\/ajedrezeuropa\/wp-json\/wp\/v2\/tags?post=2890"}],"curies":[{"name":"wp","href":"https:\/\/api.w.org\/{rel}","templated":true}]}}