{"id":2897,"date":"2010-06-22T22:38:00","date_gmt":"2010-06-22T22:38:00","guid":{"rendered":"https:\/\/www.bfv.cloud\/ajedrezeuropa\/index.php\/2010\/06\/22\/iii-campus-de-perfeccionamiento-nuestro-ajedrez-en-europa\/"},"modified":"2025-11-20T10:53:23","modified_gmt":"2025-11-20T10:53:23","slug":"iii-campus-de-perfeccionamiento-nuestro-ajedrez-en-europa","status":"publish","type":"post","link":"https:\/\/www.bfv.cloud\/ajedrezeuropa\/iii-campus-de-perfeccionamiento-nuestro-ajedrez-en-europa\/","title":{"rendered":"III CAMPUS DE PERFECCIONAMIENTO NUESTRO AJEDREZ EN EUROPA"},"content":{"rendered":"<div class=\"separator\" style=\"clear: both;text-align: justify\"><strong><span style=\"background-color: white;color: blue\">Del 2 al 7 de agosto se celebrar\u00e1 el \u201cIII CAMPUS DE VERANO NUESTRO AJEDREZ EN EUROPA\u201d que se desarrollar\u00e1 durante los d\u00edas 2, 3 y 4 en el Centro Juvenil La Covadonga de Alc\u00e1zar y los d\u00edas 5, 6 y 7 en la Casa de la Cultura de Villafranca. <\/span><\/strong><\/div>\n<div style=\"border-bottom: medium none;border-left: medium none;border-right: medium none;border-top: medium none;text-align: justify\">\n<\/div>\n<div style=\"border-bottom: medium none;border-left: medium none;border-right: medium none;border-top: medium none;text-align: justify\">\n<div style=\"border-bottom: medium none;border-left: medium none;border-right: medium none;border-top: medium none\"><strong><span style=\"background-color: white;color: blue\">Siguiendo con los principios y objetivos con los que naci\u00f3 este proyecto, esta nueva edici\u00f3n aportar\u00e1 varias novedades importantes, al margen de consolidar los programas introducidos en el anterior campus, que estamos convencidos mejorar\u00e1n el aprovechamiento de los chicos y chicas participantes. Las principales novedades ser\u00e1n:<\/span><\/strong><\/div>\n<\/div>\n<div style=\"border-bottom: medium none;border-left: medium none;border-right: medium none;border-top: medium none;text-align: justify\">\n<strong><span style=\"background-color: white;color: blue\"><\/span><\/strong><\/div>\n<div style=\"border-bottom: medium none;border-left: medium none;border-right: medium none;border-top: medium none;text-align: justify\">\n<div style=\"border-bottom: medium none;border-left: medium none;border-right: medium none;border-top: medium none\"><strong><span style=\"background-color: white;color: blue\">&#8211; Los grupos de entrenamiento pasan de 4 a 5, existiendo 2 grupos para el nivel avanzado y otros 2 para el nivel iniciaci\u00f3n, adem\u00e1s del grupo espec\u00edfico para las chicas. Esta nueva configuraci\u00f3n har\u00e1 posible que ning\u00fan grupo cuente con m\u00e1s de 10 alumnos con el fin de aportar mayor calidad, si cabe, a la formaci\u00f3n.<\/span><\/strong><\/div>\n<\/div>\n<div style=\"text-align: justify\">\n<div style=\"border-bottom: medium none;border-left: medium none;border-right: medium none;border-top: medium none\"><strong><span style=\"background-color: white;color: blue\">&#8211; Los grupos contar\u00e1n con la figura del monitor de apoyo para aquellas actividades y entrenamientos que as\u00ed lo requieran.<\/span><\/strong><\/div>\n<\/div>\n<div style=\"text-align: justify\"><strong><span style=\"background-color: white;color: blue\">&#8211; El trabajo de entrenamiento psicol\u00f3gico se har\u00e1 m\u00e1s especializado y personalizado.<\/span><\/strong><\/div>\n<div style=\"border-bottom: medium none;border-left: medium none;border-right: medium none;border-top: medium none;text-align: justify\">\n<strong><span style=\"background-color: white;color: blue\"><\/span><\/strong><\/div>\n<div style=\"text-align: justify\">\n<div style=\"border-bottom: medium none;border-left: medium none;border-right: medium none;border-top: medium none\"><strong><span style=\"background-color: white;color: blue\">Nuestros preparadores son el mejor ejemplo de nuestra apuesta por la excelencia, tanto en el plano deportivo como en el humano:<\/span><\/strong><\/div>\n<\/div>\n<div style=\"text-align: justify\">\n<strong><span style=\"background-color: white;color: blue\"><\/span><\/strong><\/div>\n<div style=\"text-align: justify\"><strong><span style=\"background-color: white;color: blue\">&#8211; ELIZBAR UBILAVA, gran maestro de ajedrez. Este magn\u00edfico entrenador de campeones, Karpov y Anand, se encontrar\u00e1 por segunda vez en nuestro campus llevando el grupo avanzado de competici\u00f3n. Es un honor su participaci\u00f3n e implicaci\u00f3n con nuestro proyecto. <\/span><\/strong><\/div>\n<div style=\"text-align: justify\">\n<strong><span style=\"background-color: white;color: blue\"><\/span><\/strong><\/div>\n<div style=\"text-align: justify\">\n<div class=\"separator\" style=\"clear: both;text-align: center\"><\/div>\n<div style=\"border-bottom: medium none;border-left: medium none;border-right: medium none;border-top: medium none\">\n<div class=\"separator\" style=\"clear: both;text-align: center\"><a href=\"https:\/\/www.bfv.cloud\/ajedrezeuropa\/wp-content\/uploads\/2010\/06\/CartelIIICampusdeAjedrez2010.jpg\" style=\"margin-left: 1em;margin-right: 1em\"><img fetchpriority=\"high\" decoding=\"async\" border=\"0\" height=\"251\" src=\"https:\/\/blogger.googleusercontent.com\/img\/b\/R29vZ2xl\/AVvXsEibwkjBtHjGbdFauR4x1tiDkBUkrd36ZC40ZQHmn5loo65ezb66gqBjdpEfYjNQL6punShOs8F-7elClzSQ_2T78dzIAyWEsGAgdjI1rLkj2l6GBcMuCgLcv3mhpKYc3hXcL4nzdQcSuiI\/s400\/Cartel+III+Campus+de+Ajedrez+2010.jpg\" width=\"400\" \/><\/a><\/div>\n<p>\n<\/div>\n<div style=\"border-bottom: medium none;border-left: medium none;border-right: medium none;border-top: medium none\">\n<\/div>\n<div style=\"border-bottom: medium none;border-left: medium none;border-right: medium none;border-top: medium none\"><strong><span style=\"background-color: white;color: blue\">&#8211; HERMINIO HERR\u00c1IZ HIDALGO, \u00fanico gran maestro castellano-manchego, conducir\u00e1 el segundo grupo de ajedrez avanzado. Herminio, se mantiene como una de las se\u00f1as de identidad de nuestro proyecto desde su inicio, aunque el pasado a\u00f1o problemas de calendario le impidieron estar en el campus. <\/span><\/strong><\/div>\n<\/div>\n<div style=\"border-bottom: medium none;border-left: medium none;border-right: medium none;border-top: medium none;text-align: justify\">\n<strong><span style=\"background-color: white;color: blue\"><\/span><\/strong><\/div>\n<div style=\"text-align: justify\">\n<div style=\"border-bottom: medium none;border-left: medium none;border-right: medium none;border-top: medium none\"><strong><span style=\"background-color: white;color: blue\">&#8211; ANA ISABEL GONZ\u00c1LEZ BERRUGA, gracias a los buenos resultados obtenidos con el programa de preparaci\u00f3n espec\u00edfica para las chicas, esta tercera edici\u00f3n del campus de perfeccionamiento profundizar\u00e1 en su desarrollo, haci\u00e9ndolo extensiva a las ni\u00f1as de los grupos de iniciaci\u00f3n.<\/span><\/strong><\/div>\n<\/div>\n<div style=\"text-align: justify\">\n<strong><span style=\"background-color: white;color: blue\"><\/span><\/strong><\/div>\n<div style=\"text-align: justify\"><strong><span style=\"background-color: white;color: blue\">&#8211; JUAN CARLOS AVIL\u00c9S VILLAREJO, psic\u00f3logo, especializado en psicolog\u00eda del deporte.<\/span><\/strong><\/div>\n<div style=\"text-align: justify\">\n<strong><span style=\"background-color: white;color: blue\"><\/span><\/strong><\/div>\n<div style=\"text-align: justify\"><strong><span style=\"background-color: white;color: blue\">&#8211; SERGIO Y\u00c9BENES TORIBIO, monitor de ajedrez y antiguo alumno de la escuela de Villafranca.<\/span><\/strong><\/div>\n<div style=\"text-align: justify\">\n<strong><span style=\"background-color: white;color: blue\"><\/span><\/strong><\/div>\n<div style=\"text-align: justify\"><strong><span style=\"background-color: white;color: blue\">&#8211; ANTONIO ALBO MAROTO, monitor de ajedrez y antiguo alumno de la escuela de Villafranca.<\/span><\/strong><\/div>\n<div style=\"text-align: justify\">\n<strong><span style=\"background-color: white;color: blue\"><\/span><\/strong><\/div>\n<div style=\"text-align: justify\"><strong><span style=\"background-color: white;color: blue\">Por otra parte, es importante se\u00f1alar que, ante los nuevos retos que el proyecto est\u00e1 emprendiendo en competiciones por equipos, la preparaci\u00f3n t\u00e9cnica y psicol\u00f3gica que en el campus se proporciona se orientar\u00e1 a potenciar y mejorar el rendimiento deportivo en estas pruebas. De ah\u00ed la adecuaci\u00f3n en las fechas del campus a esta segunda parte de la temporada ajedrec\u00edstica, tomando como referencia fundamental el Campeonato de Espa\u00f1a por Equipos de Club S-16 (en sus fases regional y nacional), y los torneos preparatorios y clasificatorios para la fase final de este campeonato como nuestro torneo de ferias de Alc\u00e1zar.<\/span><\/strong><\/div>\n","protected":false},"excerpt":{"rendered":"<p>Del 2 al 7 de agosto se celebrar\u00e1 el \u201cIII CAMPUS DE VERANO NUESTRO AJEDREZ EN EUROPA\u201d que se desarrollar\u00e1 durante los d\u00edas 2, 3 y 4 en el Centro Juvenil La Covadonga de Alc\u00e1zar y los d\u00edas 5, 6 y 7 en la Casa de la Cultura de Villafranca. Siguiendo con los principios y [&hellip;]<\/p>\n","protected":false},"author":1,"featured_media":2898,"comment_status":"open","ping_status":"closed","sticky":false,"template":"","format":"standard","meta":{"footnotes":""},"categories":[1],"tags":[],"class_list":["post-2897","post","type-post","status-publish","format-standard","has-post-thumbnail","hentry","category-noticias"],"_links":{"self":[{"href":"https:\/\/www.bfv.cloud\/ajedrezeuropa\/wp-json\/wp\/v2\/posts\/2897","targetHints":{"allow":["GET"]}}],"collection":[{"href":"https:\/\/www.bfv.cloud\/ajedrezeuropa\/wp-json\/wp\/v2\/posts"}],"about":[{"href":"https:\/\/www.bfv.cloud\/ajedrezeuropa\/wp-json\/wp\/v2\/types\/post"}],"author":[{"embeddable":true,"href":"https:\/\/www.bfv.cloud\/ajedrezeuropa\/wp-json\/wp\/v2\/users\/1"}],"replies":[{"embeddable":true,"href":"https:\/\/www.bfv.cloud\/ajedrezeuropa\/wp-json\/wp\/v2\/comments?post=2897"}],"version-history":[{"count":1,"href":"https:\/\/www.bfv.cloud\/ajedrezeuropa\/wp-json\/wp\/v2\/posts\/2897\/revisions"}],"predecessor-version":[{"id":2899,"href":"https:\/\/www.bfv.cloud\/ajedrezeuropa\/wp-json\/wp\/v2\/posts\/2897\/revisions\/2899"}],"wp:featuredmedia":[{"embeddable":true,"href":"https:\/\/www.bfv.cloud\/ajedrezeuropa\/wp-json\/wp\/v2\/media\/2898"}],"wp:attachment":[{"href":"https:\/\/www.bfv.cloud\/ajedrezeuropa\/wp-json\/wp\/v2\/media?parent=2897"}],"wp:term":[{"taxonomy":"category","embeddable":true,"href":"https:\/\/www.bfv.cloud\/ajedrezeuropa\/wp-json\/wp\/v2\/categories?post=2897"},{"taxonomy":"post_tag","embeddable":true,"href":"https:\/\/www.bfv.cloud\/ajedrezeuropa\/wp-json\/wp\/v2\/tags?post=2897"}],"curies":[{"name":"wp","href":"https:\/\/api.w.org\/{rel}","templated":true}]}}