{"id":2900,"date":"2022-09-01T09:51:00","date_gmt":"2022-09-01T09:51:00","guid":{"rendered":"https:\/\/www.bfv.cloud\/ajedrezeuropa\/index.php\/2022\/09\/01\/xxv-torneo-abierto-de-villafranca\/"},"modified":"2025-11-20T10:53:32","modified_gmt":"2025-11-20T10:53:32","slug":"xxv-torneo-abierto-de-villafranca","status":"publish","type":"post","link":"https:\/\/www.bfv.cloud\/ajedrezeuropa\/xxv-torneo-abierto-de-villafranca\/","title":{"rendered":"XXV TORNEO ABIERTO DE VILLAFRANCA"},"content":{"rendered":"<h1 style=\"text-align: left\"><\/h1>\n<h1><a href=\"https:\/\/www.bfv.cloud\/ajedrezeuropa\/wp-content\/uploads\/2022\/09\/CARTEL20feria202022_001-scaled.jpg\" style=\"clear: right;float: right;margin-bottom: 1em;margin-left: 1em\"><img fetchpriority=\"high\" decoding=\"async\" border=\"0\" data-original-height=\"3508\" data-original-width=\"2479\" height=\"632\" src=\"https:\/\/blogger.googleusercontent.com\/img\/b\/R29vZ2xl\/AVvXsEh9l1N_eOpajIhq3eE3ECxyoJkJ1hZnZPTPFb4t_PLKvaMz5-wNSK-PJOy6Egcugt35mPjY-uhezgVvKIgRYoTg0JXEzPghPyJ8_a-8TAb1gpQ3BvKthEHdVkssU8Ea4PRjix5_3lPkm3qj4NhSmirqUOLzqjKs96haED-Lt55kDmCHv5SIV89F1uUi\/w446-h632\/CARTEL%20feria%202022_001.jpg\" width=\"446\" \/><\/a><\/h1>\n<h2 style=\"text-align: left\">La casa de la cultura de Villafranca de los Caballeros albergar\u00e1 la 25\u00aa edici\u00f3n del Torneo Abierto de Villafranca con algunos cambios en el n\u00famero de rondas y el ritmo de juego.&nbsp;<br \/>Pod\u00e9is consultar todas las caracter\u00edsticas organizativas del torneo en el cartel y el documento de las bases que publicamos en esta noticia. El periodo de inscripci\u00f3n est\u00e1 abierto hasta el 13 de septiembre o hasta completar el aforo de 50 personas. \u00a1\u00a1Esperamos vuestra participaci\u00f3n!!<\/h2>\n<div class=\"separator\" style=\"clear: both;text-align: center\"><a href=\"https:\/\/www.bfv.cloud\/ajedrezeuropa\/wp-content\/uploads\/2022\/09\/BASES20DEL20XXV20TORNEO20FERIA20202220VILLAFRANCA_001-scaled.jpg\" style=\"margin-left: 1em;margin-right: 1em\"><img decoding=\"async\" border=\"0\" data-original-height=\"3508\" data-original-width=\"2479\" height=\"640\" src=\"https:\/\/blogger.googleusercontent.com\/img\/b\/R29vZ2xl\/AVvXsEj7IXm2BwCsLVLs9kRWjlCbgNOhGYGk1oe66o5d4oJWYQSBb2tc2Z-NyU3jnYaBthoagOAISz5XeJ6lMUd2PUvC1Wf4N0PLI96wQnAIJYlJi3PKFWgy6pZxleMA4WQnl3eRXEdLIPBqWEqv9XfDxJYhAke5oshCLEj1Ipw1n0kFrCgqYwWKKQxVPtRK\/w452-h640\/BASES%20DEL%20XXV%20TORNEO%20FERIA%202022%20VILLAFRANCA_001.jpg\" width=\"452\" \/><\/a><\/div>\n<p><\/p>\n<div><\/div>\n<div>\n<div class=\"separator\" style=\"clear: both;text-align: center\"><\/div>\n<\/p>\n<\/div>\n","protected":false},"excerpt":{"rendered":"<p>La casa de la cultura de Villafranca de los Caballeros albergar\u00e1 la 25\u00aa edici\u00f3n del Torneo Abierto de Villafranca con algunos cambios en el n\u00famero de rondas y el ritmo de juego.&nbsp;Pod\u00e9is consultar todas las caracter\u00edsticas organizativas del torneo en el cartel y el documento de las bases que publicamos en esta noticia. El periodo [&hellip;]<\/p>\n","protected":false},"author":1,"featured_media":2901,"comment_status":"open","ping_status":"closed","sticky":false,"template":"","format":"standard","meta":{"footnotes":""},"categories":[1],"tags":[],"class_list":["post-2900","post","type-post","status-publish","format-standard","has-post-thumbnail","hentry","category-noticias"],"_links":{"self":[{"href":"https:\/\/www.bfv.cloud\/ajedrezeuropa\/wp-json\/wp\/v2\/posts\/2900","targetHints":{"allow":["GET"]}}],"collection":[{"href":"https:\/\/www.bfv.cloud\/ajedrezeuropa\/wp-json\/wp\/v2\/posts"}],"about":[{"href":"https:\/\/www.bfv.cloud\/ajedrezeuropa\/wp-json\/wp\/v2\/types\/post"}],"author":[{"embeddable":true,"href":"https:\/\/www.bfv.cloud\/ajedrezeuropa\/wp-json\/wp\/v2\/users\/1"}],"replies":[{"embeddable":true,"href":"https:\/\/www.bfv.cloud\/ajedrezeuropa\/wp-json\/wp\/v2\/comments?post=2900"}],"version-history":[{"count":1,"href":"https:\/\/www.bfv.cloud\/ajedrezeuropa\/wp-json\/wp\/v2\/posts\/2900\/revisions"}],"predecessor-version":[{"id":2903,"href":"https:\/\/www.bfv.cloud\/ajedrezeuropa\/wp-json\/wp\/v2\/posts\/2900\/revisions\/2903"}],"wp:featuredmedia":[{"embeddable":true,"href":"https:\/\/www.bfv.cloud\/ajedrezeuropa\/wp-json\/wp\/v2\/media\/2901"}],"wp:attachment":[{"href":"https:\/\/www.bfv.cloud\/ajedrezeuropa\/wp-json\/wp\/v2\/media?parent=2900"}],"wp:term":[{"taxonomy":"category","embeddable":true,"href":"https:\/\/www.bfv.cloud\/ajedrezeuropa\/wp-json\/wp\/v2\/categories?post=2900"},{"taxonomy":"post_tag","embeddable":true,"href":"https:\/\/www.bfv.cloud\/ajedrezeuropa\/wp-json\/wp\/v2\/tags?post=2900"}],"curies":[{"name":"wp","href":"https:\/\/api.w.org\/{rel}","templated":true}]}}