{"id":2904,"date":"2017-11-10T12:02:00","date_gmt":"2017-11-10T12:02:00","guid":{"rendered":"https:\/\/www.bfv.cloud\/ajedrezeuropa\/index.php\/2017\/11\/10\/una-tarde-para-la-historia\/"},"modified":"2025-11-20T10:53:34","modified_gmt":"2025-11-20T10:53:34","slug":"una-tarde-para-la-historia","status":"publish","type":"post","link":"https:\/\/www.bfv.cloud\/ajedrezeuropa\/una-tarde-para-la-historia\/","title":{"rendered":"UNA TARDE PARA LA HISTORIA"},"content":{"rendered":"<div class=\"separator\" style=\"clear: both;text-align: center\">\n<a href=\"https:\/\/www.bfv.cloud\/ajedrezeuropa\/wp-content\/uploads\/2017\/11\/Cartel_TardeHistoria.jpg\" style=\"clear: left;float: left;margin-bottom: 1em;margin-right: 1em\"><img fetchpriority=\"high\" decoding=\"async\" border=\"0\" data-original-height=\"1132\" data-original-width=\"1600\" height=\"449\" src=\"https:\/\/blogger.googleusercontent.com\/img\/b\/R29vZ2xl\/AVvXsEhGnRIHAd7n2XpE-2SCZopnXAj944tNHyvtC0YP9KnZaa4z6gp_Yqd_1uwRmeEtQ1N71ej6UsVsWcd4uV_wzV1O35YapnI6Y3g6nfj3D-sFh8DS0NoNGFq1fikXul67dPT7oxLF4-OKHbs\/s640\/Cartel_TardeHistoria.jpg\" width=\"640\" \/><\/a><\/div>\n<p><span style=\"font-size: large\">La Direcci\u00f3n Gral de Deportes&nbsp; de Castilla-La Mancha ha programado un acto para el pr\u00f3ximo martes 14 de noviembre a las 17,30 h en la Consejer\u00eda de Educaci\u00f3n, Cultura y Deportes, Bulevar del R\u00edo Alberche, s\/n de Toledo.&nbsp;<\/span><br \/>\n<span style=\"font-size: large\">Adem\u00e1s del inter\u00e9s de conocer las historias personales de los invitados al acto, tenemos un amigo, Juli\u00e1n Cano (director del programa H\u00e9roes An\u00f3nimos de CMM), que har\u00e1 las veces de presentador.<\/span><\/p>\n","protected":false},"excerpt":{"rendered":"<p>La Direcci\u00f3n Gral de Deportes&nbsp; de Castilla-La Mancha ha programado un acto para el pr\u00f3ximo martes 14 de noviembre a las 17,30 h en la Consejer\u00eda de Educaci\u00f3n, Cultura y Deportes, Bulevar del R\u00edo Alberche, s\/n de Toledo.&nbsp; Adem\u00e1s del inter\u00e9s de conocer las historias personales de los invitados al acto, tenemos un amigo, Juli\u00e1n [&hellip;]<\/p>\n","protected":false},"author":1,"featured_media":2905,"comment_status":"open","ping_status":"closed","sticky":false,"template":"","format":"standard","meta":{"footnotes":""},"categories":[1],"tags":[],"class_list":["post-2904","post","type-post","status-publish","format-standard","has-post-thumbnail","hentry","category-noticias"],"_links":{"self":[{"href":"https:\/\/www.bfv.cloud\/ajedrezeuropa\/wp-json\/wp\/v2\/posts\/2904","targetHints":{"allow":["GET"]}}],"collection":[{"href":"https:\/\/www.bfv.cloud\/ajedrezeuropa\/wp-json\/wp\/v2\/posts"}],"about":[{"href":"https:\/\/www.bfv.cloud\/ajedrezeuropa\/wp-json\/wp\/v2\/types\/post"}],"author":[{"embeddable":true,"href":"https:\/\/www.bfv.cloud\/ajedrezeuropa\/wp-json\/wp\/v2\/users\/1"}],"replies":[{"embeddable":true,"href":"https:\/\/www.bfv.cloud\/ajedrezeuropa\/wp-json\/wp\/v2\/comments?post=2904"}],"version-history":[{"count":1,"href":"https:\/\/www.bfv.cloud\/ajedrezeuropa\/wp-json\/wp\/v2\/posts\/2904\/revisions"}],"predecessor-version":[{"id":2906,"href":"https:\/\/www.bfv.cloud\/ajedrezeuropa\/wp-json\/wp\/v2\/posts\/2904\/revisions\/2906"}],"wp:featuredmedia":[{"embeddable":true,"href":"https:\/\/www.bfv.cloud\/ajedrezeuropa\/wp-json\/wp\/v2\/media\/2905"}],"wp:attachment":[{"href":"https:\/\/www.bfv.cloud\/ajedrezeuropa\/wp-json\/wp\/v2\/media?parent=2904"}],"wp:term":[{"taxonomy":"category","embeddable":true,"href":"https:\/\/www.bfv.cloud\/ajedrezeuropa\/wp-json\/wp\/v2\/categories?post=2904"},{"taxonomy":"post_tag","embeddable":true,"href":"https:\/\/www.bfv.cloud\/ajedrezeuropa\/wp-json\/wp\/v2\/tags?post=2904"}],"curies":[{"name":"wp","href":"https:\/\/api.w.org\/{rel}","templated":true}]}}