{"id":2910,"date":"2015-11-26T21:35:00","date_gmt":"2015-11-26T21:35:00","guid":{"rendered":"https:\/\/www.bfv.cloud\/ajedrezeuropa\/index.php\/2015\/11\/26\/propuesta-de-premio-para-la-gala-del-deporte-de-la-diputacion-de-toledo-2015\/"},"modified":"2025-11-20T10:53:39","modified_gmt":"2025-11-20T10:53:39","slug":"propuesta-de-premio-para-la-gala-del-deporte-de-la-diputacion-de-toledo-2015","status":"publish","type":"post","link":"https:\/\/www.bfv.cloud\/ajedrezeuropa\/propuesta-de-premio-para-la-gala-del-deporte-de-la-diputacion-de-toledo-2015\/","title":{"rendered":"PROPUESTA DE PREMIO PARA LA GALA DEL DEPORTE DE LA DIPUTACI\u00d3N DE TOLEDO 2015"},"content":{"rendered":"<div class=\"separator\" style=\"clear: both;text-align: center\">\n<a href=\"https:\/\/www.bfv.cloud\/ajedrezeuropa\/wp-content\/uploads\/2015\/11\/logodelclubconelnombre.jpg\" style=\"clear: left;float: left;margin-bottom: 1em;margin-right: 1em\"><img fetchpriority=\"high\" decoding=\"async\" border=\"0\" height=\"300\" src=\"https:\/\/blogger.googleusercontent.com\/img\/b\/R29vZ2xl\/AVvXsEjHvzTXSQBHGPtRa-osTu-qwQNcJ7FNTi8CXDj1Y4JA-epjaLbXifybLwBMP-6yvpyojJEUubbmR4uZsF5cet_d0ZmheN2cxr60_mof735sCGI2dYCKEJmCIKdOOVPDPYByN8ILJ_e_P_g\/s400\/logo+del+club+con+el+nombre.jpg\" width=\"400\" \/><\/a><\/div>\n<h4>\n<u><span style=\", serif\">Una propuesta fundamentada<\/span><\/u><\/h4>\n<h4>\n<span style=\"font-weight: normal;text-align: justify\"><span style=\", serif\">Hoy<br \/>\nes el d\u00eda indicado por la Delegaci\u00f3n de Ajedrez de Toledo para la elecci\u00f3n de la propuesta para el premio provincial de la Gala de la<br \/>\nDiputaci\u00f3n 2015. Como ya pusimos de manifiesto a estas mismas alturas de 2014, cuando<br \/>\npresentamos la magn\u00edfica candidatura de Irene Sim\u00f3n Escalona para este premio, varios jugadores de nuestras escuelas y clubes acumulan m\u00e9ritos sobrados para haber recibido el galard\u00f3n a lo largo de dos d\u00e9cadas de actividad de nuestras escuelas. Por los \u00faltimos avances del proyecto en materia de ajedrez educativo y social, hemos cre\u00eddo interesante proponer al Club Nuestro Ajedrez en Europa como s\u00edmbolo de todo el trabajo que se ha realizado en los \u00faltimos tiempos, incluyendo los excelentes resultados cosechados en las distintas competiciones por equipos e individuales.<\/span><\/span><span style=\", serif;text-align: justify\">&nbsp;<\/span><\/h4>\n<h4>\n<a href=\"https:\/\/www.bfv.cloud\/ajedrezeuropa\/wp-content\/uploads\/2015\/11\/SAM_1306.jpg\" style=\"clear: left;margin-bottom: 1em;margin-right: 1em;text-align: center\"><img decoding=\"async\" border=\"0\" height=\"296\" src=\"https:\/\/blogger.googleusercontent.com\/img\/b\/R29vZ2xl\/AVvXsEgNzHpBGDOTvbwr2YZFm_C1qEaLzea2LyYEnItocf-PyfPI-J3VSzPe0yAas_2mo9_1G-GrVfEgWq06oPyqY0GPp_xl479l7BpZ5G1WEGe9xMPv4mg2T7RvxABB_WilZNYPhFgGG96OFD0\/s640\/SAM_1306.JPG\" width=\"640\" \/><\/a><\/h4>\n<p><\/p>\n<h4>\n<span style=\", serif;text-align: justify\">As\u00ed pues, en esta segunda ocasi\u00f3n de elecci\u00f3n democr\u00e1tica, con la presentaci\u00f3n de \u201cNUESTRO AJEDREZ EN EUROPA\u201d, hemos querido rendir un homenaje a todo nuestro alumnado, a los jugadores de nuestros clubes, a los monitores y entrenadores, a los padres y madres, y a todos los colaboradores que hacen posible sacar adelante todas las actividades anuales a base de esfuerzo y tes\u00f3n. En el documento del que a continuaci\u00f3n facilitamos un enlace pod\u00e9is apreciar y valorar la variedad de fundamentos que motivan esta propuesta:<\/span><\/h4>\n<div>\n<span style=\", serif;text-align: justify\"><br \/><\/span><\/div>\n<div class=\"MsoNormal\" style=\"text-align: justify\">\n<span style=\", serif\"><a href=\"https:\/\/docs.google.com\/document\/d\/1Xxfmh40SHcJcsEtDOotRnUlaX0pqlIbWN0fzvNFDsuA\/edit?usp=sharing\">DOCUMENTO DE PROPUESTA PARA GALA DEL DEPORTE DIPUTACI\u00d3N DE TOLEDO 2015<\/a><\/span><\/div>\n<div class=\"MsoNormal\" style=\"text-align: justify\">\n<\/div>\n<div class=\"MsoNormal\" style=\"text-align: justify\">\n<span style=\", serif\">Para<br \/>\nque conozc\u00e1is todas nuestras valoraciones, copiamos en su integridad la<br \/>\nintroducci\u00f3n enviada a los representantes de los clubes federados en la<br \/>\nprovincia de Toledo en 2015:<\/span><\/div>\n<div class=\"MsoNormal\" style=\"text-align: justify\">\n<\/div>\n<div class=\"MsoBodyText2\">\n<a href=\"https:\/\/www.bfv.cloud\/ajedrezeuropa\/wp-content\/uploads\/2015\/11\/SAM_1831.jpg\" style=\"clear: right;float: right;margin-bottom: 1em;margin-left: 1em\"><img decoding=\"async\" border=\"0\" height=\"272\" src=\"https:\/\/blogger.googleusercontent.com\/img\/b\/R29vZ2xl\/AVvXsEjnEs4dVvrvaxuUWsMpQ0wWFexdD1xjJAHmOXj25zrnb5eJnXgHRh_9Wk83oif295agfsFb2Ji3uJG43O6JtuFEimrsFG-Mo6LOpcqKzXx_SCx-R8U1TmPjc9PZUXT6D0MqPTxDtkjFXP8\/s320\/SAM_1831.JPG\" width=\"320\" \/><\/a><span style=\"color: #990000;, serif\"><b>\u201cBuenas noches, conforme a la petici\u00f3n de propuestas para<br \/>\nel Premio de la Gala del Deporte 2015 de la Diputaci\u00f3n de Toledo enviada por el<br \/>\ndelegado provincial de la FACLM, Juan Jos\u00e9 Sobrino, os remito en un PDF la<br \/>\npresentada por el C.D. NUESTRO AJEDREZ EN EUROPA. Por su propio contenido y por<br \/>\nesta misma presentaci\u00f3n previa, he preferido enviar directamente esta propuesta<br \/>\na los representantes de los otros 7 clubes federados por Toledo en 2015, al<br \/>\npropio delegado y a la FACLM.<\/b><\/span><\/div>\n<div class=\"MsoNormal\" style=\"text-align: justify\">\n<span style=\"color: #990000;, serif\"><b>Es conocido por todos que el proyecto que dirijo, \u201cNUESTRO<br \/>\nAJEDREZ EN EUROPA\u201d, los 2 clubes vinculados, sus 2 escuelas y cualquiera de sus<br \/>\ndecenas de jugadores y alumnos, JAM\u00c1S han sido galardonados con ning\u00fan premio o<br \/>\ndistinci\u00f3n por la Diputaci\u00f3n de Toledo. Seguramente porque JAM\u00c1S han sido<br \/>\npropuestos por la Delegaci\u00f3n Provincial de la FACLM.<\/b><\/span><\/div>\n<div class=\"MsoNormal\" style=\"text-align: justify\">\n<span style=\"color: #990000;, serif\"><b>Sin entrar a valorar las razones que han motivado esta situaci\u00f3n<br \/>\nde marginaci\u00f3n, os propongo que tras la lectura del documento hag\u00e1is una<br \/>\nreflexi\u00f3n serena de si la trayectoria, esfuerzo y m\u00e9ritos que hemos venido<br \/>\nrealizando durante a\u00f1os ha sido o no merecedora de alg\u00fan reconocimiento<br \/>\nfederativo, a trav\u00e9s de las instituciones p\u00fablicas que son de todos.<\/b><\/span><\/div>\n<div class=\"MsoNormal\" style=\"text-align: justify\">\n<span style=\"color: #990000;, serif\"><b>Creo que cualquier metodolog\u00eda objetiva que se pueda emplear<br \/>\npara medir los resultados deportivos individuales y por equipos, el trabajo de<br \/>\npromoci\u00f3n desde las escuelas o los clubes, o los proyectos puestos en marcha en<br \/>\nel terreno educativo o social, habr\u00eda tenido en cuenta mucho antes el valor del<br \/>\nproyecto que represento. Ahora queda en todos vosotros la decisi\u00f3n de que en<br \/>\n2015 se valore adecuadamente el trabajo que tantos ni\u00f1os y ni\u00f1as, j\u00f3venes,<br \/>\nmujeres y hombres, llevan realizando durante a\u00f1os.<\/b><\/span><\/div>\n<div class=\"MsoNormal\" style=\"text-align: justify\">\n<span style=\"color: #990000;, serif\"><b>Gracias por vuestro tiempo.<\/b><\/span><\/div>\n<div class=\"MsoNormal\" style=\"text-align: justify\">\n<span style=\"color: #990000;, serif\"><b>Un saludo\u201d.<\/b><\/span><span style=\"color: #993366;, sans-serif\"><\/span><\/div>\n","protected":false},"excerpt":{"rendered":"<p>Una propuesta fundamentada Hoy es el d\u00eda indicado por la Delegaci\u00f3n de Ajedrez de Toledo para la elecci\u00f3n de la propuesta para el premio provincial de la Gala de la Diputaci\u00f3n 2015. Como ya pusimos de manifiesto a estas mismas alturas de 2014, cuando presentamos la magn\u00edfica candidatura de Irene Sim\u00f3n Escalona para este premio, [&hellip;]<\/p>\n","protected":false},"author":1,"featured_media":2911,"comment_status":"open","ping_status":"closed","sticky":false,"template":"","format":"standard","meta":{"footnotes":""},"categories":[1],"tags":[],"class_list":["post-2910","post","type-post","status-publish","format-standard","has-post-thumbnail","hentry","category-noticias"],"_links":{"self":[{"href":"https:\/\/www.bfv.cloud\/ajedrezeuropa\/wp-json\/wp\/v2\/posts\/2910","targetHints":{"allow":["GET"]}}],"collection":[{"href":"https:\/\/www.bfv.cloud\/ajedrezeuropa\/wp-json\/wp\/v2\/posts"}],"about":[{"href":"https:\/\/www.bfv.cloud\/ajedrezeuropa\/wp-json\/wp\/v2\/types\/post"}],"author":[{"embeddable":true,"href":"https:\/\/www.bfv.cloud\/ajedrezeuropa\/wp-json\/wp\/v2\/users\/1"}],"replies":[{"embeddable":true,"href":"https:\/\/www.bfv.cloud\/ajedrezeuropa\/wp-json\/wp\/v2\/comments?post=2910"}],"version-history":[{"count":1,"href":"https:\/\/www.bfv.cloud\/ajedrezeuropa\/wp-json\/wp\/v2\/posts\/2910\/revisions"}],"predecessor-version":[{"id":2914,"href":"https:\/\/www.bfv.cloud\/ajedrezeuropa\/wp-json\/wp\/v2\/posts\/2910\/revisions\/2914"}],"wp:featuredmedia":[{"embeddable":true,"href":"https:\/\/www.bfv.cloud\/ajedrezeuropa\/wp-json\/wp\/v2\/media\/2911"}],"wp:attachment":[{"href":"https:\/\/www.bfv.cloud\/ajedrezeuropa\/wp-json\/wp\/v2\/media?parent=2910"}],"wp:term":[{"taxonomy":"category","embeddable":true,"href":"https:\/\/www.bfv.cloud\/ajedrezeuropa\/wp-json\/wp\/v2\/categories?post=2910"},{"taxonomy":"post_tag","embeddable":true,"href":"https:\/\/www.bfv.cloud\/ajedrezeuropa\/wp-json\/wp\/v2\/tags?post=2910"}],"curies":[{"name":"wp","href":"https:\/\/api.w.org\/{rel}","templated":true}]}}