{"id":2915,"date":"2016-04-27T22:32:00","date_gmt":"2016-04-27T22:32:00","guid":{"rendered":"https:\/\/www.bfv.cloud\/ajedrezeuropa\/index.php\/2016\/04\/27\/nuestros-jugadores-siguen-destacando-en-san-viator\/"},"modified":"2025-11-20T10:53:43","modified_gmt":"2025-11-20T10:53:43","slug":"nuestros-jugadores-siguen-destacando-en-san-viator","status":"publish","type":"post","link":"https:\/\/www.bfv.cloud\/ajedrezeuropa\/nuestros-jugadores-siguen-destacando-en-san-viator\/","title":{"rendered":"NUESTROS JUGADORES SIGUEN DESTACANDO EN SAN VIATOR"},"content":{"rendered":"<table align=\"center\" cellpadding=\"0\" cellspacing=\"0\" class=\"tr-caption-container\" style=\"float: left;margin-right: 1em;text-align: left\">\n<tbody>\n<tr>\n<td style=\"text-align: center\"><a href=\"https:\/\/www.bfv.cloud\/ajedrezeuropa\/wp-content\/uploads\/2016\/04\/IMG_20160410_100731.jpg\" style=\"margin-left: auto;margin-right: auto\"><img fetchpriority=\"high\" decoding=\"async\" border=\"0\" height=\"300\" src=\"https:\/\/blogger.googleusercontent.com\/img\/b\/R29vZ2xl\/AVvXsEjO0r5mEE1FhBgZZ4aoS2lmWHxfIteN8JBbGcSx-OeaeYbFg1GeC6PeucvpLraOzVjQVxXse0CLj1wGfyEpiVmhGR1t3wFxf0OZ5gOvO0vOka4JZLpnYdLEzz9zIJ7crPZdeEjbfVaRTfw\/s400\/IMG_20160410_100731.jpg\" width=\"400\" \/><\/a><\/td>\n<\/tr>\n<tr>\n<td class=\"tr-caption\" style=\"text-align: center\">En la imagen, todos nuestros jugadores con blancas:<br \/>\nIrene, Alfredo, Roberto y al fondo, de p\u00ede, Alonso<\/td>\n<\/tr>\n<\/tbody>\n<\/table>\n<div style=\"margin-bottom: .0001pt;margin: 0cm;text-align: justify\">\n<span style=\"font-size: 14.0pt\">Cuando<br \/>\nse llevan disputadas 4 rondas del <b><i><u>XXVI TORNEO SAN VIATOR<\/u>&nbsp;<\/i><\/b>en<br \/>\nMadrid, encontramos en posiciones destacadas de la clasificaci\u00f3n provisional a<br \/>\nlos 4 jugadores de la escuela de Villafranca que est\u00e1n participando. Haciendo<br \/>\nun repaso a la situaci\u00f3n actual del torneo descubrimos varios datos que merecen<br \/>\nla pena destacarse:<\/span><\/div>\n<div style=\"margin-bottom: .0001pt;margin: 0cm;text-align: justify\">\n<b><span style=\"color: blue;font-size: 14.0pt\">Roberto L\u00f3pez N\u00fa\u00f1ez, <\/span><\/b><span style=\"font-size: 14.0pt\">suma 3,5 puntos y<br \/>\nalcanza la 5\u00aa plaza, partiendo inicialmente del puesto 51, despu\u00e9s de vencer a<br \/>\ndos rivales que le superaban en casi 200 puntos de elo. En la 5\u00aa ronda, del<br \/>\ndomingo 8 de mayo, est\u00e1 emparejado en la mesa 3 para jugar con piezas negras<br \/>\nfrente a Iv\u00e1n Arias Mart\u00ednez.<\/span><\/div>\n<div style=\"margin-bottom: .0001pt;margin: 0cm;text-align: justify\">\n<b><span style=\"color: blue;font-size: 14.0pt\">Irene Sim\u00f3n Escalona, <\/span><\/b><span style=\"font-size: 14.0pt\">con 3 puntos ocupa<br \/>\nla 19\u00aa posici\u00f3n (en el ranking inicial era la 65\u00ba), no lleva ninguna partida<br \/>\nperdida tras enfrentarse en las dos \u00faltimas rondas con jugadores con un elo<br \/>\nsuperior en m\u00e1s de 150 puntos. En la pr\u00f3xima ronda conducir\u00e1 las negras en la<br \/>\nmesa 10.<\/span><\/div>\n<div style=\"margin-bottom: .0001pt;margin: 0cm;text-align: justify\">\n<b><span style=\"color: blue;font-size: 14.0pt\">Alfredo Amador And\u00fajar, <\/span><\/b><span style=\"font-size: 14.0pt\">lleva conseguidos<br \/>\n2,5 puntos y mejora en 19 puestos su ranking inicial, situ\u00e1ndole en el tercer<br \/>\nlugar de la categor\u00eda sub-14. La 5\u00aa ronda le llevar\u00e1 con negras al tablero 15.<b><span style=\"color: blue\"> <\/span><\/b><\/span><\/div>\n<div style=\"margin-bottom: .0001pt;margin: 0cm;text-align: justify\">\n<b><span style=\"color: blue;font-size: 14.0pt\">Alonso L\u00f3pez N\u00fa\u00f1ez, <\/span><\/b><span style=\"font-size: 14.0pt\">el \u00fanico de<br \/>\nnuestros jugadores de la categor\u00eda sub-10 que se encuentra en este torneo,<br \/>\nlogra 1,5 puntos hasta el momento y su pr\u00f3xima partida la juega, tambi\u00e9n con<br \/>\nnegras, en el tablero 36.<\/span><\/div>\n<div style=\"margin-bottom: .0001pt;margin: 0cm;text-align: justify\">\n<span style=\"font-size: 14.0pt\"><br \/><\/span><\/div>\n<div class=\"separator\" style=\"clear: both;text-align: center\">\n<a href=\"https:\/\/www.bfv.cloud\/ajedrezeuropa\/wp-content\/uploads\/2016\/04\/IMG_20160410_100725.jpg\" style=\"clear: right;float: right;margin-bottom: 1em;margin-left: 1em\"><img decoding=\"async\" border=\"0\" height=\"300\" src=\"https:\/\/blogger.googleusercontent.com\/img\/b\/R29vZ2xl\/AVvXsEizP8W-NMYZLbuhDzdXxP441Mr03qZHLKMzc0d0v_YHabRLgUAazP_eWYPNi75p8MCh-7S_kRh-ww-zyCB1nGq82Arp4I8Q5NRVLhfayGN5FMzCRIj69GOQ9LoqlwGxGiQhjXF5jTTnd5U\/s400\/IMG_20160410_100725.jpg\" width=\"400\" \/><\/a><\/div>\n<div style=\"margin: 0cm 0cm 0.0001pt;text-align: center\">\n<span style=\", sans-serif;font-size: 14pt;text-align: justify\">La<br \/>\nparticipaci\u00f3n de los cuatro en San Viator el pr\u00f3ximo 8 de mayo est\u00e1<br \/>\ncondicionada por la celebraci\u00f3n del Campeonato por Equipos sub-16 de Toledo. En<br \/>\nprincipio, cabe pensar que este provincial de clubes se celebrar\u00e1 a jornada<br \/>\n\u00fanica como en las 5 ediciones anteriores, aunque todo depender\u00e1 del n\u00famero de<br \/>\nequipos inscritos. De cualquier manera, es de gran valor la actuaci\u00f3n que todos<br \/>\nellos est\u00e1n realizando dentro de un torneo con un gran prestigio y enorme<br \/>\nparticipaci\u00f3n entre los aficionados de la comunidad de Madrid, Castilla y Le\u00f3n<br \/>\ny Castilla-La Mancha.<\/span><span style=\", sans-serif;font-size: 14pt;text-align: justify\">&nbsp;<\/span><\/div>\n<div style=\"margin: 0cm 0cm 0.0001pt;text-align: center\">\n<span style=\", sans-serif;font-size: 14pt;text-align: justify\">Para<br \/>\ndescargar partidas y ver los resultados y clasificaciones, os dejamos el enlace<br \/>\ncon la p\u00e1gina del torneo en Chess-Results:<\/span><\/div>\n<div style=\"margin: 0cm 0cm 0.0001pt;text-align: center\">\n<span style=\"font-size: 14.0pt\"><a href=\"http:\/\/chess-results.com\/tnr209849.aspx?lan=2&amp;art=1&amp;rd=4&amp;flag=30&amp;wi=821\">CLASIFICACI\u00d3N RONDA 4 TORNEO SAN VIATOR GRUPO B <\/a><\/span><\/div>\n","protected":false},"excerpt":{"rendered":"<p>En la imagen, todos nuestros jugadores con blancas: Irene, Alfredo, Roberto y al fondo, de p\u00ede, Alonso Cuando se llevan disputadas 4 rondas del XXVI TORNEO SAN VIATOR&nbsp;en Madrid, encontramos en posiciones destacadas de la clasificaci\u00f3n provisional a los 4 jugadores de la escuela de Villafranca que est\u00e1n participando. Haciendo un repaso a la situaci\u00f3n [&hellip;]<\/p>\n","protected":false},"author":1,"featured_media":2916,"comment_status":"open","ping_status":"closed","sticky":false,"template":"","format":"standard","meta":{"footnotes":""},"categories":[1],"tags":[],"class_list":["post-2915","post","type-post","status-publish","format-standard","has-post-thumbnail","hentry","category-noticias"],"_links":{"self":[{"href":"https:\/\/www.bfv.cloud\/ajedrezeuropa\/wp-json\/wp\/v2\/posts\/2915","targetHints":{"allow":["GET"]}}],"collection":[{"href":"https:\/\/www.bfv.cloud\/ajedrezeuropa\/wp-json\/wp\/v2\/posts"}],"about":[{"href":"https:\/\/www.bfv.cloud\/ajedrezeuropa\/wp-json\/wp\/v2\/types\/post"}],"author":[{"embeddable":true,"href":"https:\/\/www.bfv.cloud\/ajedrezeuropa\/wp-json\/wp\/v2\/users\/1"}],"replies":[{"embeddable":true,"href":"https:\/\/www.bfv.cloud\/ajedrezeuropa\/wp-json\/wp\/v2\/comments?post=2915"}],"version-history":[{"count":1,"href":"https:\/\/www.bfv.cloud\/ajedrezeuropa\/wp-json\/wp\/v2\/posts\/2915\/revisions"}],"predecessor-version":[{"id":2918,"href":"https:\/\/www.bfv.cloud\/ajedrezeuropa\/wp-json\/wp\/v2\/posts\/2915\/revisions\/2918"}],"wp:featuredmedia":[{"embeddable":true,"href":"https:\/\/www.bfv.cloud\/ajedrezeuropa\/wp-json\/wp\/v2\/media\/2916"}],"wp:attachment":[{"href":"https:\/\/www.bfv.cloud\/ajedrezeuropa\/wp-json\/wp\/v2\/media?parent=2915"}],"wp:term":[{"taxonomy":"category","embeddable":true,"href":"https:\/\/www.bfv.cloud\/ajedrezeuropa\/wp-json\/wp\/v2\/categories?post=2915"},{"taxonomy":"post_tag","embeddable":true,"href":"https:\/\/www.bfv.cloud\/ajedrezeuropa\/wp-json\/wp\/v2\/tags?post=2915"}],"curies":[{"name":"wp","href":"https:\/\/api.w.org\/{rel}","templated":true}]}}