{"id":2919,"date":"2024-09-24T13:48:00","date_gmt":"2024-09-24T13:48:00","guid":{"rendered":"https:\/\/www.bfv.cloud\/ajedrezeuropa\/index.php\/2024\/09\/24\/la-fide-nos-entrega-la-medalla-de-plata-del-ajedrez-para-la-educacion-en-budapest\/"},"modified":"2025-11-20T10:53:55","modified_gmt":"2025-11-20T10:53:55","slug":"la-fide-nos-entrega-la-medalla-de-plata-del-ajedrez-para-la-educacion-en-budapest","status":"publish","type":"post","link":"https:\/\/www.bfv.cloud\/ajedrezeuropa\/la-fide-nos-entrega-la-medalla-de-plata-del-ajedrez-para-la-educacion-en-budapest\/","title":{"rendered":"LA FIDE NOS ENTREGA LA MEDALLA DE PLATA DEL AJEDREZ PARA LA EDUCACI\u00d3N EN BUDAPEST"},"content":{"rendered":"<\/p>\n<table cellpadding=\"0\" cellspacing=\"0\" class=\"tr-caption-container\" style=\"float: right\">\n<tbody>\n<tr>\n<td style=\"text-align: center\"><a href=\"https:\/\/www.bfv.cloud\/ajedrezeuropa\/wp-content\/uploads\/2024\/09\/120ANAND20ENTREGA20MEDALLA20PLATA.jpeg\" style=\"clear: right;margin-bottom: 1em;margin-left: auto;margin-right: auto\"><img fetchpriority=\"high\" decoding=\"async\" border=\"0\" data-original-height=\"952\" data-original-width=\"1085\" height=\"562\" src=\"https:\/\/blogger.googleusercontent.com\/img\/b\/R29vZ2xl\/AVvXsEg0OATIdkzvMOmvUh5mcnMUScJbknztaDB4mrhajTmY-yeaYODPa6RDD5NLYnjL2lRJVZdV6urbZO0wdOQU1HsBqMx6Y28Xch5U57m0ZEj3IrQrPnhn7vEG4O_h-BiRVW71UVdNyCMTJlbx8cIAbrx4M5S1-o13K7UpTX0ZhLBHdNj3xJl84Yl606kR2k0\/w640-h562\/1%20ANAND%20ENTREGA%20MEDALLA%20PLATA.jpeg\" width=\"640\" \/><\/a><\/td>\n<\/tr>\n<tr>\n<td class=\"tr-caption\" style=\"text-align: center\">Anand entregando la medalla a Jos\u00e9 Manuel Tofi\u00f1o y F\u00e9lix Toribio<\/p>\n<\/td>\n<\/tr>\n<\/tbody>\n<\/table>\n<p><span style=\"font-family: arial;font-size: large\"><\/p>\n<table cellpadding=\"0\" cellspacing=\"0\" class=\"tr-caption-container\" style=\"float: right\">\n<tbody>\n<tr>\n<td style=\"text-align: center\"><a href=\"https:\/\/www.bfv.cloud\/ajedrezeuropa\/wp-content\/uploads\/2024\/09\/020MEDALLA20PLATA20FIDE.jpeg\" style=\"clear: right;margin-bottom: 1em;margin-left: auto;margin-right: auto\"><img decoding=\"async\" border=\"0\" data-original-height=\"1725\" data-original-width=\"1343\" height=\"400\" src=\"https:\/\/blogger.googleusercontent.com\/img\/b\/R29vZ2xl\/AVvXsEisahyB0bF9V8gQRBV8Vn5Io2h9FpjfdKBP608l7fVgb9p5eVqtLKf9j0r3zqq8vs7bIaim710BmebTcehYvLCK5wBH8cgeEsVh-mPDNIKEbnfSkn8RZ0VWXvvGm-qEf9hyXz3LrBGux9fDb0MdjthXkaxOQosT3Q6Wcv5kiRJK-f8-GZJPlyf647jhHc4\/w311-h400\/0%20MEDALLA%20PLATA%20FIDE.jpeg\" width=\"311\" \/><\/a><\/td>\n<\/tr>\n<tr>\n<td class=\"tr-caption\" style=\"text-align: center\">Imagen de la medalla de plata<\/td>\n<\/tr>\n<\/tbody>\n<\/table>\n<p><\/span><\/p>\n<div><span style=\"font-family: arial;font-size: large\"><br \/><\/span><\/div>\n<div><span style=\"font-family: arial;font-size: large\"><br \/><\/span><\/div>\n<div><span style=\"font-family: arial;font-size: large\"><br \/><\/span><\/div>\n<div><span style=\"font-family: arial;font-size: large\"><br \/><\/span><\/div>\n<div><span style=\"font-family: arial;font-size: large\"><br \/><\/span><\/div>\n<div><span style=\"font-family: arial;font-size: large\"><br \/><\/span><\/div>\n<div><span style=\"font-family: arial;font-size: large\"><br \/><\/span><\/div>\n<div><span style=\"font-family: arial;font-size: large\"><br \/><\/span><\/div>\n<div><span style=\"font-family: arial;font-size: large\"><br \/><\/span><\/div>\n<div><span style=\"font-family: arial;font-size: large\"><br \/><\/span><\/div>\n<div><span style=\"font-family: arial;font-size: large\"><br \/><\/span><\/div>\n<div><span style=\"font-family: arial;font-size: large\"><br \/><\/span><\/div>\n<div><span style=\"font-family: arial;font-size: large\"><br \/><\/span><\/div>\n<div><span style=\"font-family: arial;font-size: large\"><br \/><\/span><\/div>\n<div><span style=\"font-family: arial;font-size: large\"><br \/><\/span><\/div>\n<div><span style=\"font-family: arial;font-size: large\"><br \/><\/span><\/div>\n<div><span style=\"font-family: arial;font-size: large\"><br \/><\/span><\/div>\n<div><span style=\"font-family: arial;font-size: large\"><br \/><\/span><\/div>\n<div><span style=\"font-family: arial;font-size: large\"><br \/><\/span><\/div>\n<div><span style=\"font-family: arial;font-size: large\"><br \/><\/span><\/div>\n<div><span style=\"font-family: arial;font-size: large\"><br \/><\/span><\/div>\n<div><span style=\"font-family: arial;font-size: large\"><br \/><\/span><\/div>\n<div><span style=\"font-family: arial;font-size: large\"><br \/><\/span><\/div>\n<div><span style=\"font-family: arial;font-size: large\">Budapest ha sido la capital del ajedrez mundial entre el 10 y el 23 de septiembre. Ajedrecistas de m\u00e1s de 190 pa\u00edses, tanto hombres como mujeres, se han reunido en la 45\u00aa Olimpiada de la FIDE, acompa\u00f1ados de t\u00e9cnicos, delegaciones federativas, periodistas, etc, convirtiendo a esta celebraci\u00f3n deportiva en el 5\u00ba mayor de la historia por n\u00famero de participantes. En ese marco, la Chess in Education Commission &#8211; FIDE, ha hecho entrega de los primeros premios del ajedrez para la Educaci\u00f3n. Han sido un total de 22 colegios y proyectos los premiados con medallas de oro, plata y bronce. <b>\u00abEl ajedrez en la escuela, una estrategia educativa\u00bb<\/b>, financiado por el <b>ayuntamiento de Illescas<\/b> y organizado por <b>Nuestro Ajedrez en Europa<\/b> en los 7 colegios p\u00fablicos de esta ciudad toledana desde el a\u00f1o 2017, ha recibido la medalla de plata de la mano del excampe\u00f3n mundial, <b>Viswanathan Anand<\/b>. Este jugador de origen indio ha promocionado y elevado el ajedrez hasta la categor\u00eda de deporte nacional, siendo en la actualidad uno de los deportes m\u00e1s practicados y destacados del pa\u00eds m\u00e1s poblado del planeta. No en vano, India se ha convertido en doble campeona ol\u00edmpica en Budapest. De ah\u00ed la importancia de que haya sido el propio Anand el que entregue la medalla de plata a los art\u00edfices del proyecto de ajedrez educativo illescano, el alcalde <b>Jos\u00e9 Manuel Tofi\u00f1o<\/b>, y el coordinador de \u00abEl ajedrez en la escuela, una estrategia educativa\u00bb,<b> F\u00e9lix Toribio<\/b>.<\/span><\/div>\n<div>\n<table align=\"center\" cellpadding=\"0\" cellspacing=\"0\" class=\"tr-caption-container\" style=\"margin-left: auto;margin-right: auto\">\n<tbody>\n<tr>\n<td style=\"text-align: center\"><a href=\"https:\/\/www.bfv.cloud\/ajedrezeuropa\/wp-content\/uploads\/2024\/09\/220PREMIO20CON20LEONTXO.jpeg\" style=\"margin-left: auto;margin-right: auto\"><img decoding=\"async\" border=\"0\" data-original-height=\"1347\" data-original-width=\"1229\" height=\"640\" src=\"https:\/\/blogger.googleusercontent.com\/img\/b\/R29vZ2xl\/AVvXsEgNVlLWLy7FRT0Y6dIZCEjsn94ZZTPNUl3FtU7FJkp6gQ5wPMnquAIPonkpG7ITpREzjsiCasIVSvaEY2OWKlHvMYEjtv8570gDLISympNxFzI9wX-6OQ-QUec187PD_CpyKOuO3FUU9xv084sszfPLHSxU_kuE-RSO9AqkT_bXL1pXnqXIssJFzqf2CZM\/w584-h640\/2%20PREMIO%20CON%20LEONTXO.jpeg\" width=\"584\" \/><\/a><\/td>\n<\/tr>\n<tr>\n<td class=\"tr-caption\" style=\"text-align: center\">Jos\u00e9 Manuel Tofi\u00f1o, Leontxo Garc\u00eda y F\u00e9lix Toribio<\/td>\n<\/tr>\n<\/tbody>\n<\/table>\n<p><span style=\"font-family: arial;font-size: x-large\"><br \/><\/span><\/div>\n<div><span style=\"font-family: arial;font-size: x-large\">Adem\u00e1s, la FIDE est\u00e1 celebrando sus 100 a\u00f1os de existencia y ha querido lucir la historia del ajedrez con distintos premios a jugadores, jugadoras y personajes destacados en una cena de gala que ha contado con actuaciones y discursos estelares. Esta primera distinci\u00f3n internacional para el proyecto compartido por el ayuntamiento de Illescas y Nuestro Ajedrez en Europa es posible gracias a la colaboraci\u00f3n de los colegios p\u00fablicos: <\/span><b style=\"font-family: arial;font-size: x-large\">Mart\u00edn Chico, La Constituci\u00f3n, Ilarcuris, Clara Campoamor, El Greco, Libertad y Rosa Chacel,<\/b><span style=\"font-family: arial;font-size: x-large\"> y al trabajo del grupo de personas que acercan sus conocimientos y capacidades pedag\u00f3gicas a las aulas: <\/span><b style=\"font-family: arial;font-size: x-large\">M\u00aa Luisa Camu\u00f1as, Ana Isabel Gonz\u00e1lez, Ismael P\u00e9rez, Blanca Y\u00e9benes, Sergio Y\u00e9benes y Paula Rodr\u00edguez.<\/b><\/div>\n<div>\n<table align=\"center\" cellpadding=\"0\" cellspacing=\"0\" class=\"tr-caption-container\" style=\"margin-left: auto;margin-right: auto\">\n<tbody>\n<tr>\n<td style=\"text-align: center\"><a href=\"https:\/\/www.bfv.cloud\/ajedrezeuropa\/wp-content\/uploads\/2024\/09\/420GRUPO20HISPANOS20CON20MEDALLAS.jpeg\" style=\"margin-left: auto;margin-right: auto\"><img loading=\"lazy\" decoding=\"async\" border=\"0\" data-original-height=\"660\" data-original-width=\"666\" height=\"634\" src=\"https:\/\/blogger.googleusercontent.com\/img\/b\/R29vZ2xl\/AVvXsEjNtOnhadO6he6hq919t68C2PeyfaG2WLcMJeWzXki_PWLBVHlFUB0AAgp6fR3Cc-Gs9Hg5evwMX_u6Kclm_rKE4WNSocXVywqsrrkeAP0z_49Xqq9J0o21NCCXJ0ubhVpWv83rIr6Y9KbdRujR5sKF7DPaVe-0IgynS86P_AgA4JZS-uF3oIp1cU4Pvro\/w640-h634\/4%20GRUPO%20HISPANOS%20CON%20MEDALLAS.jpeg\" width=\"640\" \/><\/a><\/td>\n<\/tr>\n<tr>\n<td class=\"tr-caption\" style=\"text-align: center\">Grupo de premiados de habla hispana en Budapest<\/td>\n<\/tr>\n<\/tbody>\n<\/table>\n<p><b style=\"font-family: arial;font-size: x-large\"><u><br \/><\/u><\/b><\/div>\n<div><b style=\"font-family: arial;font-size: x-large\"><u>Las selecciones ol\u00edmpicas espa\u00f1olas de ajedrez culminan la mejor actuaci\u00f3n de su historia<\/u><\/b><\/div>\n<div>\n<div><span style=\"font-family: arial;font-size: large\"><b><u><br \/><\/u><\/b><\/span><\/div>\n<div><span style=\"font-family: arial;font-size: large\"><b><\/p>\n<table align=\"center\" cellpadding=\"0\" cellspacing=\"0\" class=\"tr-caption-container\" style=\"margin-left: auto;margin-right: auto\">\n<tbody>\n<tr>\n<td style=\"text-align: center\"><a href=\"https:\/\/www.bfv.cloud\/ajedrezeuropa\/wp-content\/uploads\/2024\/09\/SELECCION20OLIMPICA20ESPAC391A20FEMENINA.jpg\" style=\"margin-left: auto;margin-right: auto\"><img loading=\"lazy\" decoding=\"async\" border=\"0\" data-original-height=\"572\" data-original-width=\"1883\" height=\"194\" src=\"https:\/\/blogger.googleusercontent.com\/img\/b\/R29vZ2xl\/AVvXsEgyRPmjChkmsYjMRlVucabF4rmhxl2ixTyQlvk2jU_QKEjSiN_-zmL-3P87L2x_vKqWtc9bNzW4meUbKJ2rMPfmXrEA9OfpnIEas8imveCYYogRzXFy8ENIQ8R2YBtgAsyqjuoCkSQr0yd6cmQgNmyLHmlNon_nvz0DioE7aPvKGJLKli8qCSwZqLUbufg\/w640-h194\/SELECCION%20OLIMPICA%20ESPA%C3%91A%20FEMENINA.jpg\" width=\"640\" \/><\/a><\/td>\n<\/tr>\n<tr>\n<td class=\"tr-caption\" style=\"text-align: center\">Selecci\u00f3n ol\u00edmpica femenina (FOTO: Patricia Claros para FEDA)<\/td>\n<\/tr>\n<\/tbody>\n<\/table>\n<p><\/b><\/span><\/div>\n<div><span style=\"font-family: arial;font-size: large\">No queremos olvidar el papel tan importante que han jugado las selecciones ol\u00edmpicas espa\u00f1olas de ajedrez en Hungr\u00eda. La selecci\u00f3n femenina 4\u00aa de la clasificaci\u00f3n final y en la categor\u00eda abierta 10\u00aa clasificada, obteniendo varias medallas por los resultados conseguidos en cada tablero: plata para <b>Sara Khadem y Sabrina Vega<\/b>, bronce para <b>Alan Pichot<\/b>.<\/span><\/div>\n<div><span style=\"font-family: arial;font-size: large\"><br \/><\/span><\/div>\n<div>\n<table align=\"center\" cellpadding=\"0\" cellspacing=\"0\" class=\"tr-caption-container\" style=\"margin-left: auto;margin-right: auto\">\n<tbody>\n<tr>\n<td style=\"text-align: center\"><a href=\"https:\/\/www.bfv.cloud\/ajedrezeuropa\/wp-content\/uploads\/2024\/09\/SELECC20OLIMPICA20ABS.png\" style=\"margin-left: auto;margin-right: auto\"><img loading=\"lazy\" decoding=\"async\" border=\"0\" data-original-height=\"1045\" data-original-width=\"1889\" height=\"354\" src=\"https:\/\/blogger.googleusercontent.com\/img\/b\/R29vZ2xl\/AVvXsEgvBb3pSQ0OwvB01zFy5o1r0NqOLuGcQdquI2tL5BOtNvLe-3PQ4X-B8wH-7guj_n66qQgvpQHSB-T3oV81sF2wKzCPfnJjiIC7DgOaLMsBTlgF-SHqRDCsyifEy4Pseb5BFD1Xbnd2nNnmIMk1iDXf6DYm9NYTQPFNyM3Oal4n39HhUflgK8PTElMCHVk\/w640-h354\/SELECC%20OLIMPICA%20ABS.png\" width=\"640\" \/><\/a><\/td>\n<\/tr>\n<tr>\n<td class=\"tr-caption\" style=\"text-align: center\">Varios jugadores de la selecci\u00f3n espa\u00f1ola de ajedrez absoluta ol\u00edmpica junto a su entrenador<br \/>FOTO: Patricia Claros para FEDA<\/td>\n<\/tr>\n<\/tbody>\n<\/table>\n<\/div>\n<div><\/div>\n<\/div>\n","protected":false},"excerpt":{"rendered":"<p>Anand entregando la medalla a Jos\u00e9 Manuel Tofi\u00f1o y F\u00e9lix Toribio Imagen de la medalla de plata Budapest ha sido la capital del ajedrez mundial entre el 10 y el 23 de septiembre. Ajedrecistas de m\u00e1s de 190 pa\u00edses, tanto hombres como mujeres, se han reunido en la 45\u00aa Olimpiada de la FIDE, acompa\u00f1ados de [&hellip;]<\/p>\n","protected":false},"author":1,"featured_media":2920,"comment_status":"open","ping_status":"closed","sticky":false,"template":"","format":"standard","meta":{"footnotes":""},"categories":[1],"tags":[],"class_list":["post-2919","post","type-post","status-publish","format-standard","has-post-thumbnail","hentry","category-noticias"],"_links":{"self":[{"href":"https:\/\/www.bfv.cloud\/ajedrezeuropa\/wp-json\/wp\/v2\/posts\/2919","targetHints":{"allow":["GET"]}}],"collection":[{"href":"https:\/\/www.bfv.cloud\/ajedrezeuropa\/wp-json\/wp\/v2\/posts"}],"about":[{"href":"https:\/\/www.bfv.cloud\/ajedrezeuropa\/wp-json\/wp\/v2\/types\/post"}],"author":[{"embeddable":true,"href":"https:\/\/www.bfv.cloud\/ajedrezeuropa\/wp-json\/wp\/v2\/users\/1"}],"replies":[{"embeddable":true,"href":"https:\/\/www.bfv.cloud\/ajedrezeuropa\/wp-json\/wp\/v2\/comments?post=2919"}],"version-history":[{"count":1,"href":"https:\/\/www.bfv.cloud\/ajedrezeuropa\/wp-json\/wp\/v2\/posts\/2919\/revisions"}],"predecessor-version":[{"id":2926,"href":"https:\/\/www.bfv.cloud\/ajedrezeuropa\/wp-json\/wp\/v2\/posts\/2919\/revisions\/2926"}],"wp:featuredmedia":[{"embeddable":true,"href":"https:\/\/www.bfv.cloud\/ajedrezeuropa\/wp-json\/wp\/v2\/media\/2920"}],"wp:attachment":[{"href":"https:\/\/www.bfv.cloud\/ajedrezeuropa\/wp-json\/wp\/v2\/media?parent=2919"}],"wp:term":[{"taxonomy":"category","embeddable":true,"href":"https:\/\/www.bfv.cloud\/ajedrezeuropa\/wp-json\/wp\/v2\/categories?post=2919"},{"taxonomy":"post_tag","embeddable":true,"href":"https:\/\/www.bfv.cloud\/ajedrezeuropa\/wp-json\/wp\/v2\/tags?post=2919"}],"curies":[{"name":"wp","href":"https:\/\/api.w.org\/{rel}","templated":true}]}}