{"id":2927,"date":"2022-09-05T17:15:00","date_gmt":"2022-09-05T17:15:00","guid":{"rendered":"https:\/\/www.bfv.cloud\/ajedrezeuropa\/index.php\/2022\/09\/05\/subcampeones-juveniles-de-castilla-la-mancha-por-2o-ano-consecutivo\/"},"modified":"2025-11-20T10:54:03","modified_gmt":"2025-11-20T10:54:03","slug":"subcampeones-juveniles-de-castilla-la-mancha-por-2o-ano-consecutivo","status":"publish","type":"post","link":"https:\/\/www.bfv.cloud\/ajedrezeuropa\/subcampeones-juveniles-de-castilla-la-mancha-por-2o-ano-consecutivo\/","title":{"rendered":"SUBCAMPEONES JUVENILES DE CASTILLA-LA MANCHA POR 2\u00ba A\u00d1O CONSECUTIVO"},"content":{"rendered":"<p>&nbsp;<\/p>\n<table align=\"center\" cellpadding=\"0\" cellspacing=\"0\" class=\"tr-caption-container\" style=\"margin-left: auto;margin-right: auto\">\n<tbody>\n<tr>\n<td style=\"text-align: center\"><a href=\"https:\/\/www.bfv.cloud\/ajedrezeuropa\/wp-content\/uploads\/2022\/09\/120NUESTRO20AJEDREZ20EN20EUROPA20SUBCAMPEON20S18.jpg\" style=\"margin-left: auto;margin-right: auto\"><img fetchpriority=\"high\" decoding=\"async\" border=\"0\" data-original-height=\"894\" data-original-width=\"1318\" height=\"434\" src=\"https:\/\/blogger.googleusercontent.com\/img\/b\/R29vZ2xl\/AVvXsEhbieOnzmdynYgnRRt3zaMrW5hDik5t7Zh0o6hzXNi2aAjXG1D7AMnHOIlgINpJyi3u7AdG-tqvcxOCHP7zSAvEytAYu9FW9r5B_CYiI2X1ckmR5vcjbUbzf7Jgjqp8HAqX0C03intfRYNgIQ7jByrRjgPZApXCrFVgQVcfaY4mpKmGM6yziSO1uGIa\/w640-h434\/1%20NUESTRO%20AJEDREZ%20EN%20EUROPA%20SUBCAMPEON%20S18.jpg\" width=\"640\" \/><\/a><\/td>\n<\/tr>\n<tr>\n<td class=\"tr-caption\" style=\"text-align: center\">El equipo juvenil de Nuestro Ajedrez en Europa, subcampe\u00f3n regional 2022<\/td>\n<\/tr>\n<\/tbody>\n<\/table>\n<h1 style=\"text-align: left\">Ayer conclu\u00edan en Albacete los campeonatos de Castilla-La Mancha por clubes en las categor\u00edas juvenil (sub18) e infantil (sub12). El equipo sub-18 de Nuestro Ajedrez en Europa lograba la medalla de plata por segundo a\u00f1o consecutivo tras completar un magn\u00edfico torneo con 4 victorias y 2 empates, quedando con 10 puntos a 1 del t\u00edtulo y aventajando en 2 al tercer clasificado. El quinteto formado por: David Crespo D\u00edaz, \u00c1ngel Collado Alcolado, Alonso L\u00f3pez N\u00fa\u00f1ez, Javier Jim\u00e9nez Carrazoni y \u00d3scar Ortega Olivares, lucharon por el t\u00edtulo hasta la \u00faltima ronda, consiguiendo quedar invictos.&nbsp;<\/h1>\n<table align=\"center\" cellpadding=\"0\" cellspacing=\"0\" class=\"tr-caption-container\" style=\"margin-left: auto;margin-right: auto\">\n<tbody>\n<tr>\n<td style=\"text-align: center\"><a href=\"https:\/\/www.bfv.cloud\/ajedrezeuropa\/wp-content\/uploads\/2022\/09\/420RONDA20120REGIONAL20JUVENIL.jpeg\" style=\"margin-left: auto;margin-right: auto\"><img decoding=\"async\" border=\"0\" data-original-height=\"922\" data-original-width=\"2000\" height=\"296\" src=\"https:\/\/blogger.googleusercontent.com\/img\/b\/R29vZ2xl\/AVvXsEiq0Plf9VbF6GvFao-ysbAwlsPsjw5plsDB6x3fSgJ1dmyIfUrKCQ4iKZIBOTJVBWIn3IW98Tgm_ZvYJrVCdA-QCUp9BfautwED4GawgwYH6FFX0OJfWt_QMsmRk8pF3v7iaL50MAE0sJR7Y1ur8d6pOh_ph4wtUoYU8sM45ErMcoyeFsufaekGskPf\/w640-h296\/4%20RONDA%201%20REGIONAL%20JUVENIL.jpeg\" width=\"640\" \/><\/a><\/td>\n<\/tr>\n<tr>\n<td class=\"tr-caption\" style=\"text-align: center\">El equipo juvenil, a la izquierda, antes de comenzar la ronda 1<\/td>\n<\/tr>\n<\/tbody>\n<\/table>\n<p><\/p>\n<div><\/div>\n<h1 style=\"text-align: left\">En la categor\u00eda sub-12, el equipo de Nuestro Ajedrez por la Igualdad, formado por: Marta Elena Jim\u00e9nez Carrazoni, Jaime Vila Castillo, Carlos Morales Rodr\u00edguez y Santiago Linares N\u00fa\u00f1ez, lograban la 5\u00aa plaza tras sumar 7 puntos a tan solo 1 del tercer clasificado.<\/h1>\n<table align=\"center\" cellpadding=\"0\" cellspacing=\"0\" class=\"tr-caption-container\" style=\"margin-left: auto;margin-right: auto\">\n<tbody>\n<tr>\n<td style=\"text-align: center\"><a href=\"https:\/\/www.bfv.cloud\/ajedrezeuropa\/wp-content\/uploads\/2022\/09\/520RONDA20220REGIONAL20S12.jpeg\" style=\"margin-left: auto;margin-right: auto\"><img decoding=\"async\" border=\"0\" data-original-height=\"1200\" data-original-width=\"1600\" height=\"480\" src=\"https:\/\/blogger.googleusercontent.com\/img\/b\/R29vZ2xl\/AVvXsEj-wCzSOewGdqhCeMzpvGPXd78ZJVzTxUDKtlayt9HTpNA_YDxwsXV-R6SXpNDNj5xcwfUpR-lzDrW0-Z7SO64hgaPCxRZF3jDIvHeKO_7_MTydwiggGy50cFAa8cGrQ28VpdiuvhOyo1ZjMYr-eiyW-vH3wEoPW02-GbTe9bpX0gs8sLFE9Pt9NIPL\/w640-h480\/5%20RONDA%202%20REGIONAL%20S12.jpeg\" width=\"640\" \/><\/a><\/td>\n<\/tr>\n<tr>\n<td class=\"tr-caption\" style=\"text-align: center\">El equipo sub12 al comienzo de una de las rondas<\/td>\n<\/tr>\n<\/tbody>\n<\/table>\n<p><\/p>\n<div><\/div>\n<h2 style=\"text-align: left\"><u>Adem\u00e1s se han obtenido 3 premios a los mejores resultados por tableros<\/u><\/h2>\n<h1 style=\"text-align: left\">\n<table cellpadding=\"0\" cellspacing=\"0\" class=\"tr-caption-container\" style=\"float: left\">\n<tbody>\n<tr>\n<td style=\"text-align: center\"><a href=\"https:\/\/www.bfv.cloud\/ajedrezeuropa\/wp-content\/uploads\/2022\/09\/620ALONSO20LOPEZ20PREMIO20TABLERO20320S18.jpg\" style=\"clear: left;margin-bottom: 1em;margin-left: auto;margin-right: auto\"><img loading=\"lazy\" decoding=\"async\" border=\"0\" data-original-height=\"963\" data-original-width=\"672\" height=\"320\" src=\"https:\/\/blogger.googleusercontent.com\/img\/b\/R29vZ2xl\/AVvXsEgnn7TVYcJ0f_NndcWB3w2PJst0NP3mVyHPGyqxyF_94gWW7tp1g5AUFHw_aDRCU4uuw2hrPLKlKyZPEXOjTK7nfyatKDpYkrWo15iAfEJWD0wTWQmhts6vqLqPyJKQXvEnqIoPlHWOWHaYbwPV6qNkCut6MfUAbMkTMe19ljUlz5atE2Zg6si3s7TS\/s320\/6%20ALONSO%20LOPEZ%20PREMIO%20TABLERO%203%20S18.jpg\" width=\"223\" \/><\/a><\/td>\n<\/tr>\n<tr>\n<td class=\"tr-caption\" style=\"text-align: center\">Alonso L\u00f3pez, <br \/>mejor tablero 3<br \/>en categor\u00eda <br \/>juvenil<\/td>\n<\/tr>\n<\/tbody>\n<\/table>\n<p>En cuanto a los premios individuales a los mejores tableros, un total de 3 fueron recogidos por nuestros ajedrecistas. En el campeonato juvenil recibieron la distinci\u00f3n: Alonso L\u00f3pez, en el tablero 3, y Javier Jim\u00e9nez, en el 4\u00ba. Por su parte, Marta Jim\u00e9nez, obtuvo el premio al mejor tablero 1 de la categor\u00eda sub-12.&nbsp;<\/p>\n<table cellpadding=\"0\" cellspacing=\"0\" class=\"tr-caption-container\" style=\"float: left\">\n<tbody>\n<tr>\n<td style=\"text-align: center\"><a href=\"https:\/\/www.bfv.cloud\/ajedrezeuropa\/wp-content\/uploads\/2022\/09\/720MARTA20JIMENEZ20PREMIO20MEJOR20TABLERO20120S12.jpg\" style=\"clear: left;margin-bottom: 1em;margin-left: auto;margin-right: auto\"><img loading=\"lazy\" decoding=\"async\" border=\"0\" data-original-height=\"845\" data-original-width=\"599\" height=\"320\" src=\"https:\/\/blogger.googleusercontent.com\/img\/b\/R29vZ2xl\/AVvXsEj7fX1rTcsyK31L8nn9FUOg1USsgO-HvVychTn9wrUxZaFLmq9drx5ur8yQFe-3Lns1H8ULv_nWMoFrh9Veg-dCXRi9Ycl8xdHqU6Q6zxG67E5ZSJzG3cQylj022Kn0pB8BR-5fcJLJOdjM4Vgl3PTd4YSGjbMam2Cdj0NVibceXmJsERYFu_jOPuTe\/s320\/7%20MARTA%20JIMENEZ%20PREMIO%20MEJOR%20TABLERO%201%20S12.jpg\" width=\"227\" \/><\/a><\/td>\n<\/tr>\n<tr>\n<td class=\"tr-caption\" style=\"text-align: center\">Marta Jim\u00e9nez, <br \/>mejor tablero 1 <br \/>en<br \/>categor\u00eda sub12<\/td>\n<\/tr>\n<\/tbody>\n<\/table>\n<\/h1>\n<h1 style=\"text-align: left\">En el apartado de los entrenadores, nuestros 9 jugadores han estado preparados por Roberto L\u00f3pez N\u00fa\u00f1ez y Silvia Toribio Camu\u00f1as.&nbsp;<\/h1>\n<h1 style=\"text-align: left\">\n<table cellpadding=\"0\" cellspacing=\"0\" class=\"tr-caption-container\" style=\"float: right\">\n<tbody>\n<tr>\n<td style=\"text-align: center\"><a href=\"https:\/\/www.bfv.cloud\/ajedrezeuropa\/wp-content\/uploads\/2022\/09\/220JAVIER20JIMENEZ20PREMIO20TABLERO20420S18.jpg\" style=\"clear: right;margin-bottom: 1em;margin-left: auto;margin-right: auto\"><img loading=\"lazy\" decoding=\"async\" border=\"0\" data-original-height=\"940\" data-original-width=\"946\" height=\"226\" src=\"https:\/\/blogger.googleusercontent.com\/img\/b\/R29vZ2xl\/AVvXsEhd3xhidKszXo4lVAs0JEJ9BkUCBJp4WL52ob6sEvLwqr-Bka29LMi1bgAjJEQPNvAg9NEiWwE5F_8yhVsrYZwTgRt8rA6G7R7nOVI0PiznNZHNror2GMhlVGSJNnWih35-265jqvlueqwaP5CIXLDUuBOpsFYvO12X_bP6AGL7GgowxxCBPnWMUXE3\/w227-h226\/2%20JAVIER%20JIMENEZ%20PREMIO%20TABLERO%204%20S18.jpg\" width=\"227\" \/><\/a><\/td>\n<\/tr>\n<tr>\n<td class=\"tr-caption\" style=\"text-align: center\">Javier Jim\u00e9nez, <br \/>mejor tablero 4<br \/>en categor\u00eda juvenil<\/td>\n<\/tr>\n<\/tbody>\n<\/table>\n<p>Desde el 1 al 4 de septiembre todos ellos han vivido 4 intensos y muy exigentes d\u00edas de competici\u00f3n con partidas de una duraci\u00f3n superior a 3 horas en la mayor\u00eda de las rondas. Este esfuerzo diario que supone m\u00e1s de 6 horas en el tablero se ve acrecentado por el tiempo de preparaci\u00f3n y an\u00e1lisis que se dedica a las partidas. Esta dedicaci\u00f3n es ejemplar y m\u00e1s trat\u00e1ndose de j\u00f3venes, de ni\u00f1os y de ni\u00f1as cuyos objetivos son siempre de superaci\u00f3n personal en favor del grupo.<\/h1>\n<table align=\"center\" cellpadding=\"0\" cellspacing=\"0\" class=\"tr-caption-container\" style=\"margin-left: auto;margin-right: auto\">\n<tbody>\n<tr>\n<td style=\"text-align: center\"><a href=\"https:\/\/www.bfv.cloud\/ajedrezeuropa\/wp-content\/uploads\/2022\/09\/820JUGADORESENTRENADOREZ.jpg\" style=\"margin-left: auto;margin-right: auto\"><img loading=\"lazy\" decoding=\"async\" border=\"0\" data-original-height=\"1104\" data-original-width=\"1994\" height=\"354\" src=\"https:\/\/blogger.googleusercontent.com\/img\/b\/R29vZ2xl\/AVvXsEih6OcwNej5p6W5nd3e_4ZlIDaQywE3Re2r2gKS_A5TajZxCzsEeKASn06ULXfjrNMdL2tGYWBE0JMoVYllyufr2qcqzd0_ugZ3_t88purVO2wKz4VFtxVsCvdsFPBqTonHZD-PKDwjhUaDczMC-cdZul6H6dcDImf1lqAXIMTn25n_hfHxeok55OcW\/w640-h354\/8%20JUGADORES+ENTRENADOREZ.jpg\" width=\"640\" \/><\/a><\/td>\n<\/tr>\n<tr>\n<td class=\"tr-caption\" style=\"text-align: center\">Jugadores y entrenadores al finalizar los campeonatos<\/td>\n<\/tr>\n<\/tbody>\n<\/table>\n<p><\/p>\n<div><\/div><\/p>\n","protected":false},"excerpt":{"rendered":"<p>&nbsp; El equipo juvenil de Nuestro Ajedrez en Europa, subcampe\u00f3n regional 2022 Ayer conclu\u00edan en Albacete los campeonatos de Castilla-La Mancha por clubes en las categor\u00edas juvenil (sub18) e infantil (sub12). El equipo sub-18 de Nuestro Ajedrez en Europa lograba la medalla de plata por segundo a\u00f1o consecutivo tras completar un magn\u00edfico torneo con 4 [&hellip;]<\/p>\n","protected":false},"author":1,"featured_media":2928,"comment_status":"open","ping_status":"closed","sticky":false,"template":"","format":"standard","meta":{"footnotes":""},"categories":[1],"tags":[],"class_list":["post-2927","post","type-post","status-publish","format-standard","has-post-thumbnail","hentry","category-noticias"],"_links":{"self":[{"href":"https:\/\/www.bfv.cloud\/ajedrezeuropa\/wp-json\/wp\/v2\/posts\/2927","targetHints":{"allow":["GET"]}}],"collection":[{"href":"https:\/\/www.bfv.cloud\/ajedrezeuropa\/wp-json\/wp\/v2\/posts"}],"about":[{"href":"https:\/\/www.bfv.cloud\/ajedrezeuropa\/wp-json\/wp\/v2\/types\/post"}],"author":[{"embeddable":true,"href":"https:\/\/www.bfv.cloud\/ajedrezeuropa\/wp-json\/wp\/v2\/users\/1"}],"replies":[{"embeddable":true,"href":"https:\/\/www.bfv.cloud\/ajedrezeuropa\/wp-json\/wp\/v2\/comments?post=2927"}],"version-history":[{"count":1,"href":"https:\/\/www.bfv.cloud\/ajedrezeuropa\/wp-json\/wp\/v2\/posts\/2927\/revisions"}],"predecessor-version":[{"id":2935,"href":"https:\/\/www.bfv.cloud\/ajedrezeuropa\/wp-json\/wp\/v2\/posts\/2927\/revisions\/2935"}],"wp:featuredmedia":[{"embeddable":true,"href":"https:\/\/www.bfv.cloud\/ajedrezeuropa\/wp-json\/wp\/v2\/media\/2928"}],"wp:attachment":[{"href":"https:\/\/www.bfv.cloud\/ajedrezeuropa\/wp-json\/wp\/v2\/media?parent=2927"}],"wp:term":[{"taxonomy":"category","embeddable":true,"href":"https:\/\/www.bfv.cloud\/ajedrezeuropa\/wp-json\/wp\/v2\/categories?post=2927"},{"taxonomy":"post_tag","embeddable":true,"href":"https:\/\/www.bfv.cloud\/ajedrezeuropa\/wp-json\/wp\/v2\/tags?post=2927"}],"curies":[{"name":"wp","href":"https:\/\/api.w.org\/{rel}","templated":true}]}}