{"id":2936,"date":"2025-04-06T17:59:00","date_gmt":"2025-04-06T17:59:00","guid":{"rendered":"https:\/\/www.bfv.cloud\/ajedrezeuropa\/index.php\/2025\/04\/06\/iii-torneo-de-ajedrez-castillo-de-consuegra\/"},"modified":"2025-11-20T10:54:06","modified_gmt":"2025-11-20T10:54:06","slug":"iii-torneo-de-ajedrez-castillo-de-consuegra","status":"publish","type":"post","link":"https:\/\/www.bfv.cloud\/ajedrezeuropa\/iii-torneo-de-ajedrez-castillo-de-consuegra\/","title":{"rendered":"III TORNEO DE AJEDREZ CASTILLO DE CONSUEGRA"},"content":{"rendered":"<blockquote style=\"border: none;margin: 0 0 0 40px;padding: 0px\">\n<p style=\"text-align: left\">&nbsp;<a href=\"https:\/\/www.bfv.cloud\/ajedrezeuropa\/wp-content\/uploads\/2025\/04\/CARTEL20III20TORNEO20CASTILLO20DE20CONSUEGGRA202025-1.jpeg\" style=\"margin-left: 1em;margin-right: 1em;text-align: center\"><img fetchpriority=\"high\" decoding=\"async\" border=\"0\" data-original-height=\"1600\" data-original-width=\"1119\" height=\"640\" src=\"https:\/\/blogger.googleusercontent.com\/img\/b\/R29vZ2xl\/AVvXsEh9TMOYkPQUNBFG_pJ2LKBlPzNG-GnvN5V8mnfxngwwJs5hIMXK8BYn4HqHHOw2bD8egjfbgyLjxwRrWfw2qSUjDwI71ERlC0mPVVoFIzEbdrppks0S7tUJqXnyUy5FDqHydV53ax1wo5O53x0MSVzoTECmniVTBi_4RYFSE8sxv8P1KiQjnRsSHc1mM4s\/w448-h640\/CARTEL%20III%20TORNEO%20CASTILLO%20DE%20CONSUEGGRA%202025.jpeg\" width=\"448\" \/><\/a><\/p>\n<\/blockquote>\n<p><span style=\"font-family: Calibri, sans-serif;font-size: x-large;font-weight: bold\">El s\u00e1bado 3 de mayo de 2025 se celebrar\u00e1 la 3\u00aa edici\u00f3n del \u201cTorneo ajedrez en el castillo de Consuegra\u201d que volver\u00e1 a<br \/>\n     tener car\u00e1cter ben\u00e9fico. En esta ocasi\u00f3n las cuotas de inscripci\u00f3n se<br \/>\n     destinar\u00e1n a la Asociaci\u00f3n Espa\u00f1ola Contra el C\u00e1ncer (AECC), dedicada al<br \/>\n     tratamiento y apoyo a los pacientes y familiares afectados por el c\u00e1ncer.<\/span><\/p>\n<\/p>\n<p><span style=\"font-size: large\">Se celebrar\u00e1n 2 torneos diferenciados por categor\u00edas, uno absoluto y otro sub12. En ambos casos las inscripciones deben<br \/>\ntramitarse rellenando el formulario subido a Google Forms cuyo enlace se facilita a continuaci\u00f3n:<\/span><\/p>\n<p><span style=\"font-size: large\"><a href=\"https:\/\/forms.gle\/8TXirSEhabj8oG1u8\" target=\"_blank\">ENLACE CON EL FORMULARIO DE INSCRIPCI\u00d3N<\/a><br \/><\/span><\/p>\n<div class=\"separator\" style=\"clear: both;text-align: center\"><a href=\"https:\/\/www.bfv.cloud\/ajedrezeuropa\/wp-content\/uploads\/2025\/04\/BASES20III20TORNEO20ABS20CASTILLO20DE20CONSUEGRA_001.jpg\" style=\"margin-left: 1em;margin-right: 1em\"><img decoding=\"async\" border=\"0\" data-original-height=\"842\" data-original-width=\"595\" height=\"640\" src=\"https:\/\/blogger.googleusercontent.com\/img\/b\/R29vZ2xl\/AVvXsEhBA2la5nP8pu7nI_ecNouNTw9L4jNfG2ATAb2-Q00vxVZFJ9uRwIYOfSUXFNbzdlY6XtbUmPhkZ34QMHgGSNBcKBnabDyKQdfj74N1LESiHWyMcLsMEO1YzWnwgeTT35FTEtvZcHL51klyPcnDn02YZqlynPH1zRadRIMh92dsUEIARCUZFDNYitO3tFA\/w452-h640\/BASES%20III%20TORNEO%20ABS%20CASTILLO%20DE%20CONSUEGRA_001.jpg\" width=\"452\" \/><\/a><\/div>\n<div class=\"separator\" style=\"clear: both;text-align: center\"><a href=\"https:\/\/www.bfv.cloud\/ajedrezeuropa\/wp-content\/uploads\/2025\/04\/BASES20III20TORNEO20S1220CASTILLO20DE20CONSUEGRA20-20_001.jpg\" style=\"margin-left: 1em;margin-right: 1em\"><img decoding=\"async\" border=\"0\" data-original-height=\"842\" data-original-width=\"595\" height=\"640\" src=\"https:\/\/blogger.googleusercontent.com\/img\/b\/R29vZ2xl\/AVvXsEikcB-zC5JQ0BYvjKn7jsjOB404GumACjuuTbw50arhqCVY0G8dpskbzsFzExZ-PIuu-vpHGSvy9M_6NVV3sq_-uTTofID-1B7QIZFKiZg_I73teh5I-6Y4YZ9Jx1TMdGVuZ4fiNYyJ5v0t5vOziJFZE46pcT7ws2B7Nn-YXM39-iE6TvMYywLIu5dp1x8\/w452-h640\/BASES%20III%20TORNEO%20S12%20CASTILLO%20DE%20CONSUEGRA%20-%20_001.jpg\" width=\"452\" \/><\/a><\/div>\n<p><\/p>\n<div class=\"separator\" style=\"clear: both;text-align: center\"><\/div>\n<p><\/p>\n<p><\/p>\n<p><\/p>\n","protected":false},"excerpt":{"rendered":"<p>&nbsp; El s\u00e1bado 3 de mayo de 2025 se celebrar\u00e1 la 3\u00aa edici\u00f3n del \u201cTorneo ajedrez en el castillo de Consuegra\u201d que volver\u00e1 a tener car\u00e1cter ben\u00e9fico. En esta ocasi\u00f3n las cuotas de inscripci\u00f3n se destinar\u00e1n a la Asociaci\u00f3n Espa\u00f1ola Contra el C\u00e1ncer (AECC), dedicada al tratamiento y apoyo a los pacientes y familiares afectados [&hellip;]<\/p>\n","protected":false},"author":1,"featured_media":2937,"comment_status":"open","ping_status":"closed","sticky":false,"template":"","format":"standard","meta":{"footnotes":""},"categories":[1],"tags":[],"class_list":["post-2936","post","type-post","status-publish","format-standard","has-post-thumbnail","hentry","category-noticias"],"_links":{"self":[{"href":"https:\/\/www.bfv.cloud\/ajedrezeuropa\/wp-json\/wp\/v2\/posts\/2936","targetHints":{"allow":["GET"]}}],"collection":[{"href":"https:\/\/www.bfv.cloud\/ajedrezeuropa\/wp-json\/wp\/v2\/posts"}],"about":[{"href":"https:\/\/www.bfv.cloud\/ajedrezeuropa\/wp-json\/wp\/v2\/types\/post"}],"author":[{"embeddable":true,"href":"https:\/\/www.bfv.cloud\/ajedrezeuropa\/wp-json\/wp\/v2\/users\/1"}],"replies":[{"embeddable":true,"href":"https:\/\/www.bfv.cloud\/ajedrezeuropa\/wp-json\/wp\/v2\/comments?post=2936"}],"version-history":[{"count":1,"href":"https:\/\/www.bfv.cloud\/ajedrezeuropa\/wp-json\/wp\/v2\/posts\/2936\/revisions"}],"predecessor-version":[{"id":2940,"href":"https:\/\/www.bfv.cloud\/ajedrezeuropa\/wp-json\/wp\/v2\/posts\/2936\/revisions\/2940"}],"wp:featuredmedia":[{"embeddable":true,"href":"https:\/\/www.bfv.cloud\/ajedrezeuropa\/wp-json\/wp\/v2\/media\/2937"}],"wp:attachment":[{"href":"https:\/\/www.bfv.cloud\/ajedrezeuropa\/wp-json\/wp\/v2\/media?parent=2936"}],"wp:term":[{"taxonomy":"category","embeddable":true,"href":"https:\/\/www.bfv.cloud\/ajedrezeuropa\/wp-json\/wp\/v2\/categories?post=2936"},{"taxonomy":"post_tag","embeddable":true,"href":"https:\/\/www.bfv.cloud\/ajedrezeuropa\/wp-json\/wp\/v2\/tags?post=2936"}],"curies":[{"name":"wp","href":"https:\/\/api.w.org\/{rel}","templated":true}]}}