{"id":294,"date":"2016-01-26T21:46:00","date_gmt":"2016-01-26T21:46:00","guid":{"rendered":"https:\/\/www.bfv.cloud\/ajedrezeuropa\/index.php\/2016\/01\/26\/comenzo-el-escolar-y-federado-de-toledo\/"},"modified":"2025-11-20T10:15:52","modified_gmt":"2025-11-20T10:15:52","slug":"comenzo-el-escolar-y-federado-de-toledo","status":"publish","type":"post","link":"https:\/\/www.bfv.cloud\/ajedrezeuropa\/comenzo-el-escolar-y-federado-de-toledo\/","title":{"rendered":"COMENZ\u00d3 EL ESCOLAR Y FEDERADO DE TOLEDO"},"content":{"rendered":"<table cellpadding=\"0\" cellspacing=\"0\" class=\"tr-caption-container\" style=\"float: right;margin-left: 1em;text-align: right\">\n<tbody>\n<tr>\n<td style=\"text-align: center\"><a href=\"https:\/\/www.bfv.cloud\/ajedrezeuropa\/wp-content\/uploads\/2016\/01\/SAM_2526.jpg\" style=\"clear: right;margin-bottom: 1em;margin-left: auto;margin-right: auto\"><img fetchpriority=\"high\" decoding=\"async\" border=\"0\" height=\"211\" src=\"https:\/\/blogger.googleusercontent.com\/img\/b\/R29vZ2xl\/AVvXsEh7wgh-NsNjjzDQP6xoKW9bkpLIgW68f8i6lZs1lv1ji4rBMduvzaBbYouy59RdSCdW9ATXuPLlOllHh_wS3EOW446cuVRvSc5Jr7Zf2Va3qs8Kg7agObpL1-lz3HnQ0OiYpp9P8Q9JLhg\/s400\/SAM_2526.JPG\" width=\"400\" \/><\/a><\/td>\n<\/tr>\n<tr>\n<td class=\"tr-caption\" style=\"text-align: center\">Comienza el Cadete en Mora con Roberto, primero por la derecha, e<br \/>Irene, segunda por la izqda.<\/td>\n<\/tr>\n<\/tbody>\n<\/table>\n<div style=\"margin-bottom: .0001pt;margin: 0cm\">\n<span style=\"font-family: Arial, sans-serif;font-size: 13.5pt\">El s\u00e1bado pasado se disput\u00f3 la<br \/>\nprimera jornada del Deporte en Edad Escolar (CRDEE) y del Campeonato por Edades<br \/>\nen su fase provincial de Toledo. La recuperaci\u00f3n de algunas escuelas deportivas<br \/>\nmunicipales y la puesta en marcha de actividades de ajedrez en distintos<br \/>\ncolegios de la provincia han beneficiado el crecimiento en el n\u00famero de pueblos<br \/>\ny ciudades participantes: 13 en total. Sin embargo, el n\u00famero global de chicos<br \/>\ny chicas se mantiene en los n\u00fameros del a\u00f1o pasado, aproximadamente 97 en la<br \/>\ncategor\u00eda Infantil, 10 en el Cadete y 6 en el Juvenil (S-18).<\/span><span style=\"font-size: 13.5pt\"><\/span><\/div>\n<div style=\"margin-bottom: .0001pt;margin: 0cm\">\n<b><span style=\"font-family: Arial, sans-serif;font-size: 13.5pt\"><br \/>\n<\/span><\/b><i><u><span style=\"font-family: Arial, sans-serif;font-size: 16pt\">Los datos de la escuela<\/span><\/u><\/i><i><u><span style=\"font-family: Arial, sans-serif;font-size: 16pt\">&nbsp;de Villafranca<\/span><\/u><\/i><\/div>\n<div style=\"margin-bottom: .0001pt;margin: 0cm\">\n<span style=\"font-family: Arial, sans-serif;font-size: 13.5pt\">El total de jugadores<br \/>\nparticipantes que pertenecen a la Escuela Deportiva Municipal de Villafranca es<br \/>\nde 14, con 9 chicos y 5 chicas repartidos entre los tres campeonatos.<\/p>\n<table cellpadding=\"0\" cellspacing=\"0\" class=\"tr-caption-container\" style=\"float: right;margin-left: 1em;text-align: right\">\n<tbody>\n<tr>\n<td style=\"text-align: center\"><a href=\"https:\/\/www.bfv.cloud\/ajedrezeuropa\/wp-content\/uploads\/2016\/01\/SAM_2520.jpg\" style=\"clear: right;margin-bottom: 1em;margin-left: auto;margin-right: auto\"><img decoding=\"async\" border=\"0\" height=\"300\" src=\"https:\/\/blogger.googleusercontent.com\/img\/b\/R29vZ2xl\/AVvXsEj0Enlj_nb-x_OvXcYG2dqFzzjQn7GmmvUAFqLAUachmk3obKcQrjPafqp9a_zQYmpaOgMotgCLM0c5KOA-0Zm8ff_XoqwHxJ2dN-C1GC-feN09eIu20zKP_qQaS2ZBIZcwoJeqVNzgN6M\/s400\/SAM_2520.JPG\" width=\"400\" \/><\/a><\/td>\n<\/tr>\n<tr>\n<td class=\"tr-caption\" style=\"text-align: center\">Manuel Alberca en su primera competici\u00f3n escolar<\/td>\n<\/tr>\n<\/tbody>\n<\/table>\n<p><\/span><\/div>\n<p><\/p>\n<table cellpadding=\"0\" cellspacing=\"0\" class=\"tr-caption-container\" style=\"float: left;margin-right: 1em;text-align: left\">\n<tbody>\n<tr>\n<td style=\"text-align: center\"><a href=\"https:\/\/www.bfv.cloud\/ajedrezeuropa\/wp-content\/uploads\/2016\/01\/SAM_2524.jpg\" style=\"clear: left;margin-bottom: 1em;margin-left: auto;margin-right: auto\"><img decoding=\"async\" border=\"0\" height=\"312\" src=\"https:\/\/blogger.googleusercontent.com\/img\/b\/R29vZ2xl\/AVvXsEiq3CTwjOmNsY9Mn47_r34UaZzCZ1STcgJT00RolVCQEa9m_3X93xSOT0l04BjSiaimA4mcfMvuOn4ceJWwEptAvLRnt1scNK0-2YS91qpa_ViF5pOaMhwQM8y-obdV9k17ZR4gvEMzD2Y\/s400\/SAM_2524.JPG\" width=\"400\" \/><\/a><\/td>\n<\/tr>\n<tr>\n<td class=\"tr-caption\" style=\"text-align: center\">Aurora comienza en un Escolar de Toledo<\/td>\n<\/tr>\n<\/tbody>\n<\/table>\n<p><\/p>\n<div style=\"margin-bottom: .0001pt;margin: 0cm\">\n<u style=\"text-align: center\"><span style=\"font-family: Arial, sans-serif;font-size: 13.5pt\">Deporte<br \/>\nen Edad Escolar categor\u00eda Infantil<\/span><\/u><\/div>\n<div style=\"margin-bottom: .0001pt;margin: 0cm\">\n<span style=\"font-family: Arial, sans-serif;font-size: 13.5pt\">Tras las dos rondas disputadas,<br \/>\nas\u00ed quedan las puntuaciones de los 11 ajedrecistas que acuden representando a<br \/>\nla escuela de Villafranca:<b><\/b><\/span><\/div>\n<div style=\"margin-bottom: .0001pt;margin: 0cm\">\n<span style=\"font-family: Arial, sans-serif;font-size: 13.5pt\">Con 2 puntos: <b>Alfredo Amador<\/b><br \/>\ny <b>Julia Meza<\/b>.<\/span><\/div>\n<div style=\"margin-bottom: .0001pt;margin: 0cm\">\n<span style=\"font-family: Arial, sans-serif;font-size: 13.5pt\">Con 1,5 puntos: <b>Mar\u00eda Oliver<\/b>.<\/span><\/div>\n<div style=\"margin-bottom: .0001pt;margin: 0cm\">\n<span style=\"font-family: Arial, sans-serif;font-size: 13.5pt\">Con 1 punto: <b>Gabriel Amador<\/b>,<br \/>\n<b>Alonso L\u00f3pez<\/b>, <b>Nicol\u00e1s Corrales<\/b> y <b>Aurora Corrales<\/b>.<\/span><\/div>\n<div style=\"margin-bottom: .0001pt;margin: 0cm\">\n<span style=\"font-family: Arial, sans-serif;font-size: 13.5pt\">Con \u00bd punto: <b>\u00c1lvaro Alberca<\/b><br \/>\ny <b>Manuel Alberca<\/b>.<\/span><\/div>\n<div style=\"margin-bottom: .0001pt;margin: 0cm\">\n<span style=\"font-family: Arial, sans-serif;font-size: 13.5pt\">Con 0 puntos: <b>\u00c1ngel Javier<br \/>\nPozos<\/b> y <b>Alberto Toribio<\/b>.<\/span><\/div>\n<div style=\"margin-bottom: .0001pt;margin: 0cm\">\n<span style=\"font-family: Arial, sans-serif;font-size: 13.5pt\">Para el s\u00e1bado 30 de enero a las<br \/>\n10 de la ma\u00f1ana queda el siguiente emparejamiento perteneciente a la 3\u00aa ronda:<\/span><\/div>\n<p><\/p>\n<div class=\"separator\" style=\"clear: both;text-align: center\">\n<\/div>\n<div class=\"separator\" style=\"clear: both;text-align: center\">\n<a href=\"https:\/\/www.bfv.cloud\/ajedrezeuropa\/wp-content\/uploads\/2016\/01\/EMPR-3INFANTIL1.jpg\" style=\"margin-left: 1em;margin-right: 1em\"><img loading=\"lazy\" decoding=\"async\" border=\"0\" height=\"475\" src=\"https:\/\/blogger.googleusercontent.com\/img\/b\/R29vZ2xl\/AVvXsEhGeqtnu_LvMWkHR6pTw8l6nVsKDsWTFQdcfiBsnh7doDoz6YPaHksom5yCtA87sLrva0DSrxVRXyQlf1I4H5oxNlyFA2aEDzuyc1xOop1Ossl4MKRQmT93e6M5FG0U6ffwEaKwy6y7crM\/s640\/EMP+R-3+INFANTIL+1.jpg\" width=\"640\" \/><\/a><\/div>\n<p><a href=\"https:\/\/www.bfv.cloud\/ajedrezeuropa\/wp-content\/uploads\/2016\/01\/EMPR-3INFANTIL2.jpg\" style=\"clear: right;float: right;margin-bottom: 1em;margin-left: 1em\"><img loading=\"lazy\" decoding=\"async\" border=\"0\" height=\"206\" src=\"https:\/\/blogger.googleusercontent.com\/img\/b\/R29vZ2xl\/AVvXsEjzJlUmS_lI9c9rtEWkIfgVFNx4tR762l9UeXFICuzfB8N6rDseyTuha9TnAVKmG9enkyx-zkLgPOJgR7ENvC2o4gVnaXDu-qAA1S5dldfTQ8q4af9yQDy8Z-w4LaYAdohE3NR5U6C_vE8\/s640\/EMP+R-3+INFANTIL+2.jpg\" width=\"640\" \/><\/a><\/p>\n<div style=\"margin: 0cm 0cm 0.0001pt;text-align: center\">\n<span style=\"font-size: 13.5pt\">&nbsp;<\/span><u><span style=\"font-family: Arial, sans-serif\"><span style=\"color: #0c343d;font-size: large\">Deporte<br \/>\nen Edad Escolar \u2013 categor\u00eda Cadete<\/span><\/span><\/u><\/div>\n<div class=\"MsoBodyText\">\n<span style=\"color: #0c343d;font-family: Arial, Helvetica, sans-serif;font-size: large\">La \u00fanica ronda jugada el s\u00e1bado dej\u00f3 a <b>Roberto L\u00f3pez<\/b><br \/>\ncon 1 punto y a <b>Irene Sim\u00f3n<\/b> con \u00bd .<\/span><\/div>\n<div class=\"MsoBodyText\">\n<span style=\"color: #0c343d;font-family: Arial, Helvetica, sans-serif;font-size: large\">El s\u00e1bado esta categor\u00eda celebrar\u00e1 la 2\u00aa y la 3\u00aa ronda en<br \/>\nun torneo programado a 6. El emparejamiento de la 2\u00aa ronda que se disputar\u00e1 a<br \/>\nlas 10 de la ma\u00f1ana es:<\/span><\/div>\n<div class=\"MsoBodyText\">\n<span style=\"color: #0c343d;font-family: Arial, Helvetica, sans-serif\"><br \/><\/span><\/div>\n<div class=\"separator\" style=\"clear: both;text-align: center\">\n<a href=\"https:\/\/www.bfv.cloud\/ajedrezeuropa\/wp-content\/uploads\/2016\/01\/emparr-2cadete.jpg\" style=\"margin-left: 1em;margin-right: 1em\"><img loading=\"lazy\" decoding=\"async\" border=\"0\" height=\"176\" src=\"https:\/\/blogger.googleusercontent.com\/img\/b\/R29vZ2xl\/AVvXsEj9YTeJO-HbgYDe1jO_D-WToyClwQLAGiWyTy4LJFaAoNVEYDJSPtyAv_4TxIOapvR1c0-qOWL2Ustctw0JsbYNteCiMTdi-C2Zlxusg_-SJ1pmfldUfOmZgArQGnZ6UpKkCrjPHnw_fvk\/s640\/empar+r-2+cadete.jpg\" width=\"640\" \/><\/a><\/div>\n<div class=\"MsoBodyText\" style=\"text-align: center\">\n<\/div>\n<div align=\"center\" class=\"MsoBodyText\" style=\"text-align: center\">\n<u><span style=\"color: #0c343d;font-family: Arial, Helvetica, sans-serif;font-size: large\"><b>Campeonato<br \/>\nProvincial Juvenil Sub-18<\/b><\/span><\/u><\/div>\n<div class=\"MsoBodyText\">\n<span style=\"color: #0c343d;font-family: Arial, Helvetica, sans-serif;font-size: large\">En la \u00fanica categor\u00eda federada que se juega con<br \/>\nindependencia del Escolar, la representante de la escuela de Villafranca, <b>Silvia<br \/>\nToribio<\/b>,&nbsp; sum\u00f3 un punto tras la<br \/>\nincomparecencia de su rival Emmanuel Ghiurca . Con exclusivamente 6 jugadores<br \/>\ncompitiendo en este Juvenil, los emparejamientos se han realizado por Sistema<br \/>\nRound-Robin (Liga a una vuelta), quedando el cuadro con las 5 rondas a celebrar<br \/>\nas\u00ed:<\/span><\/div>\n<div class=\"MsoBodyText\">\n<span style=\"color: #0c343d;font-family: Arial, Helvetica, sans-serif\"><br \/><\/span><\/div>\n<div class=\"separator\" style=\"clear: both;text-align: center\">\n<a href=\"https:\/\/www.bfv.cloud\/ajedrezeuropa\/wp-content\/uploads\/2016\/01\/ligasub-18.jpg\" style=\"margin-left: 1em;margin-right: 1em\"><img loading=\"lazy\" decoding=\"async\" border=\"0\" height=\"428\" src=\"https:\/\/blogger.googleusercontent.com\/img\/b\/R29vZ2xl\/AVvXsEjvsUKlFq22KiuVyOwIj-L__djqzW97wlja3aVu1bwDWyR7wYO_4uF59wf8RcfGZunpY4rn7FmDS2Ypr4A9_g6JF44UtO4OISDvQpCNcoRkBWU1ty4H_A4Qunzg-coCOEwreB8mJkSlD6M\/s640\/liga+sub-18.jpg\" width=\"640\" \/><\/a><\/div>\n<div class=\"MsoBodyText\" style=\"text-align: center\">\n<\/div>\n<p><\/p>\n<div class=\"MsoBodyText\">\n<span style=\"font-family: Arial, Helvetica, sans-serif\">Las clasificaciones y resultados se pueden seguir en los<br \/>\nsiguientes enlaces de Chess-Results:<\/span><\/div>\n<div class=\"MsoBodyText\" style=\"text-align: center\">\n<span style=\"font-family: Arial, Helvetica, sans-serif;font-size: large\"><b><a href=\"http:\/\/chess-results.com\/tnr204651.aspx?lan=2&amp;art=1&amp;rd=2&amp;wi=821\">CLASIFICACI\u00d3N ESCOLAR INFANTIL TOLEDO<\/a><\/b><\/span><\/div>\n<div class=\"MsoBodyText\" style=\"text-align: center\">\n<span style=\"font-size: large\"><b><span style=\"color: #660000;font-family: Arial, Helvetica, sans-serif\"><a href=\"http:\/\/chess-results.com\/tnr204652.aspx?lan=2&amp;art=1&amp;rd=1&amp;wi=821\">CLASIFICACI\u00d3N ESCOLAR CADETE TOLEDO<\/a><\/span><\/b><\/span><\/div>\n<div class=\"MsoBodyText\" style=\"text-align: center\">\n<a href=\"http:\/\/chess-results.com\/tnr204655.aspx?lan=2&amp;art=1&amp;wi=821\"><span style=\"color: #4c1130;font-family: Arial, Helvetica, sans-serif;font-size: large\"><b>CLASIFICACI\u00d3N SUB-18 TOLEDO<\/b><\/span><\/a><\/div>\n","protected":false},"excerpt":{"rendered":"<p>Comienza el Cadete en Mora con Roberto, primero por la derecha, eIrene, segunda por la izqda. El s\u00e1bado pasado se disput\u00f3 la primera jornada del Deporte en Edad Escolar (CRDEE) y del Campeonato por Edades en su fase provincial de Toledo. La recuperaci\u00f3n de algunas escuelas deportivas municipales y la puesta en marcha de actividades [&hellip;]<\/p>\n","protected":false},"author":1,"featured_media":295,"comment_status":"open","ping_status":"closed","sticky":false,"template":"","format":"standard","meta":{"footnotes":""},"categories":[1],"tags":[],"class_list":["post-294","post","type-post","status-publish","format-standard","has-post-thumbnail","hentry","category-noticias"],"_links":{"self":[{"href":"https:\/\/www.bfv.cloud\/ajedrezeuropa\/wp-json\/wp\/v2\/posts\/294","targetHints":{"allow":["GET"]}}],"collection":[{"href":"https:\/\/www.bfv.cloud\/ajedrezeuropa\/wp-json\/wp\/v2\/posts"}],"about":[{"href":"https:\/\/www.bfv.cloud\/ajedrezeuropa\/wp-json\/wp\/v2\/types\/post"}],"author":[{"embeddable":true,"href":"https:\/\/www.bfv.cloud\/ajedrezeuropa\/wp-json\/wp\/v2\/users\/1"}],"replies":[{"embeddable":true,"href":"https:\/\/www.bfv.cloud\/ajedrezeuropa\/wp-json\/wp\/v2\/comments?post=294"}],"version-history":[{"count":1,"href":"https:\/\/www.bfv.cloud\/ajedrezeuropa\/wp-json\/wp\/v2\/posts\/294\/revisions"}],"predecessor-version":[{"id":302,"href":"https:\/\/www.bfv.cloud\/ajedrezeuropa\/wp-json\/wp\/v2\/posts\/294\/revisions\/302"}],"wp:featuredmedia":[{"embeddable":true,"href":"https:\/\/www.bfv.cloud\/ajedrezeuropa\/wp-json\/wp\/v2\/media\/295"}],"wp:attachment":[{"href":"https:\/\/www.bfv.cloud\/ajedrezeuropa\/wp-json\/wp\/v2\/media?parent=294"}],"wp:term":[{"taxonomy":"category","embeddable":true,"href":"https:\/\/www.bfv.cloud\/ajedrezeuropa\/wp-json\/wp\/v2\/categories?post=294"},{"taxonomy":"post_tag","embeddable":true,"href":"https:\/\/www.bfv.cloud\/ajedrezeuropa\/wp-json\/wp\/v2\/tags?post=294"}],"curies":[{"name":"wp","href":"https:\/\/api.w.org\/{rel}","templated":true}]}}