{"id":2941,"date":"2014-08-04T19:19:00","date_gmt":"2014-08-04T19:19:00","guid":{"rendered":"https:\/\/www.bfv.cloud\/ajedrezeuropa\/index.php\/2014\/08\/04\/una-clausura-emocionante-para-un-campus-de-primer-nivel\/"},"modified":"2025-11-20T10:54:15","modified_gmt":"2025-11-20T10:54:15","slug":"una-clausura-emocionante-para-un-campus-de-primer-nivel","status":"publish","type":"post","link":"https:\/\/www.bfv.cloud\/ajedrezeuropa\/una-clausura-emocionante-para-un-campus-de-primer-nivel\/","title":{"rendered":"\u00a1\u00a1UNA CLAUSURA EMOCIONANTE PARA UN CAMPUS DE PRIMER NIVEL!!"},"content":{"rendered":"<div class=\"separator\" style=\"clear: both;text-align: center\">\n<\/div>\n<table align=\"center\" cellpadding=\"0\" cellspacing=\"0\" class=\"tr-caption-container\" style=\"margin-left: auto;margin-right: auto;text-align: center\">\n<tbody>\n<tr>\n<td style=\"text-align: center\"><a href=\"https:\/\/www.bfv.cloud\/ajedrezeuropa\/wp-content\/uploads\/2014\/08\/SAM_0722.jpg\" style=\"margin-left: auto;margin-right: auto\"><img fetchpriority=\"high\" decoding=\"async\" border=\"0\" src=\"https:\/\/www.bfv.cloud\/ajedrezeuropa\/wp-content\/uploads\/2014\/08\/SAM_0722.jpg\" height=\"378\" width=\"640\" \/><\/a><\/td>\n<\/tr>\n<tr>\n<td class=\"tr-caption\" style=\"text-align: center\">Todos los intervinientes en la clausura<\/td>\n<\/tr>\n<\/tbody>\n<\/table>\n<h4>\n<span style=\"color: blue;font-family: Verdana, sans-serif\">El s\u00e9ptimo campus de perfeccionamiento y tecnificaci\u00f3n, \u00abNUESTRO AJEDREZ EN EUROPA\u00bb, finalizaba el pasado s\u00e1bado a las 8 de la tarde en la casa de la cultura de Villafranca de los Caballeros, con un acto emotivo en el que participaron los grandes maestros, Elizbar Ubilava y Herminio Herr\u00e1iz, acompa\u00f1ados del alcalde de Villafranca, Andr\u00e9s Beldad, del concejal de deportes de Alc\u00e1zar, Antonio Montealegre, y del director del proyecto, F\u00e9lix Toribio.<\/span><\/h4>\n<h4>\n<span style=\"color: blue;font-family: Verdana, sans-serif\"><\/p>\n<table align=\"center\" cellpadding=\"0\" cellspacing=\"0\" class=\"tr-caption-container\" style=\"margin-left: auto;margin-right: auto;text-align: center\">\n<tbody>\n<tr>\n<td style=\"text-align: center\"><a href=\"https:\/\/www.bfv.cloud\/ajedrezeuropa\/wp-content\/uploads\/2014\/08\/SAM_0728.jpg\" style=\"margin-left: auto;margin-right: auto\"><img decoding=\"async\" border=\"0\" src=\"https:\/\/www.bfv.cloud\/ajedrezeuropa\/wp-content\/uploads\/2014\/08\/SAM_0728.jpg\" height=\"322\" width=\"640\" \/><\/a><\/td>\n<\/tr>\n<tr>\n<td class=\"tr-caption\" style=\"text-align: center\">Algunos de los entrenadores y alumnos en una foto de familia<\/td>\n<\/tr>\n<\/tbody>\n<\/table>\n<p>La presentaci\u00f3n del acto y el balance del campus corri\u00f3 a cargo de F\u00e9lix Toribio, quien quiso agradecer a los entrenadores su implicaci\u00f3n y dedicaci\u00f3n en la ense\u00f1anza del ajedrez, construyendo una interesante vinculaci\u00f3n con la transmisi\u00f3n de valores humanos y deportivos de las que todos los chicos y chicas implicados en el proyecto pueden disfrutar. Tambi\u00e9n agradeci\u00f3 la colaboraci\u00f3n que los ayuntamientos est\u00e1n prestando a lo largo de los a\u00f1os y que se ha mantenido por encima de cualquier cambio pol\u00edtico. Por su parte, Herminio Herr\u00e1iz, reconoci\u00f3 la importante labor de preparaci\u00f3n que en su d\u00eda recibi\u00f3 del maestro georgiano, Elizbar Ubilava. Un entrenamiento que le hizo crecer hasta llegar al t\u00edtulo de gran maestro internacional, como les har\u00e1 mejorar a todos los alumnos y alumnas actuales. <\/p>\n<table cellpadding=\"0\" cellspacing=\"0\" class=\"tr-caption-container\" style=\"float: right;margin-left: 1em;text-align: right\">\n<tbody>\n<tr>\n<td style=\"text-align: center\"><a href=\"https:\/\/www.bfv.cloud\/ajedrezeuropa\/wp-content\/uploads\/2014\/08\/SAM_0719.jpg\" style=\"clear: right;margin-bottom: 1em;margin-left: auto;margin-right: auto\"><img decoding=\"async\" border=\"0\" src=\"https:\/\/www.bfv.cloud\/ajedrezeuropa\/wp-content\/uploads\/2014\/08\/SAM_0719.jpg\" height=\"230\" width=\"400\" \/><\/a><\/td>\n<\/tr>\n<tr>\n<td class=\"tr-caption\" style=\"text-align: center\">La sala de conferencias de la casa de la cultura de<br \/>Villafranca se llen\u00f3 de alumnos y familiares<\/td>\n<\/tr>\n<\/tbody>\n<\/table>\n<p>Despu\u00e9s de las emotivas palabras de Herminio, intervino el gran entrenador de origen georgiano y con nacionalidad espa\u00f1ola. Ubilava quiso estar presente en esta clausura para mostrar su apoyo y colaboraci\u00f3n total al trabajo que se est\u00e1 realizando desde \u00abNuestro Ajedrez en Europa\u00bb, as\u00ed como su agradecimiento por la confianza que se deposita en \u00e9l a\u00f1o a a\u00f1o. Para finalizar, intervinieron los responsables de las administraciones p\u00fablicas que colaboran en todas las actividades que elaboramos: Antonio Montealegre, desde la concejal\u00eda de deportes de Alc\u00e1zar, se mostr\u00f3 dispuesto a ayudar en todos aquellos programas y actividades que emprendamos, mientras que Andr\u00e9s Beldad, alcalde de Villafranca, resalt\u00f3 la colaboraci\u00f3n de padres y madres para que todo esto se haga posible. Con este sencillo pero participativo acto de clausura finalizaba uno de los campus m\u00e1s importantes que el ajedrez puede ofrecer en Espa\u00f1a, fiel reflejo de lo que quiere llegar a ser el proyecto \u00abNuestro Ajedrez en Europa\u00bb.<\/span><\/h4>\n<h4>\n<span style=\"color: blue;font-family: Verdana, sans-serif\"><\/span><\/h4>\n<div class=\"separator\" style=\"clear: both;text-align: center\">\n<table align=\"center\" cellpadding=\"0\" cellspacing=\"0\" class=\"tr-caption-container\" style=\"clear: left;float: left;margin-bottom: 1em;margin-right: 1em;text-align: left\">\n<tbody>\n<tr>\n<td style=\"text-align: center\"><a href=\"https:\/\/www.bfv.cloud\/ajedrezeuropa\/wp-content\/uploads\/2014\/08\/SAM_0685.jpg\" style=\"margin-left: auto;margin-right: auto\"><img loading=\"lazy\" decoding=\"async\" border=\"0\" src=\"https:\/\/www.bfv.cloud\/ajedrezeuropa\/wp-content\/uploads\/2014\/08\/SAM_0685.jpg\" height=\"300\" width=\"400\" \/><\/a><\/td>\n<\/tr>\n<tr>\n<td class=\"tr-caption\" style=\"text-align: center\">Una cena entre amigos &#8230; con comida georgiana<\/p>\n<p><\/td>\n<\/tr>\n<\/tbody>\n<\/table>\n<table align=\"center\" cellpadding=\"0\" cellspacing=\"0\" class=\"tr-caption-container\" style=\"clear: right;float: right;margin-bottom: 1em;margin-left: 1em;text-align: center\">\n<tbody>\n<tr>\n<td style=\"text-align: center\"><a href=\"https:\/\/www.bfv.cloud\/ajedrezeuropa\/wp-content\/uploads\/2014\/08\/SAM_0707.jpg\" style=\"margin-left: auto;margin-right: auto\"><img loading=\"lazy\" decoding=\"async\" border=\"0\" src=\"https:\/\/www.bfv.cloud\/ajedrezeuropa\/wp-content\/uploads\/2014\/08\/SAM_0707.jpg\" height=\"300\" width=\"400\" \/><\/a><\/td>\n<\/tr>\n<tr>\n<td class=\"tr-caption\" style=\"text-align: center\">Una comida con compa\u00f1eros &#8230;<\/td>\n<\/tr>\n<\/tbody>\n<\/table>\n<table cellpadding=\"0\" cellspacing=\"0\" class=\"tr-caption-container\" style=\"margin-left: 1em;margin-right: 1em;text-align: left\">\n<tbody>\n<tr>\n<td style=\"text-align: center\"><a href=\"https:\/\/www.bfv.cloud\/ajedrezeuropa\/wp-content\/uploads\/2014\/08\/SAM_0708.jpg\" style=\"clear: left;margin-bottom: 1em;margin-left: auto;margin-right: auto\"><img loading=\"lazy\" decoding=\"async\" border=\"0\" src=\"https:\/\/www.bfv.cloud\/ajedrezeuropa\/wp-content\/uploads\/2014\/08\/SAM_0708.jpg\" height=\"300\" width=\"400\" \/><\/a><\/td>\n<\/tr>\n<tr>\n<td class=\"tr-caption\" style=\"text-align: center\">&#8230; y m\u00e1s compa\u00f1eros<\/td>\n<\/tr>\n<\/tbody>\n<\/table>\n<\/div>\n","protected":false},"excerpt":{"rendered":"<p>Todos los intervinientes en la clausura El s\u00e9ptimo campus de perfeccionamiento y tecnificaci\u00f3n, \u00abNUESTRO AJEDREZ EN EUROPA\u00bb, finalizaba el pasado s\u00e1bado a las 8 de la tarde en la casa de la cultura de Villafranca de los Caballeros, con un acto emotivo en el que participaron los grandes maestros, Elizbar Ubilava y Herminio Herr\u00e1iz, acompa\u00f1ados [&hellip;]<\/p>\n","protected":false},"author":1,"featured_media":2942,"comment_status":"open","ping_status":"closed","sticky":false,"template":"","format":"standard","meta":{"footnotes":""},"categories":[1],"tags":[],"class_list":["post-2941","post","type-post","status-publish","format-standard","has-post-thumbnail","hentry","category-noticias"],"_links":{"self":[{"href":"https:\/\/www.bfv.cloud\/ajedrezeuropa\/wp-json\/wp\/v2\/posts\/2941","targetHints":{"allow":["GET"]}}],"collection":[{"href":"https:\/\/www.bfv.cloud\/ajedrezeuropa\/wp-json\/wp\/v2\/posts"}],"about":[{"href":"https:\/\/www.bfv.cloud\/ajedrezeuropa\/wp-json\/wp\/v2\/types\/post"}],"author":[{"embeddable":true,"href":"https:\/\/www.bfv.cloud\/ajedrezeuropa\/wp-json\/wp\/v2\/users\/1"}],"replies":[{"embeddable":true,"href":"https:\/\/www.bfv.cloud\/ajedrezeuropa\/wp-json\/wp\/v2\/comments?post=2941"}],"version-history":[{"count":1,"href":"https:\/\/www.bfv.cloud\/ajedrezeuropa\/wp-json\/wp\/v2\/posts\/2941\/revisions"}],"predecessor-version":[{"id":2948,"href":"https:\/\/www.bfv.cloud\/ajedrezeuropa\/wp-json\/wp\/v2\/posts\/2941\/revisions\/2948"}],"wp:featuredmedia":[{"embeddable":true,"href":"https:\/\/www.bfv.cloud\/ajedrezeuropa\/wp-json\/wp\/v2\/media\/2942"}],"wp:attachment":[{"href":"https:\/\/www.bfv.cloud\/ajedrezeuropa\/wp-json\/wp\/v2\/media?parent=2941"}],"wp:term":[{"taxonomy":"category","embeddable":true,"href":"https:\/\/www.bfv.cloud\/ajedrezeuropa\/wp-json\/wp\/v2\/categories?post=2941"},{"taxonomy":"post_tag","embeddable":true,"href":"https:\/\/www.bfv.cloud\/ajedrezeuropa\/wp-json\/wp\/v2\/tags?post=2941"}],"curies":[{"name":"wp","href":"https:\/\/api.w.org\/{rel}","templated":true}]}}