{"id":2949,"date":"2016-09-20T20:37:00","date_gmt":"2016-09-20T20:37:00","guid":{"rendered":"https:\/\/www.bfv.cloud\/ajedrezeuropa\/index.php\/2016\/09\/20\/el-abierto-de-villafranca-cierra-varios-fines-de-semana-de-torneos\/"},"modified":"2025-11-20T10:54:21","modified_gmt":"2025-11-20T10:54:21","slug":"el-abierto-de-villafranca-cierra-varios-fines-de-semana-de-torneos","status":"publish","type":"post","link":"https:\/\/www.bfv.cloud\/ajedrezeuropa\/el-abierto-de-villafranca-cierra-varios-fines-de-semana-de-torneos\/","title":{"rendered":"EL ABIERTO DE VILLAFRANCA CIERRA VARIOS FINES DE SEMANA DE TORNEOS"},"content":{"rendered":"<table align=\"center\" cellpadding=\"0\" cellspacing=\"0\" class=\"tr-caption-container\" style=\"margin-left: auto;margin-right: auto;text-align: center\">\n<tbody>\n<tr>\n<td style=\"text-align: center\"><a href=\"https:\/\/www.bfv.cloud\/ajedrezeuropa\/wp-content\/uploads\/2016\/09\/IMG-20160918-WA001.jpg\" style=\"margin-left: auto;margin-right: auto\"><img fetchpriority=\"high\" decoding=\"async\" border=\"0\" height=\"266\" src=\"https:\/\/blogger.googleusercontent.com\/img\/b\/R29vZ2xl\/AVvXsEiSMu2t8yde7X5Xjlq5e3hjsCju1FkaXO3-MWvQMtUHwd31jK1klBFQbtHVmiaTIcdLbg6AL2dylAlbEJDnCusG3MacTCLl_d1dvZHKPGbAyfUXTrg1kpW9qhqQ7eEMmFt2XK1AfIPnU9Q\/s640\/IMG-20160918-WA001.jpg\" width=\"640\" \/><\/a><\/td>\n<\/tr>\n<tr>\n<td class=\"tr-caption\" style=\"text-align: center\">Una foto de familia al finalizar el torneo<\/td>\n<\/tr>\n<\/tbody>\n<\/table>\n<p><\/p>\n<div class=\"separator\" style=\"clear: both;text-align: center\">\n<a href=\"https:\/\/www.bfv.cloud\/ajedrezeuropa\/wp-content\/uploads\/2016\/09\/IMG-20160918-WA016.jpg\" style=\"clear: right;float: right;margin-bottom: 1em;margin-left: 1em\"><img decoding=\"async\" border=\"0\" height=\"185\" src=\"https:\/\/blogger.googleusercontent.com\/img\/b\/R29vZ2xl\/AVvXsEjI52s7Mc-ZXLHBsILpRLIh29SA7vxcgcTb5Prue8c6vvquRRp9KkimCRVoyE7I8iOLICDEyJ_ZQ3St1s6FVarEXZo3NArj_4PYogxVt1vyRcu56fm591BJ6BSWSJyJOUyO7pQXVBTEfZ8\/s400\/IMG-20160918-WA016.jpg\" width=\"400\" \/><\/a><\/div>\n<p><span style=\", sans-serif\"><b>La vig\u00e9sima edici\u00f3n del Torneo de Feria Abierto de Villafranca reuni\u00f3 a 33 ajedrecistas el pasado s\u00e1bado 17 de septiembre. Buena parte de la jornada matinal fue seguida por el Jefe del Servicio de Deportes de la Junta en Ciudad Real, Luis Jos\u00e9 Garc\u00eda-Morato Rodrigo, que tambi\u00e9n asisti\u00f3 a la entrega de trofeos. En unas palabras que dirigi\u00f3 a los jugadores anim\u00f3 a ni\u00f1os, j\u00f3venes y mayores a la participaci\u00f3n en todas las actividades enmarcadas dentro de la Semana Europea del Deporte.<\/b><\/span><\/p>\n<div class=\"separator\" style=\"clear: both;text-align: center\">\n<a href=\"https:\/\/www.bfv.cloud\/ajedrezeuropa\/wp-content\/uploads\/2016\/09\/IMG-20160918-WA015.jpg\" style=\"clear: left;float: left;margin-bottom: 1em;margin-right: 1em\"><img decoding=\"async\" border=\"0\" height=\"261\" src=\"https:\/\/blogger.googleusercontent.com\/img\/b\/R29vZ2xl\/AVvXsEiEsr2HuqLKDHVWmrr6G9U0rfANdmcUMYyy_SE0EHZzMrKsit-mAFr4OGquhE1TkemtTXZ40u1oS306CGvctf933vcS1zPbGfK5mOWGoSDhsMC1w0vzAX_Te6_m41rOqDcH3rlJ-PRXhVI\/s400\/IMG-20160918-WA015.jpg\" width=\"400\" \/><\/a><\/div>\n<p><span style=\"font-family: Helvetica Neue, Arial, Helvetica, sans-serif\"><b>En el terreno deportivo, el campeonato en la categor\u00eda absoluta tuvo un claro dominador: Javier Valdepe\u00f1as Octavio, que sum\u00f3 los 5 puntos posibles. En sub-16 venci\u00f3 Roberto L\u00f3pez y en sub-12 Alonso L\u00f3pez.<\/b><\/span><br \/>\n<span style=\"font-family: Helvetica Neue, Arial, Helvetica, sans-serif\"><b>La clausura estuvo presidida por el alcalde de Villafranca, Juli\u00e1n Bola\u00f1os, acompa\u00f1ado del concejal de deportes, Emilio Alberca, y del coordinador de deportes de Villafranca, Juan Carlos Carri\u00f3n.<\/b><\/span><\/p>\n<table align=\"center\" cellpadding=\"0\" cellspacing=\"0\" class=\"tr-caption-container\" style=\"margin-left: auto;margin-right: auto;text-align: center\">\n<tbody>\n<tr>\n<td style=\"text-align: center\"><a href=\"https:\/\/www.bfv.cloud\/ajedrezeuropa\/wp-content\/uploads\/2016\/09\/IMG-20160918-WA013.jpg\" style=\"margin-left: auto;margin-right: auto\"><img loading=\"lazy\" decoding=\"async\" border=\"0\" height=\"460\" src=\"https:\/\/blogger.googleusercontent.com\/img\/b\/R29vZ2xl\/AVvXsEh6rLQsO39Qv3JhR6Hbw8Juf65jxd6SbQZxaKu3CYLLVjP26tnEkNFrU5_VyWe6W1ciEF7fro5Pkj4WhBUZNN9mOAqBGwKYHYW0_Q-peIisenHw7lQckWzo2h_iQFadpNKHEkeV2MacdMQ\/s640\/IMG-20160918-WA013.jpg\" width=\"640\" \/><\/a><\/td>\n<\/tr>\n<tr>\n<td class=\"tr-caption\" style=\"text-align: center\">La alfarer\u00eda de los Hnos. Pe\u00f1o present\u00f3 un original trofeo basado en el cartel anunciador<\/td>\n<\/tr>\n<\/tbody>\n<\/table>\n<h2 style=\"text-align: center\">\n<span style=\"color: #660000;font-size: x-large\">ILLESCAS Y MORA RETOMARON SUS TORNEOS COINCIDIENDO CON LAS FERIAS<\/span><\/h2>\n<table align=\"center\" cellpadding=\"0\" cellspacing=\"0\" class=\"tr-caption-container\" style=\"margin-left: auto;margin-right: auto;text-align: center\">\n<tbody>\n<tr>\n<td style=\"text-align: center\"><a href=\"https:\/\/www.bfv.cloud\/ajedrezeuropa\/wp-content\/uploads\/2016\/09\/IMG_20160910_191521.jpg\" style=\"margin-left: auto;margin-right: auto\"><img loading=\"lazy\" decoding=\"async\" border=\"0\" height=\"360\" src=\"https:\/\/blogger.googleusercontent.com\/img\/b\/R29vZ2xl\/AVvXsEinBeNv3Ve6ZaYeCF8XRyArpgjcRfQWOVUrj2BD1eTdInDOqv5UGdvaDV5AyZ_Rdy-19gSBYK9DIJhg5Eo52pkKD_ouL99HBKWjETd4KmilqKxvMoaAzaZ00bjoMZHWLZnYfEy70ZB7obQ\/s640\/IMG_20160910_191521.jpg\" width=\"640\" \/><\/a><\/td>\n<\/tr>\n<tr>\n<td class=\"tr-caption\" style=\"text-align: center\">Imagen del torneo de Illescas<\/td>\n<\/tr>\n<\/tbody>\n<\/table>\n<div>\n<span style=\"color: #660000;font-family: Courier New, Courier, monospace\"><b>Durante el fin de semana del 10 y el 11 de septiembre las poblaciones de Illescas y Mora celebraron sus respectivos torneos de ajedrez. La ilusi\u00f3n y el trabajo de varias familias del mundo del ajedrez ha hecho posible que se retome esta actividad, aunque con un calendario distinto al habitual. Seguro que en futuras ediciones tendremos ocasi\u00f3n de seguir disfrutando del ajedrez competitivo acompa\u00f1ados de muchos aficionados de estas dos comarcas toledanas.<\/b><\/span><\/div>\n<div>\n<span style=\"font-family: Courier New, Courier, monospace\"><b><span style=\"color: #660000\">Gracias a todos los participantes.<\/span><\/p>\n<table align=\"center\" cellpadding=\"0\" cellspacing=\"0\" class=\"tr-caption-container\" style=\"margin-left: auto;margin-right: auto;text-align: center\">\n<tbody>\n<tr>\n<td style=\"text-align: center\"><a href=\"https:\/\/www.bfv.cloud\/ajedrezeuropa\/wp-content\/uploads\/2016\/09\/IMG_20160911_103852.jpg\" style=\"margin-left: auto;margin-right: auto\"><img loading=\"lazy\" decoding=\"async\" border=\"0\" height=\"360\" src=\"https:\/\/blogger.googleusercontent.com\/img\/b\/R29vZ2xl\/AVvXsEiExIsc6Gv9zg_1rWjs_13X4BvTzaFWFgiMEJa-eUQYlInFoGQ8sZEJuiE_TxkLwAGuOKKIscic5HqObZsAk335Yr5aFUznSX0E6vwnBAUVrskXJmZ6rrh-HvmDquWiKYXdxkoyA7OPk-U\/s640\/IMG_20160911_103852.jpg\" width=\"640\" \/><\/a><\/td>\n<\/tr>\n<tr>\n<td class=\"tr-caption\" style=\"text-align: center\">La casa de la cultura de Mora contin\u00faa albergando muchos torneos de ajedrez<\/td>\n<\/tr>\n<\/tbody>\n<\/table>\n<p><\/b><\/span><\/div>\n","protected":false},"excerpt":{"rendered":"<p>Una foto de familia al finalizar el torneo La vig\u00e9sima edici\u00f3n del Torneo de Feria Abierto de Villafranca reuni\u00f3 a 33 ajedrecistas el pasado s\u00e1bado 17 de septiembre. Buena parte de la jornada matinal fue seguida por el Jefe del Servicio de Deportes de la Junta en Ciudad Real, Luis Jos\u00e9 Garc\u00eda-Morato Rodrigo, que tambi\u00e9n [&hellip;]<\/p>\n","protected":false},"author":1,"featured_media":2950,"comment_status":"open","ping_status":"closed","sticky":false,"template":"","format":"standard","meta":{"footnotes":""},"categories":[1],"tags":[],"class_list":["post-2949","post","type-post","status-publish","format-standard","has-post-thumbnail","hentry","category-noticias"],"_links":{"self":[{"href":"https:\/\/www.bfv.cloud\/ajedrezeuropa\/wp-json\/wp\/v2\/posts\/2949","targetHints":{"allow":["GET"]}}],"collection":[{"href":"https:\/\/www.bfv.cloud\/ajedrezeuropa\/wp-json\/wp\/v2\/posts"}],"about":[{"href":"https:\/\/www.bfv.cloud\/ajedrezeuropa\/wp-json\/wp\/v2\/types\/post"}],"author":[{"embeddable":true,"href":"https:\/\/www.bfv.cloud\/ajedrezeuropa\/wp-json\/wp\/v2\/users\/1"}],"replies":[{"embeddable":true,"href":"https:\/\/www.bfv.cloud\/ajedrezeuropa\/wp-json\/wp\/v2\/comments?post=2949"}],"version-history":[{"count":1,"href":"https:\/\/www.bfv.cloud\/ajedrezeuropa\/wp-json\/wp\/v2\/posts\/2949\/revisions"}],"predecessor-version":[{"id":2956,"href":"https:\/\/www.bfv.cloud\/ajedrezeuropa\/wp-json\/wp\/v2\/posts\/2949\/revisions\/2956"}],"wp:featuredmedia":[{"embeddable":true,"href":"https:\/\/www.bfv.cloud\/ajedrezeuropa\/wp-json\/wp\/v2\/media\/2950"}],"wp:attachment":[{"href":"https:\/\/www.bfv.cloud\/ajedrezeuropa\/wp-json\/wp\/v2\/media?parent=2949"}],"wp:term":[{"taxonomy":"category","embeddable":true,"href":"https:\/\/www.bfv.cloud\/ajedrezeuropa\/wp-json\/wp\/v2\/categories?post=2949"},{"taxonomy":"post_tag","embeddable":true,"href":"https:\/\/www.bfv.cloud\/ajedrezeuropa\/wp-json\/wp\/v2\/tags?post=2949"}],"curies":[{"name":"wp","href":"https:\/\/api.w.org\/{rel}","templated":true}]}}