{"id":2957,"date":"2013-01-21T23:31:00","date_gmt":"2013-01-21T23:31:00","guid":{"rendered":"https:\/\/www.bfv.cloud\/ajedrezeuropa\/index.php\/2013\/01\/21\/primera-jornada-de-los-escolares-de-ciudad-real-y-toledo\/"},"modified":"2025-11-20T10:54:27","modified_gmt":"2025-11-20T10:54:27","slug":"primera-jornada-de-los-escolares-de-ciudad-real-y-toledo","status":"publish","type":"post","link":"https:\/\/www.bfv.cloud\/ajedrezeuropa\/primera-jornada-de-los-escolares-de-ciudad-real-y-toledo\/","title":{"rendered":"PRIMERA JORNADA DE LOS ESCOLARES DE CIUDAD REAL Y TOLEDO"},"content":{"rendered":"<table cellpadding=\"0\" cellspacing=\"0\" class=\"tr-caption-container\" style=\"float: right;margin-left: 1em;text-align: right\">\n<tbody>\n<tr>\n<td style=\"text-align: center\"><a href=\"https:\/\/www.bfv.cloud\/ajedrezeuropa\/wp-content\/uploads\/2013\/01\/DEPORTEEDADESCOLARCIUDADREAL2013001.jpg\" style=\"clear: right;margin-bottom: 1em;margin-left: auto;margin-right: auto\"><img fetchpriority=\"high\" decoding=\"async\" border=\"0\" height=\"240\" src=\"https:\/\/blogger.googleusercontent.com\/img\/b\/R29vZ2xl\/AVvXsEi3UtTMHNmxnVs_UPNZOBziuT_JqZ2rLMu-MbYYjJt6GsDA2aBUlPE3lGAHF6sJjk4ssAd0NgeS87-8a6_DVnIIyscWGpOR0vc3fPkKwCn4Lg6Ukaa0cW6j66SIl-vMQy7a39M_BSzDvMU\/s320\/DEPORTE+EDAD+ESCOLAR+CIUDAD+REAL+2013+001.jpg\" width=\"320\" \/><\/a><\/td>\n<\/tr>\n<tr>\n<td class=\"tr-caption\" style=\"text-align: center\">Javier Valdepe\u00f1as suma 2 puntos en el Infantil de<br \/>\nCiudad Real<\/td>\n<\/tr>\n<\/tbody>\n<\/table>\n<p><span style=\"color: blue;font-family: Verdana, sans-serif\">En las ma\u00f1anas del pasado s\u00e1bado y domingo se iniciaron los campeonatos escolares de esta temporada en las provincias de Ciudad Real y Toledo. Un total de 25 chicos y chicas de nuestras escuelas de Alc\u00e1zar y Villafranca han participado en estas primeras jornadas, que han tenido como denominador com\u00fan un significativo descenso en el n\u00famero total de ajedrecistas. Mientras en Toledo han comenzado menos del centenar de jugadores, exactamente 92, por 2\u00ba a\u00f1o consecutivo; en Ciudad Real han sido 105 los jugadores mayores de 9 a\u00f1os que presenciaban las 2 primeras rondas de la competici\u00f3n. Esto supone que aproximadamente un 15% de la suma de participantes de ambos campeonatos pertenecen a nuestras escuelas.<\/span><\/p>\n<table cellpadding=\"0\" cellspacing=\"0\" class=\"tr-caption-container\" style=\"float: left;margin-right: 1em;text-align: left\">\n<tbody>\n<tr>\n<td style=\"text-align: center\"><a href=\"https:\/\/www.bfv.cloud\/ajedrezeuropa\/wp-content\/uploads\/2013\/01\/DEPORTEEDADESCOLARCIUDADREAL2013007.jpg\" style=\"clear: left;margin-bottom: 1em;margin-left: auto;margin-right: auto\"><img decoding=\"async\" border=\"0\" height=\"240\" src=\"https:\/\/blogger.googleusercontent.com\/img\/b\/R29vZ2xl\/AVvXsEjj9Y9dogBjbNrGALMGt7lkDFLpRsOI-Q5PVYyNqEXM9FrVWnpEQrXSpmVMiOjVMHNOmYa2Qq3OQZ64qHsdWpixX0BJPFRUpmvqOaf7K-f698d5H5kKV4ftEATXVEZeKgQKvCJ-6QTORsM\/s320\/DEPORTE+EDAD+ESCOLAR+CIUDAD+REAL+2013+007.jpg\" width=\"320\" \/><\/a><\/td>\n<\/tr>\n<tr>\n<td class=\"tr-caption\" style=\"text-align: center\">Leo de Giorgi es el \u00fanico jugador del Cadete de<br \/>\nCiudad Real que ha conseguido 2 victorias<\/td>\n<\/tr>\n<\/tbody>\n<\/table>\n<p><\/p>\n<table cellpadding=\"0\" cellspacing=\"0\" class=\"tr-caption-container\" style=\"float: left;margin-right: 1em;text-align: left\">\n<tbody>\n<tr>\n<td style=\"text-align: center\"><a href=\"https:\/\/www.bfv.cloud\/ajedrezeuropa\/wp-content\/uploads\/2013\/01\/DEPORTEEDADESCOLARCIUDADREAL2013011.jpg\" style=\"clear: left;margin-bottom: 1em;margin-left: auto;margin-right: auto\"><img decoding=\"async\" border=\"0\" height=\"240\" src=\"https:\/\/blogger.googleusercontent.com\/img\/b\/R29vZ2xl\/AVvXsEj2VUxOBOEov56-WpicWhwxWvThkt1XScWf9p1YmacPWHyRe3UoqNkHe8lbvi4P-SHdbLR91H9Xwp_L0OmMzpknJVpc8j6hW9ubAoNt9_d6CcnWTLODC3xSZke1f5JI4oZ1NyWDI-VRbVE\/s320\/DEPORTE+EDAD+ESCOLAR+CIUDAD+REAL+2013+011.jpg\" width=\"320\" \/><\/a><\/td>\n<\/tr>\n<tr>\n<td class=\"tr-caption\" style=\"text-align: center\">En segunda ronda se enfrentaron 2 jugadores de<br \/>\nnuestra escuela de Alc\u00e1zar:<br \/>\n\u00c1lvaro S\u00e1nchez-Mateos &#8211; Julia Meza<\/td>\n<\/tr>\n<\/tbody>\n<\/table>\n<p>&nbsp;<span style=\"color: blue;font-family: Verdana, sans-serif\">En el aspecto de resultados, son 9 los ajedrecistas de Alc\u00e1zar y Villafranca que han logrado sumar todos los puntos disputados. Como ya os hemos anunciado, el pr\u00f3ximo fin de semana continuar\u00e1n jug\u00e1ndose partidas tanto en Miguelturra como en Mocej\u00f3n, sedes de estas competiciones.<\/span><br \/>\n<span style=\"color: blue;font-family: Verdana, sans-serif\">Las m\u00faltiples posibilidades de clasificaci\u00f3n para la fase regional se reparten en todas las categor\u00edas y tambi\u00e9n en las clasificaciones masculinas y femeninas, as\u00ed pues deseamos el mejor juego para todos nuestros alumnos y alumnas.<\/span><br \/>\n<span style=\"color: blue;font-family: Verdana, sans-serif\">Despu\u00e9s de estas primeras partidas s\u00f3lo podemos a\u00f1adir nuestra profunda decepci\u00f3n con la actuaci\u00f3n de determinados personajes de la organizaci\u00f3n del escolar toledano. No es admisible que la sala de juego de un Escolar sea el escenario donde un organizador practique todas las cacicadas antideportivas que se le ocurran sin que ello tenga serias repercusiones. Como no queremos quitar el protagonismo que merecen a nuestros ajedrecistas, os anunciamos que al finalizar el Deporte en Edad Escolar de Toledo informaremos de todas las reclamaciones y denuncias que vayamos realizando ante los distintos comit\u00e9s competentes en materia de disciplina deportiva en esta provincia.<\/span><br \/>\n<span style=\"color: blue;font-family: Verdana, sans-serif\">Para poder seguir todos los resultados, aqu\u00ed os dejamos de nuevo los enlaces de Chess-Results:<\/span><\/p>\n<div style=\"text-align: center\">\n<span style=\"color: #274e13;font-family: Verdana, sans-serif\"><b><a href=\"http:\/\/chess-results.com\/tnr89470.aspx?art=1&amp;rd=2&amp;lan=2&amp;wi=821\">ESCOLAR CADETE DE CIUDAD REAL<\/a><\/b><\/span><\/div>\n<div style=\"text-align: center\">\n<span style=\"font-family: Verdana, sans-serif\"><span style=\"color: #274e13\"><u><br \/><\/u><\/span><\/span><\/div>\n<div style=\"text-align: center\">\n<span style=\"font-family: Verdana, sans-serif\"><span style=\"color: #274e13\"><b><a href=\"http:\/\/chess-results.com\/tnr89471.aspx?art=1&amp;rd=2&amp;lan=2&amp;wi=821\">ESCOLAR INFANTIL DE CIUDAD REAL<\/a><\/b><\/span><\/span><\/div>\n<div style=\"text-align: center\">\n<span style=\"font-family: Verdana, sans-serif\"><span style=\"color: #274e13\"><span style=\"color: #274e13\"><u><br \/><\/u><\/span><\/span><\/span><\/div>\n<div style=\"text-align: center\">\n<span style=\"font-family: Verdana, sans-serif\"><b><span style=\"color: #741b47\"><a href=\"http:\/\/chess-results.com\/tnr90013.aspx?art=2&amp;rd=2&amp;lan=2&amp;wi=821\">ESCOLAR CADETE DE TOLEDO<\/a><\/span><\/b><\/span><\/div>\n<div style=\"text-align: center\">\n<span style=\"font-family: Verdana, sans-serif\"><b><u><br \/><\/u><\/b><\/span><\/div>\n<div style=\"text-align: center\">\n<a href=\"http:\/\/chess-results.com\/tnr90012.aspx?art=2&amp;rd=2&amp;lan=2&amp;wi=821\"><b><span style=\"color: #4c1130;font-family: Verdana, sans-serif\">ESCOLAR INFANTIL DE TOLEDO<\/span><\/b><\/a><\/div>\n<table cellpadding=\"0\" cellspacing=\"0\" class=\"tr-caption-container\" style=\"float: right;margin-left: 1em;text-align: right\">\n<tbody>\n<tr>\n<td style=\"text-align: center\"><a href=\"https:\/\/www.bfv.cloud\/ajedrezeuropa\/wp-content\/uploads\/2013\/01\/DEPORTEEDADESCOLARCIUDADREAL2013003.jpg\" style=\"clear: right;margin-bottom: 1em;margin-left: auto;margin-right: auto\"><img loading=\"lazy\" decoding=\"async\" border=\"0\" height=\"240\" src=\"https:\/\/blogger.googleusercontent.com\/img\/b\/R29vZ2xl\/AVvXsEh4R2dizTxkjRS8xcxwkNmaE1d2AvJNRLuKZZ372iT7stgUmVy-iPpFSfiJEc9h_-p2xVlBx0Hf8g0uoCfABnVx7ZYIguVbm5w0IYf2NbxQSiPQoSCyl9zVA8bBHJlNsUEMjhyTbmovD7s\/s320\/DEPORTE+EDAD+ESCOLAR+CIUDAD+REAL+2013+003.jpg\" width=\"320\" \/><\/a><\/td>\n<\/tr>\n<tr>\n<td class=\"tr-caption\" style=\"text-align: center\">Isabel Marcos-Alberca logra su 1\u00aa victoria<br \/>\nen el Infantil de 2013<\/p>\n<p><\/td>\n<\/tr>\n<\/tbody>\n<\/table>\n","protected":false},"excerpt":{"rendered":"<p>Javier Valdepe\u00f1as suma 2 puntos en el Infantil de Ciudad Real En las ma\u00f1anas del pasado s\u00e1bado y domingo se iniciaron los campeonatos escolares de esta temporada en las provincias de Ciudad Real y Toledo. Un total de 25 chicos y chicas de nuestras escuelas de Alc\u00e1zar y Villafranca han participado en estas primeras jornadas, [&hellip;]<\/p>\n","protected":false},"author":1,"featured_media":2958,"comment_status":"open","ping_status":"closed","sticky":false,"template":"","format":"standard","meta":{"footnotes":""},"categories":[1],"tags":[],"class_list":["post-2957","post","type-post","status-publish","format-standard","has-post-thumbnail","hentry","category-noticias"],"_links":{"self":[{"href":"https:\/\/www.bfv.cloud\/ajedrezeuropa\/wp-json\/wp\/v2\/posts\/2957","targetHints":{"allow":["GET"]}}],"collection":[{"href":"https:\/\/www.bfv.cloud\/ajedrezeuropa\/wp-json\/wp\/v2\/posts"}],"about":[{"href":"https:\/\/www.bfv.cloud\/ajedrezeuropa\/wp-json\/wp\/v2\/types\/post"}],"author":[{"embeddable":true,"href":"https:\/\/www.bfv.cloud\/ajedrezeuropa\/wp-json\/wp\/v2\/users\/1"}],"replies":[{"embeddable":true,"href":"https:\/\/www.bfv.cloud\/ajedrezeuropa\/wp-json\/wp\/v2\/comments?post=2957"}],"version-history":[{"count":1,"href":"https:\/\/www.bfv.cloud\/ajedrezeuropa\/wp-json\/wp\/v2\/posts\/2957\/revisions"}],"predecessor-version":[{"id":2962,"href":"https:\/\/www.bfv.cloud\/ajedrezeuropa\/wp-json\/wp\/v2\/posts\/2957\/revisions\/2962"}],"wp:featuredmedia":[{"embeddable":true,"href":"https:\/\/www.bfv.cloud\/ajedrezeuropa\/wp-json\/wp\/v2\/media\/2958"}],"wp:attachment":[{"href":"https:\/\/www.bfv.cloud\/ajedrezeuropa\/wp-json\/wp\/v2\/media?parent=2957"}],"wp:term":[{"taxonomy":"category","embeddable":true,"href":"https:\/\/www.bfv.cloud\/ajedrezeuropa\/wp-json\/wp\/v2\/categories?post=2957"},{"taxonomy":"post_tag","embeddable":true,"href":"https:\/\/www.bfv.cloud\/ajedrezeuropa\/wp-json\/wp\/v2\/tags?post=2957"}],"curies":[{"name":"wp","href":"https:\/\/api.w.org\/{rel}","templated":true}]}}