{"id":2963,"date":"2015-02-16T20:16:00","date_gmt":"2015-02-16T20:16:00","guid":{"rendered":"https:\/\/www.bfv.cloud\/ajedrezeuropa\/index.php\/2015\/02\/16\/ampliacion-de-informacion-sobre-el-curso-del-crfp-ajedrez-en-la-escuela\/"},"modified":"2025-11-20T10:54:29","modified_gmt":"2025-11-20T10:54:29","slug":"ampliacion-de-informacion-sobre-el-curso-del-crfp-ajedrez-en-la-escuela","status":"publish","type":"post","link":"https:\/\/www.bfv.cloud\/ajedrezeuropa\/ampliacion-de-informacion-sobre-el-curso-del-crfp-ajedrez-en-la-escuela\/","title":{"rendered":"AMPLIACI\u00d3N DE INFORMACI\u00d3N SOBRE EL CURSO DEL CRFP \u00abAJEDREZ EN LA ESCUELA\u00bb"},"content":{"rendered":"<div class=\"separator\" style=\"clear: both;text-align: center\">\n<\/div>\n<div class=\"separator\" style=\"clear: both;text-align: center\">\n<a href=\"https:\/\/www.bfv.cloud\/ajedrezeuropa\/wp-content\/uploads\/2015\/02\/LOGOSCONJUNTOSAJEDREZENLAESCUELA.jpg\" style=\"margin-left: 1em;margin-right: 1em\"><img fetchpriority=\"high\" decoding=\"async\" border=\"0\" src=\"https:\/\/www.bfv.cloud\/ajedrezeuropa\/wp-content\/uploads\/2015\/02\/LOGOSCONJUNTOSAJEDREZENLAESCUELA.jpg\" height=\"122\" width=\"640\" \/><\/a><\/div>\n<p><span style=\"font-family: Helvetica Neue, Arial, Helvetica, sans-serif\"><b><br \/><\/b><\/span><br \/>\n<span style=\"font-family: Helvetica Neue, Arial, Helvetica, sans-serif\"><b>El pasado mi\u00e9rcoles se iniciaba el plazo de inscripci\u00f3n para el curso del CRFP \u00abAJEDREZ EN LA ESCUELA\u00bb. Las 60 plazas ofertadas exclusivamente a trav\u00e9s de la plataforma de formaci\u00f3n del CRFP para docentes de Castilla-La Mancha de ense\u00f1anza infantil, primaria y secundaria quedaron cubiertas en tan solo 2 d\u00edas.&nbsp;<\/b><\/span><br \/>\n<span style=\"font-family: Helvetica Neue, Arial, Helvetica, sans-serif\"><b>El curso tiene programado su inicio el pr\u00f3ximo 3 de marzo en la \u00abescuela de idiomas de Tomelloso\u00bb con una primera clase presencial, continuando con 7 clases virtuales (una por semana), hasta culminar el 19 de mayo con una clase final en el que se concentrar\u00e1n los ponentes del curso, Herminio Herr\u00e1iz y F\u00e9lix Toribio, junto a todos los participantes. El evento de clausura contar\u00e1 con la participaci\u00f3n del gran divulgador del ajedrez, Leontxo Garc\u00eda Olasagasti, y estar\u00e1 abierto, hasta completar aforo, para todos los docentes asistentes al curso y tambi\u00e9n para otros profesores que formalicen su inscripci\u00f3n a partir del 23 de febrero mediante un formulario del que dispondr\u00e1 la propia plataforma del Centro Regional de Formaci\u00f3n del Profesorado. Este evento final, que tendr\u00e1 lugar en las dependencias de la Consejer\u00eda de Educaci\u00f3n en Toledo, lo hemos querido abrir al mayor n\u00famero de asistentes posible, atendiendo a la repercusi\u00f3n que ha obtenido el curso y al deseo de la directora del CRFP, Laura Morillas, y de la asesora, Mar\u00eda A. Angulo, a las que aprovechamos para agradecerles toda su colaboraci\u00f3n y ayuda.<\/b><\/span><br \/>\n<span style=\"font-family: Helvetica Neue, Arial, Helvetica, sans-serif\"><b>La convocatoria del curso y toda la informaci\u00f3n relativa a su contenido y desarrollo puede consultarse en el siguiente enlace:<\/b><\/span><\/p>\n<div style=\"text-align: center\">\n<a href=\"http:\/\/centroformacionprofesorado.castillalamancha.es\/documents\/10157\/62d0c46f-1e61-43ca-b0b1-487cc7608890\"><b><span style=\"font-family: Helvetica Neue, Arial, Helvetica, sans-serif;font-size: large\">http:\/\/centroformacionprofesorado.castillalamancha.es\/documents\/10157\/62d0c46f-1e61-43ca-b0b1-487cc7608890<\/span><\/b><\/a><\/div>\n","protected":false},"excerpt":{"rendered":"<p>El pasado mi\u00e9rcoles se iniciaba el plazo de inscripci\u00f3n para el curso del CRFP \u00abAJEDREZ EN LA ESCUELA\u00bb. Las 60 plazas ofertadas exclusivamente a trav\u00e9s de la plataforma de formaci\u00f3n del CRFP para docentes de Castilla-La Mancha de ense\u00f1anza infantil, primaria y secundaria quedaron cubiertas en tan solo 2 d\u00edas.&nbsp; El curso tiene programado su [&hellip;]<\/p>\n","protected":false},"author":1,"featured_media":2964,"comment_status":"open","ping_status":"closed","sticky":false,"template":"","format":"standard","meta":{"footnotes":""},"categories":[1],"tags":[],"class_list":["post-2963","post","type-post","status-publish","format-standard","has-post-thumbnail","hentry","category-noticias"],"_links":{"self":[{"href":"https:\/\/www.bfv.cloud\/ajedrezeuropa\/wp-json\/wp\/v2\/posts\/2963","targetHints":{"allow":["GET"]}}],"collection":[{"href":"https:\/\/www.bfv.cloud\/ajedrezeuropa\/wp-json\/wp\/v2\/posts"}],"about":[{"href":"https:\/\/www.bfv.cloud\/ajedrezeuropa\/wp-json\/wp\/v2\/types\/post"}],"author":[{"embeddable":true,"href":"https:\/\/www.bfv.cloud\/ajedrezeuropa\/wp-json\/wp\/v2\/users\/1"}],"replies":[{"embeddable":true,"href":"https:\/\/www.bfv.cloud\/ajedrezeuropa\/wp-json\/wp\/v2\/comments?post=2963"}],"version-history":[{"count":1,"href":"https:\/\/www.bfv.cloud\/ajedrezeuropa\/wp-json\/wp\/v2\/posts\/2963\/revisions"}],"predecessor-version":[{"id":2965,"href":"https:\/\/www.bfv.cloud\/ajedrezeuropa\/wp-json\/wp\/v2\/posts\/2963\/revisions\/2965"}],"wp:featuredmedia":[{"embeddable":true,"href":"https:\/\/www.bfv.cloud\/ajedrezeuropa\/wp-json\/wp\/v2\/media\/2964"}],"wp:attachment":[{"href":"https:\/\/www.bfv.cloud\/ajedrezeuropa\/wp-json\/wp\/v2\/media?parent=2963"}],"wp:term":[{"taxonomy":"category","embeddable":true,"href":"https:\/\/www.bfv.cloud\/ajedrezeuropa\/wp-json\/wp\/v2\/categories?post=2963"},{"taxonomy":"post_tag","embeddable":true,"href":"https:\/\/www.bfv.cloud\/ajedrezeuropa\/wp-json\/wp\/v2\/tags?post=2963"}],"curies":[{"name":"wp","href":"https:\/\/api.w.org\/{rel}","templated":true}]}}