{"id":2968,"date":"2012-10-24T13:46:00","date_gmt":"2012-10-24T13:46:00","guid":{"rendered":"https:\/\/www.bfv.cloud\/ajedrezeuropa\/index.php\/2012\/10\/24\/actualidad-de-nuestro-ajedrez\/"},"modified":"2025-11-20T10:54:31","modified_gmt":"2025-11-20T10:54:31","slug":"actualidad-de-nuestro-ajedrez","status":"publish","type":"post","link":"https:\/\/www.bfv.cloud\/ajedrezeuropa\/actualidad-de-nuestro-ajedrez\/","title":{"rendered":"ACTUALIDAD DE NUESTRO AJEDREZ"},"content":{"rendered":"<div class=\"separator\" style=\"clear: both;text-align: center\">\n<a href=\"https:\/\/www.bfv.cloud\/ajedrezeuropa\/wp-content\/uploads\/2012\/10\/FOTOGALA.jpg\" style=\"clear: left;float: left;margin-bottom: 1em;margin-right: 1em\"><img fetchpriority=\"high\" decoding=\"async\" border=\"0\" height=\"300\" src=\"https:\/\/blogger.googleusercontent.com\/img\/b\/R29vZ2xl\/AVvXsEh2Hld9FH_hPuEyavRtCvlfNTSvMKG0Qjp0-vwaqgmfCxGDmfvbVPQPDvyuKcSpC0ZvwT6V0uHYNXQoWI8_vpteWltOEnAh2zAoD0wE1XKacv7VJnY7Gip6Y1osLPFA-jTkr_pdphpgOm0\/s400\/FOTO+GALA.jpg\" width=\"400\" \/><\/a><\/div>\n<h4>\nAl igual que en las pasadas temporadas, los pr\u00f3ximos meses de noviembre a marzo vendr\u00e1n con un gran n\u00famero de d\u00edas de competici\u00f3n y actividades para muchos de los chicos y chicas de nuestras escuelas y clubes. Por este motivo, hemos convocado un encuentro informativo con los padres, madres y jugadores que tomar\u00e1n parte en algunos de estos campeonatos. La misi\u00f3n principal de este encuentro ser\u00e1 la de trasladar a todos el calendario ajedrec\u00edstico de estos meses y cambiar impresiones sobre la planificaci\u00f3n y organizaci\u00f3n que facilite nuestra presencia en los distintos torneos. La reuni\u00f3n se celebrar\u00e1 este s\u00e1bado 27 de octubre en la sede del ajedrez de Villafranca de los Caballeros a las 8 de la tarde. <\/h4>\n<h4 style=\"text-align: center\">\n<span style=\"color: blue\">\u00a1\u00a1&nbsp;BUENAS NOTICIAS !!<\/span><\/h4>\n<h4>\n<span style=\"color: blue\">Tenemos algunas felicitaciones que dar, en concreto 3 referidas directamente con jugadores y entrenadores de nuestro proyecto y 1 con un medio de comunicaci\u00f3n que colabora mucho en la difusi\u00f3n y divulgaci\u00f3n de los resultados y actividades que tenemos. Empezamos por destacar el magn\u00edfico resultado de Isaac Lozano en el recuperado Torneo Diputaci\u00f3n de Toledo, obteniendo la 4\u00aa plaza tras no haber perdido ninguna partida. Saliendo del terreno competitivo, queremos destacar el aprobado que ha obtenido Daniel P\u00edriz en la prueba te\u00f3rica del examen de monitor nacional de base. Tambi\u00e9n es importante se\u00f1alar la reciente puesta en marcha de la plataforma \u201cEl M\u00e9todo en Ajedrez\u201d por parte del entrenador y gran maestro de ajedrez Herminio Herr\u00e1iz. El enlace con esta p\u00e1gina es: <a href=\"http:\/\/www.elmetodoenajedrez.com\/\">www.elmetodoenajedrez.com<\/a><\/span><\/h4>\n<h4>\n<span style=\"color: blue\">La cuarta buena noticia que os queremos transmitir es el cumplimiento del primer aniversario de un medio informativo que siempre destaca las noticias que generamos desde nuestras escuelas y clubes. \u00a1\u00a1Enhorabuena!! a Jos\u00e9 Antonio Moya, a Wilfrido Camacho y a Pilar Atienza. No es f\u00e1cil, y menos en los momentos actuales, que un proyecto tan joven se convierta en un referente informativo en la comarca y vosotros lo hab\u00e9is conseguido. Gracias por vuestra \u201cmanchainformaci\u00f3n\u201d y larga vida. El enlace con esta p\u00e1gina: <\/span><span style=\"color: blue\"><a href=\"http:\/\/www.manchainformacion.com\/\">www.manchainformacion.com<\/a><\/span><\/h4>\n<div class=\"separator\" style=\"clear: both;text-align: center\">\n<a href=\"https:\/\/www.bfv.cloud\/ajedrezeuropa\/wp-content\/uploads\/2012\/10\/logomanchainformacion.png\" style=\"margin-left: 1em;margin-right: 1em\"><img decoding=\"async\" border=\"0\" height=\"77\" src=\"https:\/\/blogger.googleusercontent.com\/img\/b\/R29vZ2xl\/AVvXsEi3KdByrhj-VRR-Bp-WdqMbCUcnfEWWeqhUWSU1TD0Rvw4qM_CYj6VOm3uuM3vbtnXqt-jyv6654VhtpEaMAkHndRlwRoJpHRWMYFZMKEFAzO_3hgP_8LpepN5UYiR3LuuYHK38ZIcObs0\/s320\/logo+manchainformacion.png\" width=\"320\" \/><\/a><\/div>\n<p><\/p>\n","protected":false},"excerpt":{"rendered":"<p>Al igual que en las pasadas temporadas, los pr\u00f3ximos meses de noviembre a marzo vendr\u00e1n con un gran n\u00famero de d\u00edas de competici\u00f3n y actividades para muchos de los chicos y chicas de nuestras escuelas y clubes. Por este motivo, hemos convocado un encuentro informativo con los padres, madres y jugadores que tomar\u00e1n parte en [&hellip;]<\/p>\n","protected":false},"author":1,"featured_media":2969,"comment_status":"open","ping_status":"closed","sticky":false,"template":"","format":"standard","meta":{"footnotes":""},"categories":[1],"tags":[],"class_list":["post-2968","post","type-post","status-publish","format-standard","has-post-thumbnail","hentry","category-noticias"],"_links":{"self":[{"href":"https:\/\/www.bfv.cloud\/ajedrezeuropa\/wp-json\/wp\/v2\/posts\/2968","targetHints":{"allow":["GET"]}}],"collection":[{"href":"https:\/\/www.bfv.cloud\/ajedrezeuropa\/wp-json\/wp\/v2\/posts"}],"about":[{"href":"https:\/\/www.bfv.cloud\/ajedrezeuropa\/wp-json\/wp\/v2\/types\/post"}],"author":[{"embeddable":true,"href":"https:\/\/www.bfv.cloud\/ajedrezeuropa\/wp-json\/wp\/v2\/users\/1"}],"replies":[{"embeddable":true,"href":"https:\/\/www.bfv.cloud\/ajedrezeuropa\/wp-json\/wp\/v2\/comments?post=2968"}],"version-history":[{"count":1,"href":"https:\/\/www.bfv.cloud\/ajedrezeuropa\/wp-json\/wp\/v2\/posts\/2968\/revisions"}],"predecessor-version":[{"id":2971,"href":"https:\/\/www.bfv.cloud\/ajedrezeuropa\/wp-json\/wp\/v2\/posts\/2968\/revisions\/2971"}],"wp:featuredmedia":[{"embeddable":true,"href":"https:\/\/www.bfv.cloud\/ajedrezeuropa\/wp-json\/wp\/v2\/media\/2969"}],"wp:attachment":[{"href":"https:\/\/www.bfv.cloud\/ajedrezeuropa\/wp-json\/wp\/v2\/media?parent=2968"}],"wp:term":[{"taxonomy":"category","embeddable":true,"href":"https:\/\/www.bfv.cloud\/ajedrezeuropa\/wp-json\/wp\/v2\/categories?post=2968"},{"taxonomy":"post_tag","embeddable":true,"href":"https:\/\/www.bfv.cloud\/ajedrezeuropa\/wp-json\/wp\/v2\/tags?post=2968"}],"curies":[{"name":"wp","href":"https:\/\/api.w.org\/{rel}","templated":true}]}}