{"id":2974,"date":"2014-01-29T21:40:00","date_gmt":"2014-01-29T21:40:00","guid":{"rendered":"https:\/\/www.bfv.cloud\/ajedrezeuropa\/index.php\/2014\/01\/29\/nuestro-ajedrez-en-europa-colabora-con-el-plan-activa-de-la-junta-de-castilla-la-mancha\/"},"modified":"2025-11-20T10:54:34","modified_gmt":"2025-11-20T10:54:34","slug":"nuestro-ajedrez-en-europa-colabora-con-el-plan-activa-de-la-junta-de-castilla-la-mancha","status":"publish","type":"post","link":"https:\/\/www.bfv.cloud\/ajedrezeuropa\/nuestro-ajedrez-en-europa-colabora-con-el-plan-activa-de-la-junta-de-castilla-la-mancha\/","title":{"rendered":"NUESTRO AJEDREZ EN EUROPA COLABORA CON EL PLAN + ACTIVA DE LA JUNTA DE CASTILLA-LA MANCHA"},"content":{"rendered":"<div class=\"separator\" style=\"clear: both;text-align: center\">\n<a href=\"https:\/\/www.bfv.cloud\/ajedrezeuropa\/wp-content\/uploads\/2014\/01\/bn_CLM_Activa.jpg\" style=\"margin-left: 1em;margin-right: 1em\"><img fetchpriority=\"high\" decoding=\"async\" border=\"0\" src=\"https:\/\/www.bfv.cloud\/ajedrezeuropa\/wp-content\/uploads\/2014\/01\/bn_CLM_Activa.jpg\" height=\"141\" width=\"400\" \/><\/a><\/div>\n<div class=\"separator\" style=\"clear: both;text-align: center\">\n<a href=\"https:\/\/www.bfv.cloud\/ajedrezeuropa\/wp-content\/uploads\/2014\/01\/imagendelclubmejorada.jpg\" style=\"clear: right;float: right;margin-bottom: 1em;margin-left: 1em\"><img decoding=\"async\" border=\"0\" src=\"https:\/\/www.bfv.cloud\/ajedrezeuropa\/wp-content\/uploads\/2014\/01\/imagendelclubmejorada.jpg\" height=\"200\" width=\"320\" \/><\/a><\/div>\n<div class=\"MsoNormal\" style=\"text-align: justify;text-indent: 35.4pt\">\n<span style=\"font-family: Verdana, sans-serif\"><br \/><\/span><\/div>\n<div class=\"MsoNormal\" style=\"text-align: justify;text-indent: 35.4pt\">\n<span style=\"font-family: Verdana, sans-serif\">El jueves 30 de enero<br \/>\ncomienzan las clases de divulgaci\u00f3n del ajedrez en varios colegios de distintas<br \/>\nlocalidades de la provincia de Toledo, promovidas dentro del Plan de Acci\u00f3n <b>+ACTIVA<\/b><br \/>\nque organiza la Consejer\u00eda de Educaci\u00f3n, Cultura y Deportes de la Junta de<br \/>\nCastilla-La Mancha. Los pueblos de Villa de Don Fadrique, Lillo y Quero, ser\u00e1n<br \/>\nlos primeros en recibir esta actividad en sus colegios, realizada gracias a la<br \/>\ncolaboraci\u00f3n entre el <b>Servicio de Deportes de Toledo <\/b>y el proyecto<b><br \/>\nNuestro Ajedrez en Europa<\/b>. Este encuentro inicial con el mundo del ajedrez<br \/>\npara chicos y chicas que cursan 5\u00ba y 6\u00ba de primaria ofrece varios aspectos a<br \/>\ndestacar que lo hacen particularmente interesante. El principal de ellos, es su<br \/>\nintroducci\u00f3n en el horario lectivo de los colegios que se han acogido al<br \/>\nprograma <b>+ACTIVA<\/b>, significando la participaci\u00f3n de m\u00e1s de 100 alumnos y<br \/>\nalumnas en cada una de las jornadas previstas. Tambi\u00e9n es importante la<br \/>\nselecci\u00f3n de poblaciones que se ha elaborado, muchas de ellas con larga<br \/>\ntradici\u00f3n ajedrec\u00edstica, aunque sin escuelas municipales de este deporte en los<br \/>\n\u00faltimo a\u00f1os, en casi todos los casos. <\/span><\/div>\n<div class=\"MsoNormal\" style=\"text-align: justify\">\n<\/div>\n<div class=\"MsoNormal\" style=\"text-align: justify;text-indent: 35.4pt\">\n<span style=\"font-family: Verdana, sans-serif\">Como se ha&nbsp; se\u00f1alado, el calendario para esta actividad<br \/>\nformativa comienza este jueves, d\u00eda 30 de enero, desarroll\u00e1ndose en jornada de<br \/>\nma\u00f1ana en el <b>CEIP \u201cMarcelino Murillo\u201d<\/b> de <b>Lillo<\/b>, en el <b>CEIP<br \/>\n\u201cRam\u00f3n y Cajal\u201d<\/b> de <b>Villa de Don Fadrique<\/b> y en el <b>CEIP \u201cSantiago<br \/>\nCaba\u00f1as\u201d<\/b> de <b>Quero<\/b>, todos ellos adheridos al programa <b>+ACTIVA.<\/b><br \/>\nEl siguiente d\u00eda elegido para la continuaci\u00f3n de la actividad es el jueves 6 de<br \/>\nfebrero, proyect\u00e1ndose en las localidades de La Puebla de Almoradiel, Quintanar<br \/>\nde la Orden y Miguel Esteban. Finalmente, se han previsto sendas<br \/>\nconcentraciones para cada zona durante los d\u00edas 13 y 20 de febrero, contando<br \/>\ncon la participaci\u00f3n de 150 alumnos en cada caso.&nbsp; <\/span><\/div>\n<div class=\"MsoNormal\" style=\"text-align: justify;text-indent: 35.4pt\">\n<\/div>\n<div class=\"MsoBodyTextIndent\">\n<span style=\"font-family: Verdana, sans-serif\">La prioridad a la hora de la preparaci\u00f3n de los<br \/>\ncontenidos ha sido la de presentar el ajedrez como un deporte accesible para<br \/>\ntodos los ni\u00f1os, as\u00ed como la de ense\u00f1ar sus enormes posibilidades educativas en<br \/>\ntres planos diferenciados pero complementarios:<\/span><\/div>\n<div class=\"MsoNormal\" style=\"margin-left: 35.4pt;text-align: justify\">\n<b><i><span style=\"font-family: Verdana, sans-serif\">1\u00ba. Como una<br \/>\nherramienta favorecedora de la concentraci\u00f3n.<\/span><\/i><\/b><\/div>\n<div class=\"MsoNormal\" style=\"margin-left: 35.4pt;text-align: justify\">\n<b><i><span style=\"font-family: Verdana, sans-serif\">2\u00ba. Como un apoyo al<br \/>\ndesarrollo de la creatividad.<\/span><\/i><\/b><\/div>\n<div class=\"MsoNormal\" style=\"margin-left: 35.4pt;text-align: justify\">\n<span style=\"font-family: Verdana, sans-serif\"><b><i>3\u00ba. Como un potente<br \/>\nactivador de los procesos mentales relacionados con la memoria y la<br \/>\nvisualizaci\u00f3n.<\/i><\/b> <\/span><\/div>\n<div class=\"MsoNormal\" style=\"margin-left: 35.4pt;text-align: justify\">\n<\/div>\n<p><\/p>\n<div class=\"MsoNormal\" style=\"text-align: justify;text-indent: 35.4pt\">\n<span style=\"font-family: Verdana, sans-serif\">Para <b>Nuestro Ajedrez<br \/>\nen Europa <\/b>es esencial que esta labor de divulgaci\u00f3n e informaci\u00f3n comience<br \/>\nen los colegios a edades tempranas, empleando una metodolog\u00eda did\u00e1ctica que<br \/>\npermita el acercamiento a los tableros del mayor n\u00famero de alumnos, pero<br \/>\ntambi\u00e9n con la ejecuci\u00f3n de unas programaciones permanentes en el tiempo que<br \/>\npermitan asentar la pr\u00e1ctica de esta \u201cgimnasia de la mente\u201d en el temario<br \/>\nformativo de todos los centros educativos de primaria y secundaria de<br \/>\nCastilla-La Mancha.&nbsp;<\/span><span style=\"font-family: Batang\"><\/span><\/div>\n","protected":false},"excerpt":{"rendered":"<p>El jueves 30 de enero comienzan las clases de divulgaci\u00f3n del ajedrez en varios colegios de distintas localidades de la provincia de Toledo, promovidas dentro del Plan de Acci\u00f3n +ACTIVA que organiza la Consejer\u00eda de Educaci\u00f3n, Cultura y Deportes de la Junta de Castilla-La Mancha. Los pueblos de Villa de Don Fadrique, Lillo y Quero, [&hellip;]<\/p>\n","protected":false},"author":1,"featured_media":2975,"comment_status":"open","ping_status":"closed","sticky":false,"template":"","format":"standard","meta":{"footnotes":""},"categories":[1],"tags":[],"class_list":["post-2974","post","type-post","status-publish","format-standard","has-post-thumbnail","hentry","category-noticias"],"_links":{"self":[{"href":"https:\/\/www.bfv.cloud\/ajedrezeuropa\/wp-json\/wp\/v2\/posts\/2974","targetHints":{"allow":["GET"]}}],"collection":[{"href":"https:\/\/www.bfv.cloud\/ajedrezeuropa\/wp-json\/wp\/v2\/posts"}],"about":[{"href":"https:\/\/www.bfv.cloud\/ajedrezeuropa\/wp-json\/wp\/v2\/types\/post"}],"author":[{"embeddable":true,"href":"https:\/\/www.bfv.cloud\/ajedrezeuropa\/wp-json\/wp\/v2\/users\/1"}],"replies":[{"embeddable":true,"href":"https:\/\/www.bfv.cloud\/ajedrezeuropa\/wp-json\/wp\/v2\/comments?post=2974"}],"version-history":[{"count":1,"href":"https:\/\/www.bfv.cloud\/ajedrezeuropa\/wp-json\/wp\/v2\/posts\/2974\/revisions"}],"predecessor-version":[{"id":2977,"href":"https:\/\/www.bfv.cloud\/ajedrezeuropa\/wp-json\/wp\/v2\/posts\/2974\/revisions\/2977"}],"wp:featuredmedia":[{"embeddable":true,"href":"https:\/\/www.bfv.cloud\/ajedrezeuropa\/wp-json\/wp\/v2\/media\/2975"}],"wp:attachment":[{"href":"https:\/\/www.bfv.cloud\/ajedrezeuropa\/wp-json\/wp\/v2\/media?parent=2974"}],"wp:term":[{"taxonomy":"category","embeddable":true,"href":"https:\/\/www.bfv.cloud\/ajedrezeuropa\/wp-json\/wp\/v2\/categories?post=2974"},{"taxonomy":"post_tag","embeddable":true,"href":"https:\/\/www.bfv.cloud\/ajedrezeuropa\/wp-json\/wp\/v2\/tags?post=2974"}],"curies":[{"name":"wp","href":"https:\/\/api.w.org\/{rel}","templated":true}]}}