{"id":2978,"date":"2025-02-27T10:44:00","date_gmt":"2025-02-27T10:44:00","guid":{"rendered":"https:\/\/www.bfv.cloud\/ajedrezeuropa\/index.php\/2025\/02\/27\/seis-medallistas-en-el-campeonato-provincial-por-edades-de-toledo\/"},"modified":"2025-11-20T10:54:45","modified_gmt":"2025-11-20T10:54:45","slug":"seis-medallistas-en-el-campeonato-provincial-por-edades-de-toledo","status":"publish","type":"post","link":"https:\/\/www.bfv.cloud\/ajedrezeuropa\/seis-medallistas-en-el-campeonato-provincial-por-edades-de-toledo\/","title":{"rendered":"SEIS MEDALLISTAS EN EL CAMPEONATO PROVINCIAL POR EDADES DE TOLEDO"},"content":{"rendered":"<table align=\"center\" cellpadding=\"0\" cellspacing=\"0\" class=\"tr-caption-container\" style=\"margin-left: auto;margin-right: auto\">\n<tbody>\n<tr>\n<td style=\"text-align: center\"><a href=\"https:\/\/www.bfv.cloud\/ajedrezeuropa\/wp-content\/uploads\/2025\/02\/120LOS20620PREMIADOS-1-scaled.jpg\" style=\"margin-left: auto;margin-right: auto\"><img fetchpriority=\"high\" decoding=\"async\" border=\"0\" data-original-height=\"2828\" data-original-width=\"2467\" height=\"640\" src=\"https:\/\/blogger.googleusercontent.com\/img\/b\/R29vZ2xl\/AVvXsEhIRoY068m7g951IFuhhvnZtxqAnWQyYnzlTMto3ERfLGtv7KfHei3uaMKSyeK4DOGwRLVVU_WrSJevHmAtBn_-4sgSv9qgSBKYSxoiN5Fvqj8VwI4nbd3Yzn3ZAQodduS9sPnQ2HodlgYjn5iADjtJnucVJKK3b-6IXuu96wAeawf2xGBLkbN20LElLlY\/w558-h640\/1%20LOS%206%20PREMIADOS.jpg\" width=\"558\" \/><\/a><\/td>\n<\/tr>\n<tr>\n<td class=\"tr-caption\" style=\"text-align: center\">Un oro, dos platas y tres bronces<\/td>\n<\/tr>\n<\/tbody>\n<\/table>\n<p><span style=\"font-family: arial;font-size: large\">El fin de semana pasado finalizaba el Campeonato Provincial por Edades de Toledo en las categor\u00edas sub-8, sub-10, sub-12, sub14 y sub-16. Las escuelas de ajedrez de Illescas, Consuegra y Villafranca de los Caballeros han participado con 16 chicos y chicas, a\u00f1adi\u00e9ndose 5 jugadores m\u00e1s de la escuela de Alc\u00e1zar de San Juan hasta alcanzar los 21 participantes.&nbsp;<\/span><\/p>\n<table align=\"center\" cellpadding=\"0\" cellspacing=\"0\" class=\"tr-caption-container\" style=\"margin-left: auto;margin-right: auto\">\n<tbody>\n<tr>\n<td style=\"text-align: center\"><a href=\"https:\/\/www.bfv.cloud\/ajedrezeuropa\/wp-content\/uploads\/2025\/02\/220GRUPO20CON20MONITORES-scaled.jpg\" style=\"margin-left: auto;margin-right: auto\"><img decoding=\"async\" border=\"0\" data-original-height=\"2341\" data-original-width=\"3856\" height=\"388\" src=\"https:\/\/blogger.googleusercontent.com\/img\/b\/R29vZ2xl\/AVvXsEhO0ZYHDyjD517rOS-PExQo7e6tG5P3IY1vxV27iooF8zLqs_rIoT4LSemySXu1MelKGSW2pyhztiiO8cnO3whIRpbPn5HRPqYTWPKWGBI2e00ARplI66BtshfQY31RVgLQ9aJ32sGsYo6vgPsouktP4vXpBS0tOlRDJY5u-4-xxAkQzcCSdZrMTDNATxE\/w640-h388\/2%20GRUPO%20CON%20MONITORES.jpg\" width=\"640\" \/><\/a><\/td>\n<\/tr>\n<tr>\n<td class=\"tr-caption\" style=\"text-align: center\">Participantes y monitores en el campeonato de edades de Toledo<\/td>\n<\/tr>\n<\/tbody>\n<\/table>\n<p><span style=\"font-family: arial;font-size: large\"><br \/><\/span><\/p>\n<p><span style=\"font-family: arial;font-size: large\"><b><u>Un oro, dos platas y tres bronces<\/u><\/b><\/span><\/p>\n<p><span style=\"font-family: arial;font-size: large\"><b><\/p>\n<table align=\"center\" cellpadding=\"0\" cellspacing=\"0\" class=\"tr-caption-container\" style=\"margin-left: auto;margin-right: auto\">\n<tbody>\n<tr>\n<td style=\"text-align: center\"><a href=\"https:\/\/www.bfv.cloud\/ajedrezeuropa\/wp-content\/uploads\/2025\/02\/MERYEM20Y20KAREN20PREMIADAS.jpg\" style=\"margin-left: auto;margin-right: auto\"><img decoding=\"async\" border=\"0\" data-original-height=\"900\" data-original-width=\"1600\" height=\"360\" src=\"https:\/\/blogger.googleusercontent.com\/img\/b\/R29vZ2xl\/AVvXsEhhLqUermUcJ9-kiafWRosPkXAfCWFlWVSH-avUmbetmCC0iyB9lCMG283aZcvX_Jdb_VIf2u8SUlGWPHDUI0Jyf-rjaXKVWvrpMh5pBhTIPkBIfLOMrdzrCLmzJsajBLfsU5_1wgFVgKROfse4PurJQTaHUJkfx-8M_H6iEGfyUfeFrBy_JgUKndu59G8\/w640-h360\/MERYEM%20Y%20KAREN%20PREMIADAS.jpg\" width=\"640\" \/><\/a><\/td>\n<\/tr>\n<tr>\n<td class=\"tr-caption\" style=\"text-align: center\">Meryem Benmmou, campeona sub-10 y Karen Crespo, 3\u00aa clasificada<\/td>\n<\/tr>\n<\/tbody>\n<\/table>\n<p><u><br \/><\/u><\/b><\/span><\/p>\n<p><span style=\"font-family: arial;font-size: large\">Los resultados obtenidos han sido muy buenos, destacando el t\u00edtulo de campeona provincial sub-10 conseguido por <b><i>Meryem Benammou Yousri <\/i><\/b>(escuela de Villafranca); los segundos puestos de <i style=\"font-weight: bold\">Jaime Vila Castillo<\/i>&nbsp;en la categor\u00eda sub-14<i style=\"font-weight: bold\">&nbsp;<\/i>(escuela de Alc\u00e1zar) y de <i style=\"font-weight: bold\">Mario Moreno Rodr\u00edguez<\/i>&nbsp;en el sub-8<i style=\"font-weight: bold\">&nbsp;<\/i>(escuela de Consuegra); y los 3 bronces logrados por: <i style=\"font-weight: bold\">Aday Berm\u00fadez Gonz\u00e1lez <\/i>en la categor\u00eda sub-16 (escuela de Illescas), <i style=\"font-weight: bold\">Paula \u00c1vila Cervantes<\/i>&nbsp;en el sub-12 femenino (escuela de Villafranca) y <i style=\"font-weight: bold\">Karen Crespo Rodr\u00edguez <\/i>en sub-10 femenino (escuela de Illescas). Los 3 chicos y las 3 chicas medallistas son el reflejo de un proyecto deportivo basado en la igualdad de oportunidades, en la integraci\u00f3n y en la diversidad, alcanzando una fuerte implantaci\u00f3n del ajedrez en las 4 poblaciones donde tenemos consolidadas escuelas de aprendizaje y perfeccionamiento.<\/span><\/p>\n<table align=\"center\" cellpadding=\"0\" cellspacing=\"0\" class=\"tr-caption-container\" style=\"margin-left: auto;margin-right: auto\">\n<tbody>\n<tr>\n<td style=\"text-align: center\"><a href=\"https:\/\/www.bfv.cloud\/ajedrezeuropa\/wp-content\/uploads\/2025\/02\/ADAY20BERMUDEZ20PREMIADO.jpg\" style=\"margin-left: auto;margin-right: auto\"><img loading=\"lazy\" decoding=\"async\" border=\"0\" data-original-height=\"900\" data-original-width=\"1600\" height=\"360\" src=\"https:\/\/blogger.googleusercontent.com\/img\/b\/R29vZ2xl\/AVvXsEgkB4YzdWkcn4UyrwfOKb62v44NmgW8f499gVBE5ZEJS8bj0etGweAST7ycC0axS-DAZdhsbnQP3Br6bZz3eoRn4UT57gf_FuwPheWlUe4XKbU0S4TvE3QNkgvJWPm09xpGtt_N2jwslMz-PFpG4YZya3pl7XvQe36GeOHVHHTq7TraRANKupVki8QqseM\/w640-h360\/ADAY%20BERMUDEZ%20PREMIADO.jpg\" width=\"640\" \/><\/a><\/td>\n<\/tr>\n<tr>\n<td class=\"tr-caption\" style=\"text-align: center\">Aday Berm\u00fadez, 3er. puesto del sub-16<\/td>\n<\/tr>\n<\/tbody>\n<\/table>\n<p><\/p>\n<table align=\"center\" cellpadding=\"0\" cellspacing=\"0\" class=\"tr-caption-container\" style=\"margin-left: auto;margin-right: auto\">\n<tbody>\n<tr>\n<td style=\"text-align: center\"><a href=\"https:\/\/www.bfv.cloud\/ajedrezeuropa\/wp-content\/uploads\/2025\/02\/PAULA20AVILA20PREMIADA.jpg\" style=\"margin-left: auto;margin-right: auto\"><img loading=\"lazy\" decoding=\"async\" border=\"0\" data-original-height=\"900\" data-original-width=\"1600\" height=\"360\" src=\"https:\/\/blogger.googleusercontent.com\/img\/b\/R29vZ2xl\/AVvXsEiSkEDjEtD0vOZy_rYard6lDeyviw1QpCrTi4ahAxE0AnxzgjZ1AfTh7O0uSA7hmnv8ygzNyezHXLMXWHt2p8AFfROI7F74pocGJhBKdIHv1eo_Z1i-Z1cZSRmGLVspl3-M3WFWrcwDx3CsT7hrBRrxSyZMMkKf11DaVzK-gYKym8ngbaHXu2OB3_HtMXs\/w640-h360\/PAULA%20AVILA%20PREMIADA.jpg\" width=\"640\" \/><\/a><\/td>\n<\/tr>\n<tr>\n<td class=\"tr-caption\" style=\"text-align: center\">Paula \u00c1vila, 3\u00aa clasificada del sub-12<\/td>\n<\/tr>\n<\/tbody>\n<\/table>\n<p><\/p>\n<table align=\"center\" cellpadding=\"0\" cellspacing=\"0\" class=\"tr-caption-container\" style=\"margin-left: auto;margin-right: auto\">\n<tbody>\n<tr>\n<td style=\"text-align: center\"><a href=\"https:\/\/www.bfv.cloud\/ajedrezeuropa\/wp-content\/uploads\/2025\/02\/MARIO20MORENO20PREMIADO.jpg\" style=\"margin-left: auto;margin-right: auto\"><img loading=\"lazy\" decoding=\"async\" border=\"0\" data-original-height=\"900\" data-original-width=\"1600\" height=\"360\" src=\"https:\/\/blogger.googleusercontent.com\/img\/b\/R29vZ2xl\/AVvXsEgpNF5ATfC2evlWXV9CaPzbR1LOO_EK8ef1c6Q_dGSIgBxKMxGgdxu4vwEV0ujJFJheBrX14jaYmsu0HnqGL7fIWguvKRrmjTLuuoleF-8hkK-2DjTdEL_T7KbVyXuTz6ju_4Jug7iCnS8KpezEsP9mHupc0zJbD6A1s4brOx4acBBc_5k21rO5MTKMuZs\/w640-h360\/MARIO%20MORENO%20PREMIADO.jpg\" width=\"640\" \/><\/a><\/td>\n<\/tr>\n<tr>\n<td class=\"tr-caption\" style=\"text-align: center\">Mario Moreno, subcampe\u00f3n del sub-8<\/td>\n<\/tr>\n<\/tbody>\n<\/table>\n<p><\/p>\n<table align=\"center\" cellpadding=\"0\" cellspacing=\"0\" class=\"tr-caption-container\" style=\"margin-left: auto;margin-right: auto\">\n<tbody>\n<tr>\n<td style=\"text-align: center\"><a href=\"https:\/\/www.bfv.cloud\/ajedrezeuropa\/wp-content\/uploads\/2025\/02\/JAIME20VILA20PREMIADO.jpg\" style=\"margin-left: auto;margin-right: auto\"><img loading=\"lazy\" decoding=\"async\" border=\"0\" data-original-height=\"900\" data-original-width=\"1600\" height=\"360\" src=\"https:\/\/blogger.googleusercontent.com\/img\/b\/R29vZ2xl\/AVvXsEh7BHbDeuLx95jNiAUz36bXMJo-yZ_EKkvo9E8LABhwaqc8g4uKQeCvaI0Z9i3L8FdAwnR6uE5Loif7cHChofu835GrMhUwwY8zoB6xLkmXeZP_VQ3Qc4pxrK6VYQJvsQ6Pbo8ngcVOaODPjblT0rHrAOkqRFJTNC-LiPeTmhdQVcD6V0eM31gEamr_Qr0\/w640-h360\/JAIME%20VILA%20PREMIADO.jpg\" width=\"640\" \/><\/a><\/td>\n<\/tr>\n<tr>\n<td class=\"tr-caption\" style=\"text-align: center\">Jaime Vila, subcampe\u00f3n en la categor\u00eda sub14<\/td>\n<\/tr>\n<\/tbody>\n<\/table>\n<p><span style=\"font-family: arial;font-size: large\"><br \/><\/span><\/p>\n<p><span style=\"font-family: arial;font-size: large\"><b><u>Otros resultados notables<\/u><\/b><\/span><\/p>\n<p><span style=\"font-size: large\"><span style=\"font-family: arial\">El resto de participantes agrupados por escuelas deportivas han obtenidos los resultados siguientes<\/span><span style=\"font-family: arial\">:<\/span><\/span><\/p>\n<p><span style=\"font-family: arial\"><i><u><span style=\"font-size: large\">Escuela de Illescas<\/span><\/u><\/i><\/span><\/p>\n<p><span style=\"font-family: arial\"><span style=\"font-size: large\">En categor\u00eda sub-8: 7\u00ba. <b><i>Vicente L\u00f3pez S\u00e1nchez.<\/i><\/b>&nbsp;<\/span><\/span><\/p>\n<p><span style=\"font-family: arial;font-size: large\">En categor\u00eda sub10: 4\u00ba.&nbsp;<i style=\"font-weight: bold\">Iker Lara Cuenca<\/i>; 6\u00ba. <i style=\"font-weight: bold\">Lucas Barrag\u00e1n Garc\u00eda; <\/i>18\u00ba. <i style=\"font-weight: bold\">Juan Pablo Rodr\u00edguez Vidal; <\/i>20\u00ba. <i style=\"font-weight: bold\">\u00c1lvaro Alejandro Rodr\u00edguez; <\/i>23\u00ba. <i style=\"font-weight: bold\">Iv\u00e1n Parada P\u00e9rez; <\/i>24\u00ba. <b><i>Joaqu\u00edn Ortiz G\u00f3mez.<\/i><\/b><\/span><\/p>\n<p><span style=\"font-family: arial;font-size: large\"><i><u>Escuela de Alc\u00e1zar de San Juan<\/u><\/i><\/span><\/p>\n<p><span style=\"font-family: arial;font-size: large\">En categor\u00eda sub10: 8\u00ba. <b><i>\u00c1ngel Puente Ram\u00edrez.<\/i><\/b><\/span><\/p>\n<p><span style=\"font-family: arial;font-size: large\">En categor\u00eda sub12: 11\u00ba. <b><i>Leo Diawara de Vicente.<\/i><\/b><\/span><\/p>\n<p><span style=\"font-size: large\"><span style=\"font-family: arial\">En categor\u00eda sub14: 7\u00ba. <b><i>Unai Ortega Hern\u00e1ndez<\/i><\/b><\/span><span style=\"font-family: arial\"><i style=\"font-weight: bold\">; <\/i>6\u00aa femenina. <b><i>Elvira Cicuendez Quino.<\/i><\/b><\/span><\/span><\/p>\n<p><i style=\"font-family: arial\"><u><span style=\"font-size: large\">Escuela de Consuegra<\/span><\/u><\/i><\/p>\n<p><span style=\"font-size: large\"><span style=\"font-family: arial\">En categor\u00eda sub10: 12\u00ba. <b><i>Gonzalo Moreno Rodr\u00edguez<\/i><\/b><\/span><b style=\"font-family: arial\"><i>.<\/i><\/b><\/span><\/p>\n<p><i style=\"font-family: arial\"><u><span style=\"font-size: large\">Escuela de Villafranca de los Caballeros<\/span><\/u><\/i><\/p>\n<p><span style=\"font-size: large\"><span style=\"font-family: arial\">En categor\u00eda sub12: 27\u00ba. <b><i>Marcos Argumanez Almendros<\/i><\/b><\/span><span style=\"font-family: arial\"><i style=\"font-weight: bold\">;&nbsp;<\/i>35\u00ba. <b><i>Mario Ortega Olivares.<\/i><\/b><\/span><\/span><\/p>\n<p><span style=\"font-size: large\"><span style=\"font-family: arial\">En categor\u00eda sub14: 23\u00ba.&nbsp;<b><i>Omar Benammou Yousri<\/i><\/b><\/span><span style=\"font-family: arial\"><i style=\"font-weight: bold\">;<\/i><\/span><\/span><\/p>\n","protected":false},"excerpt":{"rendered":"<p>Un oro, dos platas y tres bronces El fin de semana pasado finalizaba el Campeonato Provincial por Edades de Toledo en las categor\u00edas sub-8, sub-10, sub-12, sub14 y sub-16. Las escuelas de ajedrez de Illescas, Consuegra y Villafranca de los Caballeros han participado con 16 chicos y chicas, a\u00f1adi\u00e9ndose 5 jugadores m\u00e1s de la escuela [&hellip;]<\/p>\n","protected":false},"author":1,"featured_media":2979,"comment_status":"open","ping_status":"closed","sticky":false,"template":"","format":"standard","meta":{"footnotes":""},"categories":[1],"tags":[],"class_list":["post-2978","post","type-post","status-publish","format-standard","has-post-thumbnail","hentry","category-noticias"],"_links":{"self":[{"href":"https:\/\/www.bfv.cloud\/ajedrezeuropa\/wp-json\/wp\/v2\/posts\/2978","targetHints":{"allow":["GET"]}}],"collection":[{"href":"https:\/\/www.bfv.cloud\/ajedrezeuropa\/wp-json\/wp\/v2\/posts"}],"about":[{"href":"https:\/\/www.bfv.cloud\/ajedrezeuropa\/wp-json\/wp\/v2\/types\/post"}],"author":[{"embeddable":true,"href":"https:\/\/www.bfv.cloud\/ajedrezeuropa\/wp-json\/wp\/v2\/users\/1"}],"replies":[{"embeddable":true,"href":"https:\/\/www.bfv.cloud\/ajedrezeuropa\/wp-json\/wp\/v2\/comments?post=2978"}],"version-history":[{"count":1,"href":"https:\/\/www.bfv.cloud\/ajedrezeuropa\/wp-json\/wp\/v2\/posts\/2978\/revisions"}],"predecessor-version":[{"id":2986,"href":"https:\/\/www.bfv.cloud\/ajedrezeuropa\/wp-json\/wp\/v2\/posts\/2978\/revisions\/2986"}],"wp:featuredmedia":[{"embeddable":true,"href":"https:\/\/www.bfv.cloud\/ajedrezeuropa\/wp-json\/wp\/v2\/media\/2979"}],"wp:attachment":[{"href":"https:\/\/www.bfv.cloud\/ajedrezeuropa\/wp-json\/wp\/v2\/media?parent=2978"}],"wp:term":[{"taxonomy":"category","embeddable":true,"href":"https:\/\/www.bfv.cloud\/ajedrezeuropa\/wp-json\/wp\/v2\/categories?post=2978"},{"taxonomy":"post_tag","embeddable":true,"href":"https:\/\/www.bfv.cloud\/ajedrezeuropa\/wp-json\/wp\/v2\/tags?post=2978"}],"curies":[{"name":"wp","href":"https:\/\/api.w.org\/{rel}","templated":true}]}}