{"id":2987,"date":"2010-10-10T14:06:00","date_gmt":"2010-10-10T14:06:00","guid":{"rendered":"https:\/\/www.bfv.cloud\/ajedrezeuropa\/index.php\/2010\/10\/10\/comienza-la-temporada-en-las-escuelas-de-alcazar-y-villafranca\/"},"modified":"2025-11-20T10:54:50","modified_gmt":"2025-11-20T10:54:50","slug":"comienza-la-temporada-en-las-escuelas-de-alcazar-y-villafranca","status":"publish","type":"post","link":"https:\/\/www.bfv.cloud\/ajedrezeuropa\/comienza-la-temporada-en-las-escuelas-de-alcazar-y-villafranca\/","title":{"rendered":"COMIENZA LA TEMPORADA EN LAS ESCUELAS DE ALC\u00c1ZAR Y VILLAFRANCA"},"content":{"rendered":"<div class=\"separator\" style=\"clear: both;text-align: center\"><a href=\"https:\/\/www.bfv.cloud\/ajedrezeuropa\/wp-content\/uploads\/2010\/10\/VILLAFRANCAII.jpg\" style=\"clear: left;float: left;margin-bottom: 1em;margin-right: 1em\"><img fetchpriority=\"high\" decoding=\"async\" border=\"0\" height=\"240\" src=\"https:\/\/blogger.googleusercontent.com\/img\/b\/R29vZ2xl\/AVvXsEjKohcHrX02ep8rcmxUi3-jyP4mPb7R7XOLGRHjM4wiFIagcbwN97doAzN93F4OwYWWqw_hxFpN68kg7BYN3IGfaN_wP8Xy3Z2XCbwXWgpCy3vkJFNnVXPhFh_nqB1NQTvZl4q5FfVxSEA\/s320\/VILLAFRANCA+II.jpg\" width=\"320\" \/><\/a><\/div>\n<div style=\"text-align: left\">\n<div class=\"separator\" style=\"clear: both;text-align: center\"><a href=\"https:\/\/www.bfv.cloud\/ajedrezeuropa\/wp-content\/uploads\/2010\/10\/COMIENZODETEMPORADADELASESCUELAS.jpg\" style=\"clear: right;float: right;margin-bottom: 1em;margin-left: 1em\"><img decoding=\"async\" border=\"0\" height=\"240\" src=\"https:\/\/blogger.googleusercontent.com\/img\/b\/R29vZ2xl\/AVvXsEhmhhd7hGKrcNo-6ug8tOIY5tyv8GUEGvwpCi_W3IzssR6rc2q5w0lFnHFzFTbr4xpX_m1R3gc8urju3i-TAHVu0Ao1em3KQtmWNgtD-tHxQljwGM6ZDoyLbsySOUbCEeJ51T8EWXoqbtU\/s320\/COMIENZO+DE+TEMPORADA+DE+LAS+ESCUELAS.jpg\" width=\"320\" \/><\/a><\/div>\n<p>\n&nbsp;<strong><span style=\", sans-serif\">El 25 de septiembre comenzaba la temporada en las escuelas deportivas municipales de ajedrez de Alc\u00e1zar de San Juan y Villafranca de los Caballeros. La inscripci\u00f3n inicial de chicos y chicas supera ampliamente el medio centenar de alumnos entre ambas, 55 concretamente, con&nbsp;una notable incorporaci\u00f3n de ni\u00f1as de 5 a 6 a\u00f1os, 10 en total, que&nbsp;nos hace reafirmarnos en la buena marcha de los programas de integraci\u00f3n femenina realizados&nbsp;bajo el proyecto \u00abNuestro Ajedrez en Europa\u00bb&nbsp;. Es muy importante que nuestro deporte crezca en calidad, aportando posibilidades de mejora t\u00e9cnica y formativa a los j\u00f3venes aficionados, pero tambi\u00e9n lo es que ampl\u00ede sus horizontes con grandes y numerosas escuelas que demuestren que el ajedrez tambi\u00e9n puede y debe enriquecerse por ser practicado por un&nbsp;n\u00famero importante de nuestros escolares. <\/span><\/strong><\/div>\n<div style=\"text-align: left\"><strong><span style=\"font-family: Trebuchet MS\">A la hora de redactar esta noticia, nos llega la&nbsp;informaci\u00f3n de que nuestro joven jugador, Daniel P\u00edriz Fern\u00e1ndez, ha conseguido otro nuevo triunfo al lograr la 3\u00aa posici\u00f3n en la categor\u00eda cadete del V Torneo de la Vendimia celebrado en Valladolid, as\u00ed es que vaya desde esta p\u00e1gina nuestra felicitaci\u00f3n por su magn\u00edfico resultado.<\/span><\/strong><\/div>\n<p><\/p>\n<div class=\"separator\" style=\"clear: both;text-align: center\"><a href=\"https:\/\/www.bfv.cloud\/ajedrezeuropa\/wp-content\/uploads\/2010\/10\/COMIENZODETEMPORADAII.jpg\" style=\"margin-left: 1em;margin-right: 1em\"><img decoding=\"async\" border=\"0\" height=\"240\" src=\"https:\/\/blogger.googleusercontent.com\/img\/b\/R29vZ2xl\/AVvXsEiP1qpBQMYhEGbrCsH3riOBAC-dhBn12e0DC46fEwLYwCpqeJBr5d60PyUNvQB8e5lFvozWVcTsKKjjNS-uVJnTRPmWWcPKHDbhoYeGssBDIO2mZNMJUqEHTxUMO3e4bIp6KeYLg0_1U9E\/s320\/COMIENZO+DE+TEMPORADA+II.jpg\" width=\"320\" \/><\/a><\/div>\n","protected":false},"excerpt":{"rendered":"<p>&nbsp;El 25 de septiembre comenzaba la temporada en las escuelas deportivas municipales de ajedrez de Alc\u00e1zar de San Juan y Villafranca de los Caballeros. La inscripci\u00f3n inicial de chicos y chicas supera ampliamente el medio centenar de alumnos entre ambas, 55 concretamente, con&nbsp;una notable incorporaci\u00f3n de ni\u00f1as de 5 a 6 a\u00f1os, 10 en total, [&hellip;]<\/p>\n","protected":false},"author":1,"featured_media":2988,"comment_status":"open","ping_status":"closed","sticky":false,"template":"","format":"standard","meta":{"footnotes":""},"categories":[1],"tags":[],"class_list":["post-2987","post","type-post","status-publish","format-standard","has-post-thumbnail","hentry","category-noticias"],"_links":{"self":[{"href":"https:\/\/www.bfv.cloud\/ajedrezeuropa\/wp-json\/wp\/v2\/posts\/2987","targetHints":{"allow":["GET"]}}],"collection":[{"href":"https:\/\/www.bfv.cloud\/ajedrezeuropa\/wp-json\/wp\/v2\/posts"}],"about":[{"href":"https:\/\/www.bfv.cloud\/ajedrezeuropa\/wp-json\/wp\/v2\/types\/post"}],"author":[{"embeddable":true,"href":"https:\/\/www.bfv.cloud\/ajedrezeuropa\/wp-json\/wp\/v2\/users\/1"}],"replies":[{"embeddable":true,"href":"https:\/\/www.bfv.cloud\/ajedrezeuropa\/wp-json\/wp\/v2\/comments?post=2987"}],"version-history":[{"count":1,"href":"https:\/\/www.bfv.cloud\/ajedrezeuropa\/wp-json\/wp\/v2\/posts\/2987\/revisions"}],"predecessor-version":[{"id":2991,"href":"https:\/\/www.bfv.cloud\/ajedrezeuropa\/wp-json\/wp\/v2\/posts\/2987\/revisions\/2991"}],"wp:featuredmedia":[{"embeddable":true,"href":"https:\/\/www.bfv.cloud\/ajedrezeuropa\/wp-json\/wp\/v2\/media\/2988"}],"wp:attachment":[{"href":"https:\/\/www.bfv.cloud\/ajedrezeuropa\/wp-json\/wp\/v2\/media?parent=2987"}],"wp:term":[{"taxonomy":"category","embeddable":true,"href":"https:\/\/www.bfv.cloud\/ajedrezeuropa\/wp-json\/wp\/v2\/categories?post=2987"},{"taxonomy":"post_tag","embeddable":true,"href":"https:\/\/www.bfv.cloud\/ajedrezeuropa\/wp-json\/wp\/v2\/tags?post=2987"}],"curies":[{"name":"wp","href":"https:\/\/api.w.org\/{rel}","templated":true}]}}