{"id":2992,"date":"2011-03-20T19:01:00","date_gmt":"2011-03-20T19:01:00","guid":{"rendered":"https:\/\/www.bfv.cloud\/ajedrezeuropa\/index.php\/2011\/03\/20\/nuestro-ajedrez-en-europa-consigue-un-brillante-5o-puesto-en-el-regional-absoluto-por-equipos\/"},"modified":"2025-11-20T10:54:53","modified_gmt":"2025-11-20T10:54:53","slug":"nuestro-ajedrez-en-europa-consigue-un-brillante-5o-puesto-en-el-regional-absoluto-por-equipos","status":"publish","type":"post","link":"https:\/\/www.bfv.cloud\/ajedrezeuropa\/nuestro-ajedrez-en-europa-consigue-un-brillante-5o-puesto-en-el-regional-absoluto-por-equipos\/","title":{"rendered":"NUESTRO AJEDREZ EN EUROPA CONSIGUE UN BRILLANTE 5\u00ba PUESTO EN EL REGIONAL ABSOLUTO POR EQUIPOS"},"content":{"rendered":"<table align=\"center\" cellpadding=\"0\" cellspacing=\"0\" class=\"tr-caption-container\" style=\"margin-left: auto;margin-right: auto;text-align: center\">\n<tbody>\n<tr>\n<td style=\"text-align: center\"><a href=\"https:\/\/www.bfv.cloud\/ajedrezeuropa\/wp-content\/uploads\/2011\/03\/FOTOGRUPOCAMPREGIONALEQUIPOS2011.jpg\" style=\"margin-left: auto;margin-right: auto\"><img fetchpriority=\"high\" decoding=\"async\" border=\"0\" height=\"298\" src=\"https:\/\/blogger.googleusercontent.com\/img\/b\/R29vZ2xl\/AVvXsEjkqqp4fTmrmi0CeAOm84AeGliMmeU1lNuFoEohgjg2JCYFIztHVrDTytE0ciciP0gh5pwcMoyUxNXUTrofEPaZxRVtCoxtMl4nlvT7ZbcXWKUCDVs34cUcKrhoNnSuf1NXB-x-IRWpASE\/s400\/FOTO+GRUPO+CAMP+REGIONAL+EQUIPOS+2011.jpg\" width=\"400\" \/><\/a><\/td>\n<\/tr>\n<tr>\n<td class=\"tr-caption\" style=\"text-align: center\">Un equipo en alza. Los 6 chicos que nos han representado en el regional<br \/>\nabsoluto de clubes.<\/td>\n<\/tr>\n<\/tbody>\n<\/table>\n<p>\ufeff <\/p>\n<table cellpadding=\"0\" cellspacing=\"0\" class=\"tr-caption-container\" style=\"float: left;margin-right: 1em;text-align: left\">\n<tbody>\n<tr>\n<td style=\"text-align: center\"><a href=\"https:\/\/www.bfv.cloud\/ajedrezeuropa\/wp-content\/uploads\/2011\/03\/Regional_por_equipos_201103_016255B1255D.jpg\" style=\"clear: left;margin-bottom: 1em;margin-left: auto;margin-right: auto\"><img decoding=\"async\" border=\"0\" height=\"262\" src=\"https:\/\/blogger.googleusercontent.com\/img\/b\/R29vZ2xl\/AVvXsEikNjmkO125mTxHfpc3JOMOQmSFE8ia169bIdtX283Oteo61VhIWjXFoNCTQhn_aO3DPoX9pVwVtyemnfln-X7FnwiYOmTGU4qiqkJGQgcPXOkIuq2MtsBAg5e0I_UpoLtqVpRtQ5pWHvs\/s400\/Regional_por_equipos_201103_016%255B1%255D.JPG\" width=\"400\" \/><\/a><\/td>\n<\/tr>\n<tr>\n<td class=\"tr-caption\" style=\"text-align: center\">Santiago, Jorge, Jos\u00e9 Mar\u00eda y Sergio<\/td>\n<\/tr>\n<\/tbody>\n<\/table>\n<p>\ufeff <strong><span style=\", serif\">Ha finalizado en Almansa (Albacete) el&nbsp; Campeonato Regional por Equipos en la categor\u00eda absoluta, contando con la participaci\u00f3n de 12 clubes: 4 de Albacete, 2 de Toledo, 2 de Ciudad Real, 2 de Guadalajara y 2 de Cuenca. Al igual que en los \u00faltimos a\u00f1os, el equipo sub-16 de \u00abNuestro Ajedrez en Europa\u00bb ha servido como base para la formaci\u00f3n del absoluto con 4 de sus jugadores m\u00e1s la incorporaci\u00f3n acostumbrada de otros 2 jugadores sub-20, raz\u00f3n por la que seguimos manteniendo la formaci\u00f3n de mayor juventud y con un futuro m\u00e1s prometedor de cuantos participan en esta competici\u00f3n. En esta edici\u00f3n part\u00edamos en la 11\u00aa posici\u00f3n del ranking inicial, aunque con el firme prop\u00f3sito de mejorar la 9\u00aa plaza obtenida el pasado 2010. Bajo estas premisas, y con algunas&nbsp;dificultades a\u00f1adidas como la coincidencia del campeonato con importantes ex\u00e1menes de nuestros j\u00f3venes jugadores, se iniciaba el jueves d\u00eda 17 esta competici\u00f3n ajedrec\u00edsitica auton\u00f3mica que, a decir verdad, resulta de una enorme exigencia para todos sus participantes con jornadas como las del viernes 18 y ayer s\u00e1bado de m\u00e1s de 8 horas frente al tablero. Con las pertinentes rotaciones en el equipo, para permitir la preparaci\u00f3n de las pruebas escolares aplazadas, el paso de nuestros chicos por este regional cabe calificarlo como sobresaliente. La 5\u00aa posici\u00f3n lograda gracias a los 12,5 puntos, nos sit\u00faa entre los mejores equipos de Castilla-La Mancha y nos reafirma en la adecuada planificaci\u00f3n del proyecto que representamos, basado en el trabajo de promoci\u00f3n y tecnificaci\u00f3n de los alumnos y alumnas de nuestras escuelas de Alc\u00e1zar y Villafranca.<\/span><\/strong><br \/>\n<strong><span style=\"font-family: Georgia\">Antes de detallar los resultados ronda a ronda, queremos felicitar a los 6 jugadores que nos han representado, por lo tanto: <\/span><\/strong><\/p>\n<div style=\"text-align: center\"><strong><span style=\"color: lime;font-family: Georgia\"><em><u>\u00a1\u00a1ENHORABUENA A SANTIAGO TALAVERA, DANIEL P\u00cdRIZ, LUISMI MONREAL, JORGE SIM\u00d3N, JOSE MAR\u00cdA PASTRANA Y SERGIO VALENCIA!! \u00a1\u00a1BRAVO POR ELLOS!!<\/u><\/em><\/span><\/strong><\/div>\n<div style=\"text-align: center\">\n<\/div>\n<div style=\"border-bottom: medium none;border-left: medium none;border-right: medium none;border-top: medium none;text-align: left\">\ufeff <\/p>\n<table cellpadding=\"0\" cellspacing=\"0\" class=\"tr-caption-container\" style=\"float: right;text-align: right\">\n<tbody>\n<tr>\n<td style=\"text-align: center\"><a href=\"https:\/\/www.bfv.cloud\/ajedrezeuropa\/wp-content\/uploads\/2011\/03\/Regional_por_equipos_201103_002.jpg\" style=\"margin-left: auto;margin-right: auto\"><img decoding=\"async\" border=\"0\" height=\"203\" src=\"https:\/\/blogger.googleusercontent.com\/img\/b\/R29vZ2xl\/AVvXsEiBZ53xbWviPbw_vJBW_q2UbPAEfySOSzPz9WvFjM4FhENSt_3KelXVlNVepVWoBhWeTeF4HUbbZVDqY_Wo66YEdNwxM1917tJztq8LC8n4aW301ptb0EDyh1ZHsjiuVezLKa7L-W1Ti6A\/s320\/Regional_por_equipos_201103_002.JPG\" width=\"320\" \/><\/a><\/td>\n<\/tr>\n<tr>\n<td class=\"tr-caption\" style=\"text-align: center\">Almagro vs Talavera<\/td>\n<\/tr>\n<\/tbody>\n<\/table>\n<p>\ufeff <\/p>\n<div style=\"border-bottom: medium none;border-left: medium none;border-right: medium none;border-top: medium none\"><strong><span style=\"font-family: Georgia\">Tambi\u00e9n queremos felicitar al vencedor, el CLUB DE AJEDREZ ALMAGRO de Ciudad Real, y al otro club toledano presente en este campeonato, el CLUB DE AJEDREZ TALAVERA, que ha obtenido meritoriamente el t\u00edtulo de subcampe\u00f3n regional. \u00a1\u00a1ENHORABUENA A AMBOS MAGN\u00cdFICOS EQUIPOS!!<\/span><\/strong><\/div>\n<p>\ufeff\ufeff <\/p><\/div>\n<div style=\"text-align: left\">\n<\/div>\n<div style=\"text-align: left\"><strong><span style=\"font-family: Georgia\">Estos han sido los resultados obtenidos por nuestro equipo:<\/span><\/strong><\/div>\n<div style=\"text-align: left\">\n<\/div>\n<div style=\"text-align: center\"><strong><span style=\"font-family: Georgia\">Ronda 1.- <span style=\"background-color: white;color: lime\">NUESTRO AJEDREZ EN EUROPA<\/span>&nbsp; <u><span style=\"background-color: white;color: red\">2 &#8211; 2<\/span><\/u>&nbsp; ALMANSA<\/span><\/strong><\/div>\n<div style=\"text-align: center\"><strong><span style=\"font-family: Georgia\">Ronda 2.- UNED&nbsp; <span style=\"color: red\"><u>1,5 &#8211; 2,5<\/u><\/span>&nbsp; <span style=\"color: lime\">NUESTRO AJEDREZ EN EUROPA<\/span><\/span><\/strong><\/div>\n<div style=\"text-align: center\"><strong><span style=\"font-family: Georgia\">Ronda 3.- <span style=\"color: lime\">NUESTRO AJEDREZ EN EUROPA<\/span>&nbsp;<span style=\"color: red\"><u> 3 &#8211; 1<\/u><\/span>&nbsp; CARO KANN<\/span><\/strong><\/div>\n<div style=\"text-align: center\"><strong><span style=\"font-family: Georgia\">Ronda 4.- <span style=\"color: lime\">NUESTRO AJEDREZ EN EUROPA<\/span>&nbsp; <span style=\"color: red\"><u>2 &#8211; 2<\/u><\/span>&nbsp; TARAZONA<\/span><\/strong><\/div>\n<div style=\"text-align: center\"><strong><span style=\"font-family: Georgia\">Ronda 5.- ESCAQUES&nbsp; <u><span style=\"color: red\">2,5 &#8211;&nbsp; 1,5<\/span><\/u>&nbsp;&nbsp;<span style=\"color: lime\">NUESTRO AJEDREZ EN EUROPA<\/span><\/span><\/strong><\/div>\n<div style=\"text-align: center\"><strong><span style=\"font-family: Georgia\">Ronda 6.- PE\u00d1A CONQUENSE&nbsp;<span style=\"color: red\"><u> 2,5 &#8211; 1,5<\/u><\/span>&nbsp; <span style=\"color: lime\">NUESTRO AJEDREZ EN EUROPA<\/span><\/span><\/strong><\/p>\n<p>\ufeff\ufeff\ufeff\ufeff <\/p>\n<table align=\"center\" cellpadding=\"0\" cellspacing=\"0\" class=\"tr-caption-container\" style=\"margin-left: auto;margin-right: auto;text-align: center\">\n<tbody>\n<tr>\n<td style=\"text-align: center\"><a href=\"https:\/\/www.bfv.cloud\/ajedrezeuropa\/wp-content\/uploads\/2011\/03\/Regional_por_equipos_201103_009.jpg\" style=\"margin-left: auto;margin-right: auto\"><img loading=\"lazy\" decoding=\"async\" border=\"0\" height=\"306\" src=\"https:\/\/blogger.googleusercontent.com\/img\/b\/R29vZ2xl\/AVvXsEiYlUqY5qYKkFOtdbVMHVQRdrwpooVdxQTcMhncKM0TIIpeNrmHICcoDZRAWz3PM3aHWT2JzMqZu2rQVT7KEwm0opuAJexyTRjxCqjdCdXmPOKVZzBl0_3-pIZZuM_RCh8jhCWcsuJWzQU\/s400\/Regional_por_equipos_201103_009.JPG\" width=\"400\" \/><\/a><\/td>\n<\/tr>\n<tr>\n<td class=\"tr-caption\" style=\"text-align: center\">En la 4\u00aa ronda nos enfrentamos con el equipo de Tarazona, uno de los<br \/>\nfavoritos al t\u00edtulo, obteniendo un impresionante resultado:<br \/>\nNuestro Ajedrez en Europa 2-2 Tarazona<\/td>\n<\/tr>\n<\/tbody>\n<\/table>\n<p><strong><span style=\", Arial, Helvetica, sans-serif\">Por \u00faltimo, queremos compartir estos buenos momentos deportivos con todos aquellos que creen y colaboran con nuestro proyecto, desde los ayuntamientos de Alc\u00e1zar y Villafranca hasta la Consejer\u00eda de Educaci\u00f3n, pasando por las diputaciones provinciales de Toledo y Ciudad Real,&nbsp;y el Instituto de la Mujer, as\u00ed como con los entrenadores y monitores de las escuelas deportivas municipales, del campus de verano y de la concentraci\u00f3n de Navidad.<\/span><\/strong><\/div>\n<div style=\"text-align: center\">\n<\/div>\n<div style=\"text-align: left\">\ufeff<\/div>\n","protected":false},"excerpt":{"rendered":"<p>Un equipo en alza. Los 6 chicos que nos han representado en el regional absoluto de clubes. \ufeff Santiago, Jorge, Jos\u00e9 Mar\u00eda y Sergio \ufeff Ha finalizado en Almansa (Albacete) el&nbsp; Campeonato Regional por Equipos en la categor\u00eda absoluta, contando con la participaci\u00f3n de 12 clubes: 4 de Albacete, 2 de Toledo, 2 de Ciudad [&hellip;]<\/p>\n","protected":false},"author":1,"featured_media":2993,"comment_status":"open","ping_status":"closed","sticky":false,"template":"","format":"standard","meta":{"footnotes":""},"categories":[1],"tags":[],"class_list":["post-2992","post","type-post","status-publish","format-standard","has-post-thumbnail","hentry","category-noticias"],"_links":{"self":[{"href":"https:\/\/www.bfv.cloud\/ajedrezeuropa\/wp-json\/wp\/v2\/posts\/2992","targetHints":{"allow":["GET"]}}],"collection":[{"href":"https:\/\/www.bfv.cloud\/ajedrezeuropa\/wp-json\/wp\/v2\/posts"}],"about":[{"href":"https:\/\/www.bfv.cloud\/ajedrezeuropa\/wp-json\/wp\/v2\/types\/post"}],"author":[{"embeddable":true,"href":"https:\/\/www.bfv.cloud\/ajedrezeuropa\/wp-json\/wp\/v2\/users\/1"}],"replies":[{"embeddable":true,"href":"https:\/\/www.bfv.cloud\/ajedrezeuropa\/wp-json\/wp\/v2\/comments?post=2992"}],"version-history":[{"count":1,"href":"https:\/\/www.bfv.cloud\/ajedrezeuropa\/wp-json\/wp\/v2\/posts\/2992\/revisions"}],"predecessor-version":[{"id":2997,"href":"https:\/\/www.bfv.cloud\/ajedrezeuropa\/wp-json\/wp\/v2\/posts\/2992\/revisions\/2997"}],"wp:featuredmedia":[{"embeddable":true,"href":"https:\/\/www.bfv.cloud\/ajedrezeuropa\/wp-json\/wp\/v2\/media\/2993"}],"wp:attachment":[{"href":"https:\/\/www.bfv.cloud\/ajedrezeuropa\/wp-json\/wp\/v2\/media?parent=2992"}],"wp:term":[{"taxonomy":"category","embeddable":true,"href":"https:\/\/www.bfv.cloud\/ajedrezeuropa\/wp-json\/wp\/v2\/categories?post=2992"},{"taxonomy":"post_tag","embeddable":true,"href":"https:\/\/www.bfv.cloud\/ajedrezeuropa\/wp-json\/wp\/v2\/tags?post=2992"}],"curies":[{"name":"wp","href":"https:\/\/api.w.org\/{rel}","templated":true}]}}