{"id":2998,"date":"2017-04-27T12:46:00","date_gmt":"2017-04-27T12:46:00","guid":{"rendered":"https:\/\/www.bfv.cloud\/ajedrezeuropa\/index.php\/2017\/04\/27\/finaliza-el-curso-basico-de-ajedrez-para-adultos-en-villafranca\/"},"modified":"2025-11-20T10:54:55","modified_gmt":"2025-11-20T10:54:55","slug":"finaliza-el-curso-basico-de-ajedrez-para-adultos-en-villafranca","status":"publish","type":"post","link":"https:\/\/www.bfv.cloud\/ajedrezeuropa\/finaliza-el-curso-basico-de-ajedrez-para-adultos-en-villafranca\/","title":{"rendered":"FINALIZA EL CURSO B\u00c1SICO DE AJEDREZ PARA ADULTOS EN VILLAFRANCA"},"content":{"rendered":"<table cellpadding=\"0\" cellspacing=\"0\" class=\"tr-caption-container\" style=\"float: left;margin-right: 1em;text-align: left\">\n<tbody>\n<tr>\n<td style=\"text-align: center\"><a href=\"https:\/\/www.bfv.cloud\/ajedrezeuropa\/wp-content\/uploads\/2017\/04\/IMG-20170422-WA005.jpg\" style=\"clear: left;margin-bottom: 1em;margin-left: auto;margin-right: auto\"><img fetchpriority=\"high\" decoding=\"async\" border=\"0\" height=\"300\" src=\"https:\/\/blogger.googleusercontent.com\/img\/b\/R29vZ2xl\/AVvXsEgyiXE8a8gAvaN0UIxlebcu3Ykxwr6bwjabO5eLtDOth7Njk95IvquJ7OA7nI-JUvT9gN_9F5Na12fFHhapkxXrHQ144Z2fhQIIT7AZ0JYANcPAy75xzCuxgzb2GRBg9WUNweBG2o4v1Qo\/s400\/IMG-20170422-WA005.jpg\" width=\"400\" \/><\/a><\/td>\n<\/tr>\n<tr>\n<td class=\"tr-caption\" style=\"text-align: center\">Los participantes en el curso recogieron sus diplomas de la mano<br \/>del alcalde de Villafranca, Juli\u00e1n Bola\u00f1os<\/td>\n<\/tr>\n<\/tbody>\n<\/table>\n<p><span style=\"font-family: Arial, Helvetica, sans-serif;font-size: large\">El curso b\u00e1sico de ajedrez para adultos se clausuraba el fin de semana pasado en el aula de ajedrez de la casa de la cultura de Villafranca de los Caballeros, despu\u00e9s de ocho s\u00e1bados de clases. Esperamos que la formaci\u00f3n recibida durante este curso por los 11 participantes, 7 mujeres y 4 hombres, les sirva para practicar ajedrez en cualquiera de sus facetas, desde jugar torneos a entrenar posiciones, sin el temor que puede provocar adentrarse en este deporte-ciencia sin ayuda y sin los precisos conocimientos b\u00e1sicos.<\/span><\/p>\n","protected":false},"excerpt":{"rendered":"<p>Los participantes en el curso recogieron sus diplomas de la manodel alcalde de Villafranca, Juli\u00e1n Bola\u00f1os El curso b\u00e1sico de ajedrez para adultos se clausuraba el fin de semana pasado en el aula de ajedrez de la casa de la cultura de Villafranca de los Caballeros, despu\u00e9s de ocho s\u00e1bados de clases. Esperamos que la [&hellip;]<\/p>\n","protected":false},"author":1,"featured_media":2999,"comment_status":"open","ping_status":"closed","sticky":false,"template":"","format":"standard","meta":{"footnotes":""},"categories":[1],"tags":[],"class_list":["post-2998","post","type-post","status-publish","format-standard","has-post-thumbnail","hentry","category-noticias"],"_links":{"self":[{"href":"https:\/\/www.bfv.cloud\/ajedrezeuropa\/wp-json\/wp\/v2\/posts\/2998","targetHints":{"allow":["GET"]}}],"collection":[{"href":"https:\/\/www.bfv.cloud\/ajedrezeuropa\/wp-json\/wp\/v2\/posts"}],"about":[{"href":"https:\/\/www.bfv.cloud\/ajedrezeuropa\/wp-json\/wp\/v2\/types\/post"}],"author":[{"embeddable":true,"href":"https:\/\/www.bfv.cloud\/ajedrezeuropa\/wp-json\/wp\/v2\/users\/1"}],"replies":[{"embeddable":true,"href":"https:\/\/www.bfv.cloud\/ajedrezeuropa\/wp-json\/wp\/v2\/comments?post=2998"}],"version-history":[{"count":1,"href":"https:\/\/www.bfv.cloud\/ajedrezeuropa\/wp-json\/wp\/v2\/posts\/2998\/revisions"}],"predecessor-version":[{"id":3000,"href":"https:\/\/www.bfv.cloud\/ajedrezeuropa\/wp-json\/wp\/v2\/posts\/2998\/revisions\/3000"}],"wp:featuredmedia":[{"embeddable":true,"href":"https:\/\/www.bfv.cloud\/ajedrezeuropa\/wp-json\/wp\/v2\/media\/2999"}],"wp:attachment":[{"href":"https:\/\/www.bfv.cloud\/ajedrezeuropa\/wp-json\/wp\/v2\/media?parent=2998"}],"wp:term":[{"taxonomy":"category","embeddable":true,"href":"https:\/\/www.bfv.cloud\/ajedrezeuropa\/wp-json\/wp\/v2\/categories?post=2998"},{"taxonomy":"post_tag","embeddable":true,"href":"https:\/\/www.bfv.cloud\/ajedrezeuropa\/wp-json\/wp\/v2\/tags?post=2998"}],"curies":[{"name":"wp","href":"https:\/\/api.w.org\/{rel}","templated":true}]}}