{"id":3001,"date":"2013-06-23T11:00:00","date_gmt":"2013-06-23T11:00:00","guid":{"rendered":"https:\/\/www.bfv.cloud\/ajedrezeuropa\/index.php\/2013\/06\/23\/campeonato-de-espana-sub-8\/"},"modified":"2025-11-20T10:54:57","modified_gmt":"2025-11-20T10:54:57","slug":"campeonato-de-espana-sub-8","status":"publish","type":"post","link":"https:\/\/www.bfv.cloud\/ajedrezeuropa\/campeonato-de-espana-sub-8\/","title":{"rendered":"CAMPEONATO DE ESPA\u00d1A SUB-8"},"content":{"rendered":"<table cellpadding=\"0\" cellspacing=\"0\" class=\"tr-caption-container\" style=\"float: left;margin-right: 1em;text-align: left\">\n<tbody>\n<tr>\n<td style=\"text-align: center\"><a href=\"https:\/\/www.bfv.cloud\/ajedrezeuropa\/wp-content\/uploads\/2013\/06\/CAMPEONATOREGIONALEDADES2013012.jpg\" style=\"clear: left;margin-bottom: 1em;margin-left: auto;margin-right: auto\"><img fetchpriority=\"high\" decoding=\"async\" border=\"0\" height=\"380\" src=\"https:\/\/blogger.googleusercontent.com\/img\/b\/R29vZ2xl\/AVvXsEi0LVYCBA5UTiFlLZuZ7nOWlA9373U5YAQ9PyTbR26FeIpIUV88nz26K1_X8mQscz4yeJFPVwUxiELSSxd7pFzs9seBomNxZjpPpzSndc-wyZc8fCJ3OUmKZtpaVzGYA24oo6pQmCOdAAY\/s400\/CAMPEONATO+REGIONAL+EDADES+2013+012.jpg\" width=\"400\" \/><\/a><\/td>\n<\/tr>\n<tr>\n<td class=\"tr-caption\" style=\"text-align: center\">Nuria Lozano Serrano<\/td>\n<\/tr>\n<\/tbody>\n<\/table>\n<p><span style=\"font-family: Trebuchet MS, sans-serif\">A partir del viernes 28 de junio, la localidad granadina de Salobre\u00f1a acoger\u00e1 los campeonatos de Espa\u00f1a por edades de esta temporada desde la categor\u00eda sub-8 a la sub-18. El primero en comenzar ser\u00e1 precisamente el sub-8, &nbsp;los m\u00e1s peque\u00f1os, que disputar\u00e1n 8 rondas a un ritmo de 65 minutos por jugador a ca\u00edda de bandera, comenzando este pr\u00f3ximo viernes y finalizando el domingo 30 de junio. Hasta hoy, son 110 los inscritos totales, con 30 chicas entre ellos. En esta competici\u00f3n nacional participar\u00e1 nuestra prometedora alumna alcazare\u00f1a: Nuria Lozano Serrano, actual campeona provincial de Ciudad Real y subcampeona regional de esta categor\u00eda. Esta ser\u00e1 su primera participaci\u00f3n en los campeonatos de Espa\u00f1a y, desde aqu\u00ed, todos queremos desearle la mejor de las experiencias.&nbsp;<\/span><br \/>\n<span style=\"font-family: Trebuchet MS, sans-serif\">Dejamos el siguiente enlace para poder seguir sus resultados y clasificaci\u00f3n:<\/span><\/p>\n<div style=\"text-align: center\">\n<span style=\"font-family: Trebuchet MS, sans-serif\"><a href=\"http:\/\/chess-results.com\/tnr103789.aspx?art=14&amp;lan=2&amp;turdet=YES&amp;flag=30&amp;wi=984\"><b>Campeonato de Espa\u00f1a sub-8<\/b><\/a><\/span><\/div>\n","protected":false},"excerpt":{"rendered":"<p>Nuria Lozano Serrano A partir del viernes 28 de junio, la localidad granadina de Salobre\u00f1a acoger\u00e1 los campeonatos de Espa\u00f1a por edades de esta temporada desde la categor\u00eda sub-8 a la sub-18. El primero en comenzar ser\u00e1 precisamente el sub-8, &nbsp;los m\u00e1s peque\u00f1os, que disputar\u00e1n 8 rondas a un ritmo de 65 minutos por jugador [&hellip;]<\/p>\n","protected":false},"author":1,"featured_media":3002,"comment_status":"open","ping_status":"closed","sticky":false,"template":"","format":"standard","meta":{"footnotes":""},"categories":[1],"tags":[],"class_list":["post-3001","post","type-post","status-publish","format-standard","has-post-thumbnail","hentry","category-noticias"],"_links":{"self":[{"href":"https:\/\/www.bfv.cloud\/ajedrezeuropa\/wp-json\/wp\/v2\/posts\/3001","targetHints":{"allow":["GET"]}}],"collection":[{"href":"https:\/\/www.bfv.cloud\/ajedrezeuropa\/wp-json\/wp\/v2\/posts"}],"about":[{"href":"https:\/\/www.bfv.cloud\/ajedrezeuropa\/wp-json\/wp\/v2\/types\/post"}],"author":[{"embeddable":true,"href":"https:\/\/www.bfv.cloud\/ajedrezeuropa\/wp-json\/wp\/v2\/users\/1"}],"replies":[{"embeddable":true,"href":"https:\/\/www.bfv.cloud\/ajedrezeuropa\/wp-json\/wp\/v2\/comments?post=3001"}],"version-history":[{"count":1,"href":"https:\/\/www.bfv.cloud\/ajedrezeuropa\/wp-json\/wp\/v2\/posts\/3001\/revisions"}],"predecessor-version":[{"id":3003,"href":"https:\/\/www.bfv.cloud\/ajedrezeuropa\/wp-json\/wp\/v2\/posts\/3001\/revisions\/3003"}],"wp:featuredmedia":[{"embeddable":true,"href":"https:\/\/www.bfv.cloud\/ajedrezeuropa\/wp-json\/wp\/v2\/media\/3002"}],"wp:attachment":[{"href":"https:\/\/www.bfv.cloud\/ajedrezeuropa\/wp-json\/wp\/v2\/media?parent=3001"}],"wp:term":[{"taxonomy":"category","embeddable":true,"href":"https:\/\/www.bfv.cloud\/ajedrezeuropa\/wp-json\/wp\/v2\/categories?post=3001"},{"taxonomy":"post_tag","embeddable":true,"href":"https:\/\/www.bfv.cloud\/ajedrezeuropa\/wp-json\/wp\/v2\/tags?post=3001"}],"curies":[{"name":"wp","href":"https:\/\/api.w.org\/{rel}","templated":true}]}}