{"id":3004,"date":"2014-10-02T20:03:00","date_gmt":"2014-10-02T20:03:00","guid":{"rendered":"https:\/\/www.bfv.cloud\/ajedrezeuropa\/index.php\/2014\/10\/02\/radio-villacanas-con-nuestro-ajedrez\/"},"modified":"2025-11-20T10:54:59","modified_gmt":"2025-11-20T10:54:59","slug":"radio-villacanas-con-nuestro-ajedrez","status":"publish","type":"post","link":"https:\/\/www.bfv.cloud\/ajedrezeuropa\/radio-villacanas-con-nuestro-ajedrez\/","title":{"rendered":"RADIO VILLACA\u00d1AS CON NUESTRO AJEDREZ"},"content":{"rendered":"<div class=\"separator\" style=\"clear: both;text-align: center\">\n<a href=\"https:\/\/www.bfv.cloud\/ajedrezeuropa\/wp-content\/uploads\/2014\/10\/logo_radiovillacaC3B1as.jpg\" style=\"clear: left;float: left;margin-bottom: 1em;margin-right: 1em\"><img fetchpriority=\"high\" decoding=\"async\" border=\"0\" src=\"https:\/\/www.bfv.cloud\/ajedrezeuropa\/wp-content\/uploads\/2014\/10\/logo_radiovillacaC3B1as.jpg\" height=\"240\" width=\"320\" \/><\/a><\/div>\n<div class=\"MsoBodyText\">\n<span><b>El programa<br \/>\n\u201cDe Buena Ma\u00f1ana\u201d, presentado y dirigido por Rosa Aranda en Radio Villaca\u00f1as,<br \/>\nha creado una nueva secci\u00f3n semanal dedicada al ajedrez. \u201cDe Buena Ma\u00f1ana\u201d se<br \/>\nemite de lunes a viernes, en horario de 8 a 10 de la ma\u00f1ana, situ\u00e1ndose en la<br \/>\nfranja de 8,40 a 9 de cada jueves el tiempo para hablar sobre ajedrez. \u201cEn<br \/>\nJaque\u201d, que es el t\u00edtulo que recibe esta secci\u00f3n, va a servir para acercar a<br \/>\nlos seguidores y oyentes del programa todo lo relacionado con el apasionante<br \/>\nmundo del deporte de la mente. Desde los principios generales del juego, como<br \/>\nel conocimiento del tablero y el movimiento de las piezas, hasta otros m\u00e1s<br \/>\nespec\u00edficos, como las leyes del ajedrez o su evoluci\u00f3n en la historia, con<br \/>\nan\u00e9cdotas incluidas, tendr\u00e1n cabida en este tiempo de radio. Los hermanos Irene<br \/>\ny Jorge Sim\u00f3n Escalona son los encargados de dar forma a esta interesante parte<br \/>\ndivulgativa y formativa. Para nosotros es un orgullo que dos ajedrecistas<br \/>\nformados en nuestras escuelas desde ni\u00f1os se conviertan en las voces que<br \/>\ndifundan sus conocimientos y experiencias, en primera persona y desde su propio<br \/>\npueblo. <\/b><\/span><\/div>\n<div class=\"MsoNormal\" style=\"text-align: justify\">\n<span><b>Para<br \/>\nofrecer una visi\u00f3n global y actual de las posibilidades del ajedrez, Rosa,<br \/>\ntambi\u00e9n ha incorporado otras colaboraciones con el fin de presentar sus<br \/>\nm\u00faltiples aplicaciones en el campo de la educaci\u00f3n reglada, como herramienta<br \/>\nterap\u00e9utica o&nbsp; como veh\u00edculo de<br \/>\nintegraci\u00f3n y socializaci\u00f3n. Estos temas y muchos m\u00e1s forman parte de las<br \/>\nintervenciones que F\u00e9lix Toribio G\u00f3mez, como director del proyecto \u201cNuestro<br \/>\nAjedrez en Europa\u201d y de las escuelas de ajedrez de Alc\u00e1zar y Villafranca,<br \/>\ntratar\u00e1 dentro de la secci\u00f3n \u201cEn Jaque\u201d.<\/b><\/span><\/div>\n<p><\/p>\n<div class=\"MsoNormal\" style=\"text-align: justify\">\n<span><b>Radio<br \/>\nVillaca\u00f1as puede sintonizarse en el 107.4 de la FM o a trav\u00e9s de internet en su<br \/>\nemisi\u00f3n online a trav\u00e9s de la web www.radiovillaca\u00f1as.es<\/b><\/span><\/div>\n<div class=\"MsoNormal\" style=\"text-align: justify\">\n<span><br \/><\/span><\/div>\n<div class=\"separator\" style=\"clear: both;text-align: center\">\n<a href=\"https:\/\/www.bfv.cloud\/ajedrezeuropa\/wp-content\/uploads\/2014\/10\/BANNER-ROSA.png\" style=\"margin-left: 1em;margin-right: 1em\"><img decoding=\"async\" border=\"0\" src=\"https:\/\/www.bfv.cloud\/ajedrezeuropa\/wp-content\/uploads\/2014\/10\/BANNER-ROSA.png\" height=\"112\" width=\"400\" \/><\/a><\/div>\n<div class=\"MsoNormal\" style=\"text-align: center\">\n<span><br \/><\/span><\/div>\n","protected":false},"excerpt":{"rendered":"<p>El programa \u201cDe Buena Ma\u00f1ana\u201d, presentado y dirigido por Rosa Aranda en Radio Villaca\u00f1as, ha creado una nueva secci\u00f3n semanal dedicada al ajedrez. \u201cDe Buena Ma\u00f1ana\u201d se emite de lunes a viernes, en horario de 8 a 10 de la ma\u00f1ana, situ\u00e1ndose en la franja de 8,40 a 9 de cada jueves el tiempo para [&hellip;]<\/p>\n","protected":false},"author":1,"featured_media":3005,"comment_status":"open","ping_status":"closed","sticky":false,"template":"","format":"standard","meta":{"footnotes":""},"categories":[1],"tags":[],"class_list":["post-3004","post","type-post","status-publish","format-standard","has-post-thumbnail","hentry","category-noticias"],"_links":{"self":[{"href":"https:\/\/www.bfv.cloud\/ajedrezeuropa\/wp-json\/wp\/v2\/posts\/3004","targetHints":{"allow":["GET"]}}],"collection":[{"href":"https:\/\/www.bfv.cloud\/ajedrezeuropa\/wp-json\/wp\/v2\/posts"}],"about":[{"href":"https:\/\/www.bfv.cloud\/ajedrezeuropa\/wp-json\/wp\/v2\/types\/post"}],"author":[{"embeddable":true,"href":"https:\/\/www.bfv.cloud\/ajedrezeuropa\/wp-json\/wp\/v2\/users\/1"}],"replies":[{"embeddable":true,"href":"https:\/\/www.bfv.cloud\/ajedrezeuropa\/wp-json\/wp\/v2\/comments?post=3004"}],"version-history":[{"count":1,"href":"https:\/\/www.bfv.cloud\/ajedrezeuropa\/wp-json\/wp\/v2\/posts\/3004\/revisions"}],"predecessor-version":[{"id":3007,"href":"https:\/\/www.bfv.cloud\/ajedrezeuropa\/wp-json\/wp\/v2\/posts\/3004\/revisions\/3007"}],"wp:featuredmedia":[{"embeddable":true,"href":"https:\/\/www.bfv.cloud\/ajedrezeuropa\/wp-json\/wp\/v2\/media\/3005"}],"wp:attachment":[{"href":"https:\/\/www.bfv.cloud\/ajedrezeuropa\/wp-json\/wp\/v2\/media?parent=3004"}],"wp:term":[{"taxonomy":"category","embeddable":true,"href":"https:\/\/www.bfv.cloud\/ajedrezeuropa\/wp-json\/wp\/v2\/categories?post=3004"},{"taxonomy":"post_tag","embeddable":true,"href":"https:\/\/www.bfv.cloud\/ajedrezeuropa\/wp-json\/wp\/v2\/tags?post=3004"}],"curies":[{"name":"wp","href":"https:\/\/api.w.org\/{rel}","templated":true}]}}