{"id":3008,"date":"2018-11-15T20:12:00","date_gmt":"2018-11-15T20:12:00","guid":{"rendered":"https:\/\/www.bfv.cloud\/ajedrezeuropa\/index.php\/2018\/11\/15\/alonso-finaliza-el-campeonato-del-mundo-en-la-plaza-108-con-55-puntos\/"},"modified":"2025-11-20T10:55:03","modified_gmt":"2025-11-20T10:55:03","slug":"alonso-finaliza-el-campeonato-del-mundo-en-la-plaza-108-con-55-puntos","status":"publish","type":"post","link":"https:\/\/www.bfv.cloud\/ajedrezeuropa\/alonso-finaliza-el-campeonato-del-mundo-en-la-plaza-108-con-55-puntos\/","title":{"rendered":"\u00a1\u00a1ALONSO FINALIZA EL CAMPEONATO DEL MUNDO EN LA PLAZA 108 CON 5,5 PUNTOS!!"},"content":{"rendered":"<table cellpadding=\"0\" cellspacing=\"0\" class=\"tr-caption-container\" style=\"float: right;margin-left: 1em;text-align: right\">\n<tbody>\n<tr>\n<td style=\"text-align: center\"><a href=\"https:\/\/www.bfv.cloud\/ajedrezeuropa\/wp-content\/uploads\/2018\/11\/FOTOALONSODEPATRICIACLAROS.jpg\" style=\"clear: right;margin-bottom: 1em;margin-left: auto;margin-right: auto\"><img fetchpriority=\"high\" decoding=\"async\" border=\"0\" data-original-height=\"720\" data-original-width=\"1080\" height=\"265\" src=\"https:\/\/blogger.googleusercontent.com\/img\/b\/R29vZ2xl\/AVvXsEgNNNwp8go1ZnWuYqrag1JlHhGvUKciOfm1hqaVC-mN0s2qyswJJdtS7vbuTH36uTUnbkcLsLVVfeUvm3JG0jEKMP5cjZ1-mOB-yfSKqj_z-9_y6f-Ibf_xfpWSDUlIMpkQcJy2MNXTp1M\/s400\/FOTO+ALONSO+DE+PATRICIA+CLAROS.jpg\" width=\"400\" \/><\/a><\/td>\n<\/tr>\n<tr>\n<td class=\"tr-caption\" style=\"text-align: center\">Alonso en el Campeonato del Mundo sub-12 de Santiago de Compostela<br \/>Foto cedida por: Patricia Claros<\/td>\n<\/tr>\n<\/tbody>\n<\/table>\n<p><span style=\"font-family: Verdana, sans-serif;font-size: large\"><b>Despu\u00e9s de 11 d\u00edas de competici\u00f3n en las que han medido sus fuerzas ante el tablero m\u00e1s de&nbsp; 800 j\u00f3venes ajedrecistas de todos los continentes, han finalizado en Santiago de Compostela los campeonatos del mundo sub-8, sub-10 y sub-12 de chicas y chicos.&nbsp;<\/p>\n<table align=\"center\" cellpadding=\"0\" cellspacing=\"0\" class=\"tr-caption-container\" style=\"margin-left: auto;margin-right: auto;text-align: center\">\n<tbody>\n<tr>\n<td style=\"text-align: center\"><a href=\"https:\/\/www.bfv.cloud\/ajedrezeuropa\/wp-content\/uploads\/2018\/11\/GRUPODEJUGADORESDELHOTEL.jpg\" style=\"margin-left: auto;margin-right: auto\"><img decoding=\"async\" border=\"0\" data-original-height=\"464\" data-original-width=\"754\" height=\"390\" src=\"https:\/\/blogger.googleusercontent.com\/img\/b\/R29vZ2xl\/AVvXsEjdZdc2IZEeK6y1iSFKMCfWbbfBVUiyrG2qsdbElUWhFKtnm4r7_ijALHUl0BaUd-vqx-8GZCoeAFVkghonldhX5h9jhW0IG0KwJHKTVx6O713q4dnA1jbSQ4kehd7hJRvw2cygwTYY9iI\/s640\/GRUPO+DE+JUGADORES+DEL+HOTEL.jpg\" width=\"640\" \/><\/a><\/td>\n<\/tr>\n<tr>\n<td class=\"tr-caption\" style=\"text-align: center\">Algunos de los chicos con los que ha compartido torneo junto a sus madres y padres<\/td>\n<\/tr>\n<\/tbody>\n<\/table>\n<p><\/b><\/span><br \/>\n<span style=\"font-family: Verdana, sans-serif;font-size: large\"><b>La cantera de Nuestro Ajedrez en Europa ha estado representada por Alonso L\u00f3pez N\u00fa\u00f1ez, uno de los jovenc\u00edsimos valores del proyecto conjunto que patrocinan los municipios manchegos de Alc\u00e1zar de San Juan y Villafranca de los Caballeros. Alonso ha terminado con 5,5 puntos sobre 11 posibles, completando as\u00ed una notable actuaci\u00f3n que lo ha situado en el puesto 108 del mundo, mejorando 16 posiciones su ranking inicial. Esta puntuaci\u00f3n lo sit\u00faa entre los 15 mejores espa\u00f1oles del campeonato (de un total de 50), y en cabeza de los chicos castellano-manchegos.&nbsp;<\/b><\/span><\/p>\n<table cellpadding=\"0\" cellspacing=\"0\" class=\"tr-caption-container\" style=\"float: left;margin-right: 1em;text-align: left\">\n<tbody>\n<tr>\n<td style=\"text-align: center\"><a href=\"https:\/\/www.bfv.cloud\/ajedrezeuropa\/wp-content\/uploads\/2018\/11\/ALONSOJUNTOALCAMPEONADELMUNDOS12.jpg\" style=\"clear: left;margin-bottom: 1em;margin-left: auto;margin-right: auto\"><img decoding=\"async\" border=\"0\" data-original-height=\"1228\" data-original-width=\"815\" height=\"640\" src=\"https:\/\/blogger.googleusercontent.com\/img\/b\/R29vZ2xl\/AVvXsEgcP289pCr8ORDMOtDDv8grxn3FgGR1FvHafFLQ1iAHVMxAo6CyE2i9Al1yIzkJKWdczsfDPY2_pWBSEE7V3UVn1sfY8_Jsco39hVZRGX38kmfuwN_OykzZWvR-MPlnzWpE-idAeIAibc0\/s640\/ALONSO+JUNTO+AL+CAMPEONA+DEL+MUNDO+S12.jpg\" width=\"424\" \/><\/a><\/td>\n<\/tr>\n<tr>\n<td class=\"tr-caption\" style=\"text-align: center\">El campe\u00f3n del mundo sub-12, Gukesh, junto a Alonso<\/td>\n<\/tr>\n<\/tbody>\n<\/table>\n<p><span style=\"font-family: Verdana, sans-serif;font-size: large\"><b>Desde el punto de vista extradeportivo esta experiencia ha sido inigualable, ya que le ha dado oportunidad de compartir amistad y juegos con ni\u00f1os de cualquier nacionalidad. Aunque a Alonso le ha gustado seguir, muy de cerca, las partidas del maestro internacional hind\u00fa nacido en 2006, Gukesh, proclamado finalmente campe\u00f3n del mundo sub-12.<\/b><\/span><\/p>\n","protected":false},"excerpt":{"rendered":"<p>Alonso en el Campeonato del Mundo sub-12 de Santiago de CompostelaFoto cedida por: Patricia Claros Despu\u00e9s de 11 d\u00edas de competici\u00f3n en las que han medido sus fuerzas ante el tablero m\u00e1s de&nbsp; 800 j\u00f3venes ajedrecistas de todos los continentes, han finalizado en Santiago de Compostela los campeonatos del mundo sub-8, sub-10 y sub-12 de [&hellip;]<\/p>\n","protected":false},"author":1,"featured_media":3009,"comment_status":"open","ping_status":"closed","sticky":false,"template":"","format":"standard","meta":{"footnotes":""},"categories":[1],"tags":[],"class_list":["post-3008","post","type-post","status-publish","format-standard","has-post-thumbnail","hentry","category-noticias"],"_links":{"self":[{"href":"https:\/\/www.bfv.cloud\/ajedrezeuropa\/wp-json\/wp\/v2\/posts\/3008","targetHints":{"allow":["GET"]}}],"collection":[{"href":"https:\/\/www.bfv.cloud\/ajedrezeuropa\/wp-json\/wp\/v2\/posts"}],"about":[{"href":"https:\/\/www.bfv.cloud\/ajedrezeuropa\/wp-json\/wp\/v2\/types\/post"}],"author":[{"embeddable":true,"href":"https:\/\/www.bfv.cloud\/ajedrezeuropa\/wp-json\/wp\/v2\/users\/1"}],"replies":[{"embeddable":true,"href":"https:\/\/www.bfv.cloud\/ajedrezeuropa\/wp-json\/wp\/v2\/comments?post=3008"}],"version-history":[{"count":1,"href":"https:\/\/www.bfv.cloud\/ajedrezeuropa\/wp-json\/wp\/v2\/posts\/3008\/revisions"}],"predecessor-version":[{"id":3012,"href":"https:\/\/www.bfv.cloud\/ajedrezeuropa\/wp-json\/wp\/v2\/posts\/3008\/revisions\/3012"}],"wp:featuredmedia":[{"embeddable":true,"href":"https:\/\/www.bfv.cloud\/ajedrezeuropa\/wp-json\/wp\/v2\/media\/3009"}],"wp:attachment":[{"href":"https:\/\/www.bfv.cloud\/ajedrezeuropa\/wp-json\/wp\/v2\/media?parent=3008"}],"wp:term":[{"taxonomy":"category","embeddable":true,"href":"https:\/\/www.bfv.cloud\/ajedrezeuropa\/wp-json\/wp\/v2\/categories?post=3008"},{"taxonomy":"post_tag","embeddable":true,"href":"https:\/\/www.bfv.cloud\/ajedrezeuropa\/wp-json\/wp\/v2\/tags?post=3008"}],"curies":[{"name":"wp","href":"https:\/\/api.w.org\/{rel}","templated":true}]}}