{"id":3013,"date":"2015-12-22T23:11:00","date_gmt":"2015-12-22T23:11:00","guid":{"rendered":"https:\/\/www.bfv.cloud\/ajedrezeuropa\/index.php\/2015\/12\/22\/colaboracion-en-la-revista-del-ateneo-de-alcazar-2015\/"},"modified":"2025-11-20T10:55:09","modified_gmt":"2025-11-20T10:55:09","slug":"colaboracion-en-la-revista-del-ateneo-de-alcazar-2015","status":"publish","type":"post","link":"https:\/\/www.bfv.cloud\/ajedrezeuropa\/colaboracion-en-la-revista-del-ateneo-de-alcazar-2015\/","title":{"rendered":"COLABORACI\u00d3N EN LA REVISTA DEL ATENEO DE ALC\u00c1ZAR 2015"},"content":{"rendered":"<div class=\"separator\" style=\"clear: both;text-align: center\">\n<a href=\"https:\/\/www.bfv.cloud\/ajedrezeuropa\/wp-content\/uploads\/2015\/12\/PORTADAREVISTAATENEO.jpg\" style=\"clear: left;float: left;margin-bottom: 1em;margin-right: 1em\"><img fetchpriority=\"high\" decoding=\"async\" border=\"0\" height=\"400\" src=\"https:\/\/blogger.googleusercontent.com\/img\/b\/R29vZ2xl\/AVvXsEg5rnfT0KKRO5yjLiBqJEzFVl9xkTwuUZ35eC1tDd3IHjuQGbKTOqny91LCF3wHmOcDcB8YvtYYY7y5BoUv2_3teqFQIQi35VASn-_YFQWRGPcbgI1iiG8gAO1-msNIdw41c9tJLFfu6Is\/s400\/PORTADA+REVISTA+ATENEO.jpg\" width=\"282\" \/><\/a><\/div>\n<p>&nbsp;<span style=\"font-family: Arial, Helvetica, sans-serif\"><b>La revista de la Asociaci\u00f3n Cultural Ateneo de Alc\u00e1zar acaba de publicarse con un rico y extenso contenido, dedicando un amplio espacio al repaso de las actividades anuales de la asociaci\u00f3n y a la publicaci\u00f3n de varios art\u00edculos culturales de gran inter\u00e9s.<\/b><\/span><br \/>\n<span style=\"font-family: Arial, Helvetica, sans-serif\"><b><br \/><\/b><\/span><br \/>\n<span style=\"font-family: Arial, Helvetica, sans-serif\"><b>Gracias a la invitaci\u00f3n del Presidente del Ateneo, Luis \u00c1ngel Agenjo, nuestro proyecto puede presentar las pr\u00f3ximas actuaciones y &nbsp;los diversos programas que hemos podido desarrollar a lo largo del a\u00f1o.<\/b><\/span><br \/>\n<span style=\"font-family: Arial, Helvetica, sans-serif\"><b><br \/><\/b><\/span><br \/>\n<span style=\"font-family: Arial, Helvetica, sans-serif\"><b>Al lado de esta presentaci\u00f3n publicamos la portada de la nueva revista. En la parte de abajo reproducimos las 3 p\u00e1ginas dedicadas al art\u00edculo \u00abEL AJEDREZ EN LA ESCUELA\u00bb.<\/b><\/span><\/p>\n<div class=\"separator\" style=\"clear: both;text-align: center\">\n<a href=\"https:\/\/www.bfv.cloud\/ajedrezeuropa\/wp-content\/uploads\/2015\/12\/ART25C3258DCULOAJEDREZPAG1.jpg\" style=\"margin-left: 1em;margin-right: 1em\"><img decoding=\"async\" border=\"0\" height=\"640\" src=\"https:\/\/blogger.googleusercontent.com\/img\/b\/R29vZ2xl\/AVvXsEhNUnTygBXgdziVz4uEqJf6d9PHrjQGZj27UseHa5zJwqiQ1t-0H3fF9dnyvM5TIg7V6BCtXHeajDABqjcHjYjU7Zd4SdMQ0-kUYfPu9QcJde8CtTXOxlNae2CCRW15bHCZvtXK2Oaua5U\/s640\/ART%25C3%258DCULO+AJEDREZ+PAG+1.jpg\" width=\"452\" \/><\/a><\/div>\n<div class=\"separator\" style=\"clear: both;text-align: center\">\n<a href=\"https:\/\/www.bfv.cloud\/ajedrezeuropa\/wp-content\/uploads\/2015\/12\/ART25C3258DCULOAJEDREZPAG2.jpg\" style=\"margin-left: 1em;margin-right: 1em;text-align: center\"><img decoding=\"async\" border=\"0\" height=\"640\" src=\"https:\/\/blogger.googleusercontent.com\/img\/b\/R29vZ2xl\/AVvXsEjYuX2LlS5jKD09JAy-WitpCxyRkBTDgcijEgLbFEgzxJZH5i1gXy0IrVz18XTKnbNxUs0DApwHZ5xSJjjuMV_k-T01CEtUsftx_sPV5rSjEt3TmuHzgdJl51xCvKiVyhlVTs_oM5hRGpQ\/s640\/ART%25C3%258DCULO+AJEDREZ+PAG+2.jpg\" width=\"452\" \/><\/a><\/div>\n<div class=\"separator\" style=\"clear: both;text-align: center\">\n<a href=\"https:\/\/www.bfv.cloud\/ajedrezeuropa\/wp-content\/uploads\/2015\/12\/ART25C3258DCULOAJEDREZPAG3.jpg\" style=\"margin-left: 1em;margin-right: 1em;text-align: center\"><img loading=\"lazy\" decoding=\"async\" border=\"0\" height=\"640\" src=\"https:\/\/blogger.googleusercontent.com\/img\/b\/R29vZ2xl\/AVvXsEgrCvlJC4F1f-M7utBKr3jfjcUmppg4VGva4oy4RhrzrFuX2A0iGxx1dwzxQ5Z1GSUCSIbOakhOSDN4l_T05uWII4AMtwaKms1TrkXdVeKyMEda2giqy__MVQUdEj2s3UY33HDUUBS1pKw\/s640\/ART%25C3%258DCULO+AJEDREZ+PAG+3.jpg\" width=\"452\" \/><\/a><\/div>\n<p><\/p>\n","protected":false},"excerpt":{"rendered":"<p>&nbsp;La revista de la Asociaci\u00f3n Cultural Ateneo de Alc\u00e1zar acaba de publicarse con un rico y extenso contenido, dedicando un amplio espacio al repaso de las actividades anuales de la asociaci\u00f3n y a la publicaci\u00f3n de varios art\u00edculos culturales de gran inter\u00e9s. Gracias a la invitaci\u00f3n del Presidente del Ateneo, Luis \u00c1ngel Agenjo, nuestro proyecto [&hellip;]<\/p>\n","protected":false},"author":1,"featured_media":3014,"comment_status":"open","ping_status":"closed","sticky":false,"template":"","format":"standard","meta":{"footnotes":""},"categories":[1],"tags":[],"class_list":["post-3013","post","type-post","status-publish","format-standard","has-post-thumbnail","hentry","category-noticias"],"_links":{"self":[{"href":"https:\/\/www.bfv.cloud\/ajedrezeuropa\/wp-json\/wp\/v2\/posts\/3013","targetHints":{"allow":["GET"]}}],"collection":[{"href":"https:\/\/www.bfv.cloud\/ajedrezeuropa\/wp-json\/wp\/v2\/posts"}],"about":[{"href":"https:\/\/www.bfv.cloud\/ajedrezeuropa\/wp-json\/wp\/v2\/types\/post"}],"author":[{"embeddable":true,"href":"https:\/\/www.bfv.cloud\/ajedrezeuropa\/wp-json\/wp\/v2\/users\/1"}],"replies":[{"embeddable":true,"href":"https:\/\/www.bfv.cloud\/ajedrezeuropa\/wp-json\/wp\/v2\/comments?post=3013"}],"version-history":[{"count":1,"href":"https:\/\/www.bfv.cloud\/ajedrezeuropa\/wp-json\/wp\/v2\/posts\/3013\/revisions"}],"predecessor-version":[{"id":3018,"href":"https:\/\/www.bfv.cloud\/ajedrezeuropa\/wp-json\/wp\/v2\/posts\/3013\/revisions\/3018"}],"wp:featuredmedia":[{"embeddable":true,"href":"https:\/\/www.bfv.cloud\/ajedrezeuropa\/wp-json\/wp\/v2\/media\/3014"}],"wp:attachment":[{"href":"https:\/\/www.bfv.cloud\/ajedrezeuropa\/wp-json\/wp\/v2\/media?parent=3013"}],"wp:term":[{"taxonomy":"category","embeddable":true,"href":"https:\/\/www.bfv.cloud\/ajedrezeuropa\/wp-json\/wp\/v2\/categories?post=3013"},{"taxonomy":"post_tag","embeddable":true,"href":"https:\/\/www.bfv.cloud\/ajedrezeuropa\/wp-json\/wp\/v2\/tags?post=3013"}],"curies":[{"name":"wp","href":"https:\/\/api.w.org\/{rel}","templated":true}]}}