{"id":3019,"date":"2009-05-28T16:11:00","date_gmt":"2009-05-28T16:11:00","guid":{"rendered":"https:\/\/www.bfv.cloud\/ajedrezeuropa\/index.php\/2009\/05\/28\/ii-campus-de-verano-nuestro-ajedrez-en-europa\/"},"modified":"2025-11-20T10:55:10","modified_gmt":"2025-11-20T10:55:10","slug":"ii-campus-de-verano-nuestro-ajedrez-en-europa","status":"publish","type":"post","link":"https:\/\/www.bfv.cloud\/ajedrezeuropa\/ii-campus-de-verano-nuestro-ajedrez-en-europa\/","title":{"rendered":"II CAMPUS DE VERANO \u00abNUESTRO AJEDREZ EN EUROPA\u00bb"},"content":{"rendered":"<p><a href=\"https:\/\/blogger.googleusercontent.com\/img\/b\/R29vZ2xl\/AVvXsEg0rrqcvDeeonpY4fCtPWf2Wzqnr7h0cpyrX1KWZ5PIrICEFNSrp5LWCjQU3RTUvIkPTnI8zCpnZBXNbabZGb-aPuZVnd8aAtoQpB5FwVZJiZNZHnTYP91OHd1mmEtYUeUyomevyBOvsig\/s1600-h\/IMG_0529%5B1%5D\"><img decoding=\"async\" id=\"BLOGGER_PHOTO_ID_5340909062513703858\" alt=\"\" src=\"https:\/\/blogger.googleusercontent.com\/img\/b\/R29vZ2xl\/AVvXsEg0rrqcvDeeonpY4fCtPWf2Wzqnr7h0cpyrX1KWZ5PIrICEFNSrp5LWCjQU3RTUvIkPTnI8zCpnZBXNbabZGb-aPuZVnd8aAtoQpB5FwVZJiZNZHnTYP91OHd1mmEtYUeUyomevyBOvsig\/s320\/IMG_0529%5B1%5D\" border=\"0\" \/><\/a><\/p>\n<p align=\"justify\">El proyecto \u00abNUESTRO AJEDREZ EN EUROPA\u00bb, impulsado por los ayuntamientos de Alcazar de San Juan y Villafranca de los Caballeros, presenta p\u00fablicamente el \u00abII CAMPUS DE PERFECCIONAMIENTO DE VERANO\u00bb que se desarrollar\u00e1 del 22 al 27 de junio entre ambas localidades. En concreto los d\u00edas 22,23 y24 de junio en Alcazar y los tres siguientes en Villafranca. Destacamos tres apuestas novedosas que se incorporan este a\u00f1o. <\/p>\n<blockquote><\/blockquote>\n<ul>\n<li>La m\u00e1s importante es la presencia del gran maestro Elizbar Ubilava uno de los mejores entrenadores del mundo, entre otros, ha preparado al actual campe\u00f3n del mundo Wiswanatan Anand y al famoso excampe\u00f3n ruso Anatoly Karpov, \u00e9l aportar\u00e1 grandes conocimientos a nuestros j\u00f3venes jugadores. <\/li>\n<\/ul>\n<blockquote><\/blockquote>\n<ul>\n<li>Otra de las principales novedades es la incorporaci\u00f3n de un grupo m\u00e1s de entrenamiento, conducido por la sub-campeona de Espa\u00f1a Ana Isabel Gonz\u00e1lez Berruga.<\/li>\n<\/ul>\n<blockquote><\/blockquote>\n<ul>\n<li>Finalmente, hay que destacar el trabajo de profundizaci\u00f3n individualizada que desarrollaremos en una de las cualidades distintivas de nuestro campus: la preparaci\u00f3n psicol\u00f3gico-mental, que correr\u00e1 a cargo de Ju\u00e1n Carlos Avil\u00e9s Villarejo: psic\u00f3logo, master en psicolog\u00eda del deporte y de la actividad f\u00edsica por la Universidad Aut\u00f3noma de Madrid y por el Comit\u00e9 Ol\u00edmpico Espa\u00f1ol. <\/li>\n<\/ul>\n<blockquote><\/blockquote>\n<p>El grupo de entrenadores tambi\u00e9n lo forman :<\/p>\n<blockquote><\/blockquote>\n<ul>\n<li>Sergio Y\u00e9benes Toribio , joven monitor de ajedrez. <\/li>\n<\/ul>\n<blockquote><\/blockquote>\n<ul>\n<li>F\u00e9lix Toribio G\u00f3mez, director del proyecto, \u00e1rbitro nacional. Director de las E.D.M. de ajedrez de Alc\u00e1zar de San Ju\u00e1n y Villafranca de los Caballeros.<br \/>\n<blockquote><\/blockquote>\n<p align=\"justify\">La orientaci\u00f3n totalmente abierta a la participaci\u00f3n de los chicos y chicas de las dos escuelas, independientemente de su grado de conocimiento ajedrec\u00edstico, es otra de las caracter\u00edsticas importantes que nos definen, estableci\u00e9ndose 4 grupos de trabajo que van desde el grupo de iniciaci\u00f3n, cuya labor b\u00e1sica consiste en aficionarlos al juego y su entrenamiento, hasta el grupo de perfeccionamiento superior que requiere de una preparaci\u00f3n t\u00e9cnica mucho m\u00e1s cualificada.<\/p>\n<\/li>\n<\/ul>\n","protected":false},"excerpt":{"rendered":"<p>El proyecto \u00abNUESTRO AJEDREZ EN EUROPA\u00bb, impulsado por los ayuntamientos de Alcazar de San Juan y Villafranca de los Caballeros, presenta p\u00fablicamente el \u00abII CAMPUS DE PERFECCIONAMIENTO DE VERANO\u00bb que se desarrollar\u00e1 del 22 al 27 de junio entre ambas localidades. En concreto los d\u00edas 22,23 y24 de junio en Alcazar y los tres siguientes [&hellip;]<\/p>\n","protected":false},"author":1,"featured_media":0,"comment_status":"open","ping_status":"closed","sticky":false,"template":"","format":"standard","meta":{"footnotes":""},"categories":[19],"tags":[],"class_list":["post-3019","post","type-post","status-publish","format-standard","hentry","category-campus-del-verano-2008"],"_links":{"self":[{"href":"https:\/\/www.bfv.cloud\/ajedrezeuropa\/wp-json\/wp\/v2\/posts\/3019","targetHints":{"allow":["GET"]}}],"collection":[{"href":"https:\/\/www.bfv.cloud\/ajedrezeuropa\/wp-json\/wp\/v2\/posts"}],"about":[{"href":"https:\/\/www.bfv.cloud\/ajedrezeuropa\/wp-json\/wp\/v2\/types\/post"}],"author":[{"embeddable":true,"href":"https:\/\/www.bfv.cloud\/ajedrezeuropa\/wp-json\/wp\/v2\/users\/1"}],"replies":[{"embeddable":true,"href":"https:\/\/www.bfv.cloud\/ajedrezeuropa\/wp-json\/wp\/v2\/comments?post=3019"}],"version-history":[{"count":1,"href":"https:\/\/www.bfv.cloud\/ajedrezeuropa\/wp-json\/wp\/v2\/posts\/3019\/revisions"}],"predecessor-version":[{"id":3020,"href":"https:\/\/www.bfv.cloud\/ajedrezeuropa\/wp-json\/wp\/v2\/posts\/3019\/revisions\/3020"}],"wp:attachment":[{"href":"https:\/\/www.bfv.cloud\/ajedrezeuropa\/wp-json\/wp\/v2\/media?parent=3019"}],"wp:term":[{"taxonomy":"category","embeddable":true,"href":"https:\/\/www.bfv.cloud\/ajedrezeuropa\/wp-json\/wp\/v2\/categories?post=3019"},{"taxonomy":"post_tag","embeddable":true,"href":"https:\/\/www.bfv.cloud\/ajedrezeuropa\/wp-json\/wp\/v2\/tags?post=3019"}],"curies":[{"name":"wp","href":"https:\/\/api.w.org\/{rel}","templated":true}]}}