{"id":3024,"date":"2019-05-20T16:33:00","date_gmt":"2019-05-20T16:33:00","guid":{"rendered":"https:\/\/www.bfv.cloud\/ajedrezeuropa\/index.php\/2019\/05\/20\/el-iii-torneo-de-la-escuela-de-ajedrez-de-la-u-p-de-herencia-se-jugara-este-viernes\/"},"modified":"2025-11-20T10:55:15","modified_gmt":"2025-11-20T10:55:15","slug":"el-iii-torneo-de-la-escuela-de-ajedrez-de-la-u-p-de-herencia-se-jugara-este-viernes","status":"publish","type":"post","link":"https:\/\/www.bfv.cloud\/ajedrezeuropa\/el-iii-torneo-de-la-escuela-de-ajedrez-de-la-u-p-de-herencia-se-jugara-este-viernes\/","title":{"rendered":"EL III TORNEO DE LA ESCUELA DE AJEDREZ DE LA U.P. DE HERENCIA SE JUGAR\u00c1 ESTE VIERNES"},"content":{"rendered":"<div class=\"separator\" style=\"clear: both;text-align: center\">\n<a href=\"https:\/\/www.bfv.cloud\/ajedrezeuropa\/wp-content\/uploads\/2019\/05\/CartelTorneodeajedrez19_001.jpg\" style=\"clear: right;float: right;margin-bottom: 1em;margin-left: 1em\"><img fetchpriority=\"high\" decoding=\"async\" border=\"0\" data-original-height=\"1131\" data-original-width=\"1600\" height=\"281\" src=\"https:\/\/blogger.googleusercontent.com\/img\/b\/R29vZ2xl\/AVvXsEijgRmWs6Ie9ogva3hHVomKButaILDS5WdVHZL3jCJMPAwHyIU7wQUb9mN7f0iphZXAjE9rkJ-BYhUJolZSpP_WFjsSl77Vr9ZbhgZyODXuf-LSrW-Byr7ODgY0SWUoq3hiqcFEopqB4nU\/s400\/Cartel+Torneo+de++ajedrez+19_001.jpg\" width=\"400\" \/><\/a><\/div>\n<p><a href=\"https:\/\/www.bfv.cloud\/ajedrezeuropa\/wp-content\/uploads\/2019\/05\/BASESDELIIITORNEOESCUELADEAJEDREZUPHERENCIA2019_001.jpg\" style=\"clear: left;float: left;margin-bottom: 1em;margin-right: 1em\"><img decoding=\"async\" border=\"0\" data-original-height=\"1600\" data-original-width=\"1131\" height=\"640\" src=\"https:\/\/blogger.googleusercontent.com\/img\/b\/R29vZ2xl\/AVvXsEheElL4PlQWtv1rcBM8Uzsy3TxB5joaHZH05CcQ64PfxM1OgVgGbv8VZ5p5oQbycr1wBTzmuAWGjDZr3W2C36fpKo_hSyAYCCHFiTDtUhshXzIufPuS0LmqoUfVWUbZ89uhQDoKLIIEV1A\/s640\/BASES+DEL+III+TORNEO+ESCUELA+DE+AJEDREZ+UP+HERENCIA+2019_001.jpg\" width=\"450\" \/><\/a><span style=\"color: blue;font-family: Verdana, sans-serif;font-size: large\">Este viernes, d\u00eda 24 de mayo, se celebrar\u00e1 la 3\u00aa edici\u00f3n del Torneo de la Escuela de Ajedrez de la U.P. de Herencia en el colegio Carrasco Alcalde. <b>El torneo comenzar\u00e1 a las 17,30 en el comedor del Carraco Alcalde y est\u00e1 abierto a la participaci\u00f3n de adultos, j\u00f3venes y ni\u00f1@s.<\/b> El ritmo de juego es de 15 minutos por jugador + 3 segundos de incremento por movimiento, disput\u00e1ndose un total de 5 rondas mediante sistema suizo.<\/span><br \/>\n<span style=\"color: blue;font-family: Verdana, sans-serif;font-size: large\"><br \/><\/span><br \/>\n<span style=\"color: blue;font-family: Verdana, sans-serif;font-size: large\">Es el tercer a\u00f1o de presencia del ajedrez en los cursos de la Universidad Popular de Herencia y el torneo coincide con el periodo final de clases de la escuela.<\/span><br \/>\n<span style=\"color: blue;font-family: Verdana, sans-serif;font-size: large\">\u00a1\u00a1\u00c1nimo y participad!!<\/span><\/p>\n<div class=\"separator\" style=\"clear: both;text-align: center\">\n<span style=\"color: blue;font-family: Verdana, sans-serif;font-size: large\"><\/span><\/div>\n","protected":false},"excerpt":{"rendered":"<p>Este viernes, d\u00eda 24 de mayo, se celebrar\u00e1 la 3\u00aa edici\u00f3n del Torneo de la Escuela de Ajedrez de la U.P. de Herencia en el colegio Carrasco Alcalde. El torneo comenzar\u00e1 a las 17,30 en el comedor del Carraco Alcalde y est\u00e1 abierto a la participaci\u00f3n de adultos, j\u00f3venes y ni\u00f1@s. El ritmo de juego [&hellip;]<\/p>\n","protected":false},"author":1,"featured_media":3025,"comment_status":"open","ping_status":"closed","sticky":false,"template":"","format":"standard","meta":{"footnotes":""},"categories":[1],"tags":[],"class_list":["post-3024","post","type-post","status-publish","format-standard","has-post-thumbnail","hentry","category-noticias"],"_links":{"self":[{"href":"https:\/\/www.bfv.cloud\/ajedrezeuropa\/wp-json\/wp\/v2\/posts\/3024","targetHints":{"allow":["GET"]}}],"collection":[{"href":"https:\/\/www.bfv.cloud\/ajedrezeuropa\/wp-json\/wp\/v2\/posts"}],"about":[{"href":"https:\/\/www.bfv.cloud\/ajedrezeuropa\/wp-json\/wp\/v2\/types\/post"}],"author":[{"embeddable":true,"href":"https:\/\/www.bfv.cloud\/ajedrezeuropa\/wp-json\/wp\/v2\/users\/1"}],"replies":[{"embeddable":true,"href":"https:\/\/www.bfv.cloud\/ajedrezeuropa\/wp-json\/wp\/v2\/comments?post=3024"}],"version-history":[{"count":1,"href":"https:\/\/www.bfv.cloud\/ajedrezeuropa\/wp-json\/wp\/v2\/posts\/3024\/revisions"}],"predecessor-version":[{"id":3027,"href":"https:\/\/www.bfv.cloud\/ajedrezeuropa\/wp-json\/wp\/v2\/posts\/3024\/revisions\/3027"}],"wp:featuredmedia":[{"embeddable":true,"href":"https:\/\/www.bfv.cloud\/ajedrezeuropa\/wp-json\/wp\/v2\/media\/3025"}],"wp:attachment":[{"href":"https:\/\/www.bfv.cloud\/ajedrezeuropa\/wp-json\/wp\/v2\/media?parent=3024"}],"wp:term":[{"taxonomy":"category","embeddable":true,"href":"https:\/\/www.bfv.cloud\/ajedrezeuropa\/wp-json\/wp\/v2\/categories?post=3024"},{"taxonomy":"post_tag","embeddable":true,"href":"https:\/\/www.bfv.cloud\/ajedrezeuropa\/wp-json\/wp\/v2\/tags?post=3024"}],"curies":[{"name":"wp","href":"https:\/\/api.w.org\/{rel}","templated":true}]}}