{"id":303,"date":"2016-02-16T22:58:00","date_gmt":"2016-02-16T22:58:00","guid":{"rendered":"https:\/\/www.bfv.cloud\/ajedrezeuropa\/index.php\/2016\/02\/16\/se-mantiene-el-liderato-de-la-escuela-de-villafranca-en-3-categorias-del-escolar-de-toledo\/"},"modified":"2025-11-20T10:15:58","modified_gmt":"2025-11-20T10:15:58","slug":"se-mantiene-el-liderato-de-la-escuela-de-villafranca-en-3-categorias-del-escolar-de-toledo","status":"publish","type":"post","link":"https:\/\/www.bfv.cloud\/ajedrezeuropa\/se-mantiene-el-liderato-de-la-escuela-de-villafranca-en-3-categorias-del-escolar-de-toledo\/","title":{"rendered":"SE MANTIENE EL LIDERATO DE LA ESCUELA DE VILLAFRANCA EN 3 CATEGOR\u00cdAS DEL ESCOLAR DE TOLEDO"},"content":{"rendered":"<div class=\"separator\" style=\"clear: both;text-align: center\">\n<a href=\"https:\/\/www.bfv.cloud\/ajedrezeuropa\/wp-content\/uploads\/2016\/02\/SAM_2593.jpg\" style=\"clear: left;float: left;margin-bottom: 1em;margin-right: 1em\"><img fetchpriority=\"high\" decoding=\"async\" border=\"0\" height=\"400\" src=\"https:\/\/blogger.googleusercontent.com\/img\/b\/R29vZ2xl\/AVvXsEiSF4ugM12ErcGrf3r4AfyV8OypFt6nc4z8qlnHuTAnGf7jRHY20qaCS-Mcruq05v9pfesaUa9kHRwL7d0K6-q7KuWDMMZKM9exmM_as1SW7odL-p14JFNNGJHAjWwjnXyW_BjxJDDUWDY\/s400\/SAM_2593.JPG\" width=\"245\" \/><\/a><\/div>\n<div style=\"margin-bottom: .0001pt;margin: 0cm;text-align: justify\">\n<span style=\", sans-serif;font-size: 13.5pt\"><span style=\"color: #741b47\">Tras la 3\u00aa jornada del DEPORTE EN EDAD ESCOLAR de<br \/>\nToledo del 13 de febrero, los ajedrecistas de la Escuela de Villafranca se<br \/>\nmantienen al frente en 3 de las categor\u00edas en juego y entre los clasificados<br \/>\npara la fase regional en la cuarta. A falta de la \u00faltima jornada, este s\u00e1bado<br \/>\n20 de febrero, son 3 chicas y 2 chicos de NUESTRO AJEDREZ EN EUROPA los que<br \/>\nocupan puestos de clasificaci\u00f3n directa para la fase regional del CRDEE.<br \/>\nRecordamos que son un total de 12 plazas, al 50% entre masculinas y femeninas,<br \/>\nlas que dan derecho a participar en el campeonato auton\u00f3mico. Repartidos por<br \/>\ncategor\u00edas, 6 en el Infantil y otras tantas en el Cadete.&nbsp; <\/span><\/span><span style=\"font-size: 13.5pt\"><\/span><\/div>\n<div style=\"margin-bottom: .0001pt;margin: 0cm;text-align: justify\">\n<b><span style=\", sans-serif;font-size: 13.5pt\"><br \/>\n<\/span><\/b><u><span style=\", sans-serif;font-size: 14pt\"><i>Las dos primeras clasificadas del<br \/>\nInfantil femenino y el 3\u00ba del masculino son de NUESTRO AJEDREZ EN EUROPA<\/i><\/span><\/u><\/div>\n<div style=\"margin-bottom: .0001pt;margin: 0cm;text-align: justify\">\n<span style=\", sans-serif;font-size: 13.5pt\">Con 6 rondas celebradas, la clasificaci\u00f3n<br \/>\nprovisional del Infantil deja con opciones reales para la lucha por las tres<br \/>\nprimeras posiciones a 7 chicos y 4 chicas. De entre ellos, dos chicas y dos<br \/>\nchicos, pertenecen a la Escuela de Villafranca. El 20 de febrero la 7\u00aa y 8\u00aa<br \/>\nrondas decidir\u00e1n la clasificaci\u00f3n final, con duelos que prometen ser muy<br \/>\ninteresantes y que seguro nos har\u00e1n disfrutar de buenas y vibrantes partidas de<br \/>\najedrez. <\/span><\/div>\n<div style=\"margin-bottom: .0001pt;margin: 0cm;text-align: justify\">\n<div class=\"separator\" style=\"clear: both;text-align: center\">\n<a href=\"https:\/\/www.bfv.cloud\/ajedrezeuropa\/wp-content\/uploads\/2016\/02\/SAM_2529.jpg\" style=\"margin-left: 1em;margin-right: 1em\"><img decoding=\"async\" border=\"0\" height=\"296\" src=\"https:\/\/blogger.googleusercontent.com\/img\/b\/R29vZ2xl\/AVvXsEh6-berEb90Xk9SvZ3XTAaSz0LnU6j7XrkepsMtwgEcXzZOzAhXZSy9_4c6ozUcTVVilUxwB9kzcXjzY9wh2T4kaNUuHdMCw8YKIBCmc6IlOaKUvGX7-6lODw1a6wlQxWvKZ4_KAtFN91A\/s640\/SAM_2529.JPG\" width=\"640\" \/><\/a><\/div>\n<p><span style=\", sans-serif;font-size: 13.5pt\"><br \/><\/span><br \/>\n<span style=\", sans-serif;font-size: 13.5pt\">Esta es la situaci\u00f3n actual de los 11 jugadores de<br \/>\nVillafranca:<\/span><\/div>\n<div style=\"margin-bottom: .0001pt;margin: 0cm;text-align: justify\">\n<div style=\"text-align: center\">\n<span style=\", sans-serif;font-size: 13.5pt\">Con 5<br \/>\npuntos: <b>Alfredo Amador (3er. clasificado)<\/b><\/span><\/div>\n<\/div>\n<div style=\"margin-bottom: .0001pt;margin: 0cm;text-align: justify\">\n<div style=\"text-align: center\">\n<span style=\", sans-serif;font-size: 13.5pt\">&nbsp;&nbsp;&nbsp;&nbsp;&nbsp;&nbsp;&nbsp;&nbsp;&nbsp;&nbsp;&nbsp;&nbsp;&nbsp;&nbsp;&nbsp;&nbsp;&nbsp;&nbsp; &nbsp;&nbsp;&nbsp;&nbsp; <b>Julia Meza (1\u00aa clasificada)<\/b><\/span><\/div>\n<\/div>\n<div style=\"margin-bottom: .0001pt;margin: 0cm;text-align: justify\">\n<div style=\"text-align: center\">\n<span style=\", sans-serif;font-size: 13.5pt\">Con 4,5<br \/>\npuntos: <b>Alonso L\u00f3pez (8\u00ba clasificado)<\/b><\/span><\/div>\n<\/div>\n<div style=\"margin-bottom: .0001pt;margin-bottom: 0cm;margin-left: 70.8pt;margin-right: 0cm;margin-top: 0cm;text-align: justify;text-indent: 35.4pt\">\n<div style=\"text-align: center\">\n<b><span style=\", sans-serif;font-size: 13.5pt\">Mar\u00eda<br \/>\nOliver (2\u00aa clasificada)<\/span><\/b><span style=\", sans-serif;font-size: 13.5pt\"><\/span><\/div>\n<\/div>\n<div style=\"margin-bottom: .0001pt;margin: 0cm;text-align: justify\">\n<div style=\"text-align: center\">\n<span style=\", sans-serif;font-size: 13.5pt\">Con 3<br \/>\npuntos: <b>Gabriel Amador<\/b><\/span><\/div>\n<\/div>\n<div style=\"margin-bottom: .0001pt;margin: 0cm;text-align: justify\">\n<div style=\"text-align: center\">\n<span style=\", sans-serif;font-size: 13.5pt\">Con 2,5<br \/>\npuntos: <b>\u00c1lvaro Alberca<\/b><\/span><\/div>\n<\/div>\n<div style=\"margin-bottom: .0001pt;margin: 0cm;text-align: justify\">\n<div style=\"text-align: center\">\n<span style=\", sans-serif;font-size: 13.5pt\">Con 2<br \/>\npuntos: <b>\u00c1ngel Javier Pozos y Nicol\u00e1s Corrales<\/b><\/span><\/div>\n<\/div>\n<div style=\"margin-bottom: .0001pt;margin: 0cm;text-align: justify\">\n<div style=\"text-align: center\">\n<span style=\", sans-serif;font-size: 13.5pt\">Con 1,5<br \/>\npuntos: <b>Aurora Corrales<\/b><\/span><\/div>\n<\/div>\n<div style=\"margin-bottom: .0001pt;margin: 0cm;text-align: justify\">\n<div style=\"text-align: center\">\n<span style=\", sans-serif;font-size: 13.5pt\">Con 1<br \/>\npunto: <b>Manuel Alberca<\/b><\/span><\/div>\n<\/div>\n<div style=\"margin-bottom: .0001pt;margin: 0cm;text-align: justify\">\n<div style=\"text-align: center\">\n<span style=\", sans-serif;font-size: 13.5pt\">Con \u00bd<br \/>\npunto: <b>Alberto Toribio<\/b><\/span><\/div>\n<\/div>\n<div style=\"margin: 0cm 0cm 0.0001pt;text-align: center\">\n<span style=\", sans-serif;font-size: 13.5pt\"><b><a href=\"http:\/\/www.chess-results.com\/tnr204651.aspx?lan=2&amp;art=1&amp;rd=6&amp;wi=821\"><span style=\"color: #783f04\">CLASIFICACI\u00d3N INFANTIL DESPU\u00c9S DE RONDA 6<\/span><\/a><\/b><\/span><\/div>\n<div style=\"margin: 0cm 0cm 0.0001pt;text-align: center\">\n<span style=\", sans-serif;font-size: 13.5pt\"><a href=\"http:\/\/www.chess-results.com\/tnr204651.aspx?lan=2&amp;art=2&amp;rd=7&amp;wi=821\"><span style=\"color: #7f6000\">EMPAREJAMIENTO RONDA 7<\/span><\/a><\/span><\/div>\n<div style=\"margin-bottom: .0001pt;margin: 0cm;text-align: justify\">\n<span style=\", sans-serif;font-size: 13.5pt\"><b><br \/><\/b><\/span><\/div>\n<p><b><u><span style=\"font-size: 14.0pt\"><span style=\"color: #351c75\">Roberto L\u00f3pez se proclama campe\u00f3n del Cadete e Irene<br \/>\nSim\u00f3n encabeza el femenino<\/span><\/span><\/u><\/b><\/p>\n<div class=\"separator\" style=\"clear: both;text-align: center\">\n<a href=\"https:\/\/www.bfv.cloud\/ajedrezeuropa\/wp-content\/uploads\/2016\/02\/SAM_2528.jpg\" style=\"clear: right;float: right;margin-bottom: 1em;margin-left: 1em\"><img decoding=\"async\" border=\"0\" height=\"271\" src=\"https:\/\/blogger.googleusercontent.com\/img\/b\/R29vZ2xl\/AVvXsEiCkBYe_dpWUSRT5mRYSFXZmEPvCgmqQHIMMO0ZOcgRScEH08_jRhaQ85f4qCDbCgVaSZPggqkYOeqrsG2QpTomsSU6PJUNgjfazFJ7x9Z9hzYQoujQ0GHBAQtV-Dfq5FiGzmH-_DtI0SM\/s400\/SAM_2528.JPG\" width=\"400\" \/><\/a><\/div>\n<p><b><u><span style=\"font-size: 14.0pt\"><span style=\"color: #351c75\"><br \/><\/span><\/span><\/u><\/b><br \/>\n<\/p>\n<div class=\"MsoBodyText\" style=\"text-align: justify\">\n<span style=\"color: #351c75;, sans-serif\"><b>En el Cadete dominan los dos<br \/>\njugadores de NUESTRO AJEDREZ EN EUROPA, ocupando las dos primeras posiciones de<br \/>\nla clasificaci\u00f3n provisional. <i><u>Roberto L\u00f3pez<\/u><\/i>, con 5 puntos en 5 partidas,<br \/>\nya se ha proclamado campe\u00f3n de la categor\u00eda, aventajando en 2 puntos al segundo<br \/>\nchico clasificado. Mientras tanto, <u><i>Irene Sim\u00f3n<\/i><\/u>, con 3,5 puntos, saca<br \/>\nmedio punto a la segunda clasificada, cuando solamente queda una ronda por<br \/>\njugar. <\/b><\/span><b><u><span style=\"font-size: 14.0pt\"><\/span><\/u><\/b><\/div>\n<div class=\"MsoBodyText\" style=\"text-align: center\">\n<span style=\", sans-serif\"><b><a href=\"http:\/\/www.chess-results.com\/tnr204652.aspx?lan=2&amp;art=1&amp;rd=5&amp;wi=821\"><span style=\"color: #783f04\">CLASIFICACI\u00d3N CADETE DESPU\u00c9S DE RONDA 5<\/span><\/a><\/b><\/span><\/div>\n<div class=\"MsoBodyText\" style=\"text-align: center\">\n<span style=\", sans-serif\"><a href=\"http:\/\/www.chess-results.com\/tnr204652.aspx?lan=2&amp;art=2&amp;rd=6&amp;wi=821\"><span style=\"color: #b45f06\">EMPAREJAMIENTO RONDA 6<\/span><\/a><\/span><\/div>\n<div class=\"MsoBodyText\" style=\"text-align: justify\">\n<span style=\", sans-serif\"><b><br \/><\/b><\/span><\/div>\n<p><b><u><span style=\"font-size: 14.0pt\"><span style=\"color: #38761d\">La \u00faltima jornada decide la campeona del provincial<br \/>\nJuvenil<\/span><\/span><\/u><\/b><br \/>\n<b><u><span style=\"font-size: 14.0pt\"><span style=\"color: #38761d\"><br \/><\/span><\/span><\/u><\/b><\/p>\n<div class=\"MsoBodyText\" style=\"text-align: justify\">\n<span style=\"color: #38761d;, sans-serif\"><b>La \u00faltima ronda del sub-18 ser\u00e1<br \/>\ndecisiva para definir a los campeones masculino y femenino. La jugadora del CD<br \/>\nNUESTRO AJEDREZ EN EUROPA, <i><u>Silvia Toribio<\/u><\/i>,&nbsp; enfrenta esta \u00faltima partida con la necesidad<br \/>\nde ganar si quiere obtener el t\u00edtulo. Solamente depende de su propio resultado<br \/>\nal quedar la liga que se ha disputado con un \u00faltimo emparejamiento entre las<br \/>\ndos chicas participantes.&nbsp; <\/b><\/span><\/div>\n<div class=\"MsoBodyText\" style=\"text-align: center\">\n<span style=\", sans-serif\"><b><a href=\"http:\/\/www.chess-results.com\/tnr204655.aspx?lan=2&amp;art=1&amp;wi=821\"><span style=\"color: #cc0000\">CLASIFICACI\u00d3N JUVENIL DESPU\u00c9S DE RONDA 4<\/span><\/a><\/b><\/span><\/div>\n<div class=\"MsoBodyText\" style=\"text-align: center\">\n<span style=\", sans-serif\"><a href=\"http:\/\/www.chess-results.com\/tnr204655.aspx?lan=2&amp;art=2&amp;wi=821\"><span style=\"color: #990000\">EMPAREJAMIENTOS Y RESULTADOS TODAS LAS RONDAS<\/span><\/a><\/span><\/div>\n<div class=\"MsoBodyText\" style=\"text-align: justify\">\n<\/div>\n<div class=\"MsoBodyText\" style=\"text-align: justify\">\n<div class=\"separator\" style=\"clear: both;text-align: center\">\n<a href=\"https:\/\/www.bfv.cloud\/ajedrezeuropa\/wp-content\/uploads\/2016\/02\/SAM_2610.jpg\" style=\"clear: left;float: left;margin-bottom: 1em;margin-right: 1em\"><img loading=\"lazy\" decoding=\"async\" border=\"0\" height=\"255\" src=\"https:\/\/blogger.googleusercontent.com\/img\/b\/R29vZ2xl\/AVvXsEggnoIrCTqXNcKZHbun-EnWXJgDjXvMwuWvpbO89GAQ7CYHlb_H_Q2ilSBTaDOpJCcnEbSeub9qznj9MyBPLlMU2brK5JlASKQDuntlxPm7oEdw7lwWKatkRhro0c0lee8Xsam1XzGiEyI\/s320\/SAM_2610.JPG\" width=\"320\" \/><\/a><\/div>\n<p><span style=\", sans-serif\"><b><br \/><\/b><\/span><br \/>\n<span style=\", sans-serif\"><b><br \/><\/b><\/span><br \/>\n<span style=\", sans-serif\"><b><br \/><\/b><\/span><br \/>\n<span style=\", sans-serif\"><b>\u00a1\u00a1Enhorabuena a todos nuestros<br \/>\njugadores por su esfuerzo durante todo el campeonato!!<\/b><\/span><\/div>\n<p><\/p>\n<div class=\"MsoBodyText\" style=\"text-align: justify\">\n<span style=\", sans-serif\"><b>\u00a1\u00a1Mucha concentraci\u00f3n y buenas<br \/>\npartidas para la \u00faltima jornada!!<\/b><\/span><\/div>\n<div class=\"MsoBodyText\" style=\"text-align: justify\">\n<\/div>\n","protected":false},"excerpt":{"rendered":"<p>Tras la 3\u00aa jornada del DEPORTE EN EDAD ESCOLAR de Toledo del 13 de febrero, los ajedrecistas de la Escuela de Villafranca se mantienen al frente en 3 de las categor\u00edas en juego y entre los clasificados para la fase regional en la cuarta. A falta de la \u00faltima jornada, este s\u00e1bado 20 de febrero, [&hellip;]<\/p>\n","protected":false},"author":1,"featured_media":304,"comment_status":"open","ping_status":"closed","sticky":false,"template":"","format":"standard","meta":{"footnotes":""},"categories":[1],"tags":[],"class_list":["post-303","post","type-post","status-publish","format-standard","has-post-thumbnail","hentry","category-noticias"],"_links":{"self":[{"href":"https:\/\/www.bfv.cloud\/ajedrezeuropa\/wp-json\/wp\/v2\/posts\/303","targetHints":{"allow":["GET"]}}],"collection":[{"href":"https:\/\/www.bfv.cloud\/ajedrezeuropa\/wp-json\/wp\/v2\/posts"}],"about":[{"href":"https:\/\/www.bfv.cloud\/ajedrezeuropa\/wp-json\/wp\/v2\/types\/post"}],"author":[{"embeddable":true,"href":"https:\/\/www.bfv.cloud\/ajedrezeuropa\/wp-json\/wp\/v2\/users\/1"}],"replies":[{"embeddable":true,"href":"https:\/\/www.bfv.cloud\/ajedrezeuropa\/wp-json\/wp\/v2\/comments?post=303"}],"version-history":[{"count":1,"href":"https:\/\/www.bfv.cloud\/ajedrezeuropa\/wp-json\/wp\/v2\/posts\/303\/revisions"}],"predecessor-version":[{"id":308,"href":"https:\/\/www.bfv.cloud\/ajedrezeuropa\/wp-json\/wp\/v2\/posts\/303\/revisions\/308"}],"wp:featuredmedia":[{"embeddable":true,"href":"https:\/\/www.bfv.cloud\/ajedrezeuropa\/wp-json\/wp\/v2\/media\/304"}],"wp:attachment":[{"href":"https:\/\/www.bfv.cloud\/ajedrezeuropa\/wp-json\/wp\/v2\/media?parent=303"}],"wp:term":[{"taxonomy":"category","embeddable":true,"href":"https:\/\/www.bfv.cloud\/ajedrezeuropa\/wp-json\/wp\/v2\/categories?post=303"},{"taxonomy":"post_tag","embeddable":true,"href":"https:\/\/www.bfv.cloud\/ajedrezeuropa\/wp-json\/wp\/v2\/tags?post=303"}],"curies":[{"name":"wp","href":"https:\/\/api.w.org\/{rel}","templated":true}]}}