{"id":3031,"date":"2014-12-16T22:24:00","date_gmt":"2014-12-16T22:24:00","guid":{"rendered":"https:\/\/www.bfv.cloud\/ajedrezeuropa\/index.php\/2014\/12\/16\/vii-concentracion-de-navidad\/"},"modified":"2025-11-20T10:55:19","modified_gmt":"2025-11-20T10:55:19","slug":"vii-concentracion-de-navidad","status":"publish","type":"post","link":"https:\/\/www.bfv.cloud\/ajedrezeuropa\/vii-concentracion-de-navidad\/","title":{"rendered":"VII CONCENTRACI\u00d3N DE NAVIDAD"},"content":{"rendered":"<div class=\"separator\" style=\"clear: both;text-align: center\">\n<a href=\"https:\/\/www.bfv.cloud\/ajedrezeuropa\/wp-content\/uploads\/2014\/12\/tripticonavidad2014exterior.jpg\" style=\"margin-left: 1em;margin-right: 1em\"><img fetchpriority=\"high\" decoding=\"async\" border=\"0\" src=\"https:\/\/www.bfv.cloud\/ajedrezeuropa\/wp-content\/uploads\/2014\/12\/tripticonavidad2014exterior.jpg\" height=\"452\" width=\"640\" \/><\/a><\/div>\n<div class=\"separator\" style=\"clear: both;text-align: center\">\n<a href=\"https:\/\/www.bfv.cloud\/ajedrezeuropa\/wp-content\/uploads\/2014\/12\/tripticonavidad2014.jpg\" style=\"margin-left: 1em;margin-right: 1em\"><img decoding=\"async\" border=\"0\" src=\"https:\/\/www.bfv.cloud\/ajedrezeuropa\/wp-content\/uploads\/2014\/12\/tripticonavidad2014.jpg\" height=\"452\" width=\"640\" \/><\/a><\/div>\n<div class=\"separator\" style=\"clear: both;text-align: center\">\n<a href=\"https:\/\/www.bfv.cloud\/ajedrezeuropa\/wp-content\/uploads\/2014\/12\/cartelconcentracion2014.jpg\" style=\"clear: left;float: left;margin-bottom: 1em;margin-right: 1em\"><img decoding=\"async\" border=\"0\" src=\"https:\/\/www.bfv.cloud\/ajedrezeuropa\/wp-content\/uploads\/2014\/12\/cartelconcentracion2014.jpg\" height=\"400\" width=\"282\" \/><\/a><\/div>\n<div style=\"text-align: center\">\n<b style=\"font-family: 'Trebuchet MS', sans-serif\"><u>ABIERTO EL PLAZO DE INSCRIPCI\u00d3N PARA LA CONCENTRACI\u00d3N DE NAVIDAD<\/u><\/b><\/div>\n<h3 style=\"text-align: center\">\n<span style=\"font-family: Trebuchet MS, sans-serif\"><b>La 7\u00aa edici\u00f3n de la \u00abCONCENTRACI\u00d3N DE NAVIDAD NUESTRO AJEDREZ EN EUROPA\u00bb ya est\u00e1 abierta a las inscripciones de los alumnos y alumnas de las escuelas de deportivas municipales de Alc\u00e1zar y Villafranca.&nbsp;<\/b><\/span><span style=\"font-family: Trebuchet MS, sans-serif\"><b>Del 26 al 28 de diciembre la Casa de la Cultura de Villafranca de los Caballeros acoger\u00e1 esta actividad del proyecto un a\u00f1o m\u00e1s.<\/b><\/span><span style=\"font-family: Trebuchet MS, sans-serif\"><b>Todas las condiciones y horarios est\u00e1n descritos en el tr\u00edptico que publicamos.<\/b><\/span><span style=\"font-family: Trebuchet MS, sans-serif\"><b>\u00a1\u00a1Esperamos contar con todos vosotros!!<\/b><\/span><\/h3>\n","protected":false},"excerpt":{"rendered":"<p>ABIERTO EL PLAZO DE INSCRIPCI\u00d3N PARA LA CONCENTRACI\u00d3N DE NAVIDAD La 7\u00aa edici\u00f3n de la \u00abCONCENTRACI\u00d3N DE NAVIDAD NUESTRO AJEDREZ EN EUROPA\u00bb ya est\u00e1 abierta a las inscripciones de los alumnos y alumnas de las escuelas de deportivas municipales de Alc\u00e1zar y Villafranca.&nbsp;Del 26 al 28 de diciembre la Casa de la Cultura de Villafranca [&hellip;]<\/p>\n","protected":false},"author":1,"featured_media":3032,"comment_status":"open","ping_status":"closed","sticky":false,"template":"","format":"standard","meta":{"footnotes":""},"categories":[1],"tags":[],"class_list":["post-3031","post","type-post","status-publish","format-standard","has-post-thumbnail","hentry","category-noticias"],"_links":{"self":[{"href":"https:\/\/www.bfv.cloud\/ajedrezeuropa\/wp-json\/wp\/v2\/posts\/3031","targetHints":{"allow":["GET"]}}],"collection":[{"href":"https:\/\/www.bfv.cloud\/ajedrezeuropa\/wp-json\/wp\/v2\/posts"}],"about":[{"href":"https:\/\/www.bfv.cloud\/ajedrezeuropa\/wp-json\/wp\/v2\/types\/post"}],"author":[{"embeddable":true,"href":"https:\/\/www.bfv.cloud\/ajedrezeuropa\/wp-json\/wp\/v2\/users\/1"}],"replies":[{"embeddable":true,"href":"https:\/\/www.bfv.cloud\/ajedrezeuropa\/wp-json\/wp\/v2\/comments?post=3031"}],"version-history":[{"count":1,"href":"https:\/\/www.bfv.cloud\/ajedrezeuropa\/wp-json\/wp\/v2\/posts\/3031\/revisions"}],"predecessor-version":[{"id":3035,"href":"https:\/\/www.bfv.cloud\/ajedrezeuropa\/wp-json\/wp\/v2\/posts\/3031\/revisions\/3035"}],"wp:featuredmedia":[{"embeddable":true,"href":"https:\/\/www.bfv.cloud\/ajedrezeuropa\/wp-json\/wp\/v2\/media\/3032"}],"wp:attachment":[{"href":"https:\/\/www.bfv.cloud\/ajedrezeuropa\/wp-json\/wp\/v2\/media?parent=3031"}],"wp:term":[{"taxonomy":"category","embeddable":true,"href":"https:\/\/www.bfv.cloud\/ajedrezeuropa\/wp-json\/wp\/v2\/categories?post=3031"},{"taxonomy":"post_tag","embeddable":true,"href":"https:\/\/www.bfv.cloud\/ajedrezeuropa\/wp-json\/wp\/v2\/tags?post=3031"}],"curies":[{"name":"wp","href":"https:\/\/api.w.org\/{rel}","templated":true}]}}