{"id":3042,"date":"2018-12-03T20:03:00","date_gmt":"2018-12-03T20:03:00","guid":{"rendered":"https:\/\/www.bfv.cloud\/ajedrezeuropa\/index.php\/2018\/12\/03\/el-equipo-absoluto-de-nuestro-ajedrez-en-europa-repite-como-subcampeon-de-toledo\/"},"modified":"2025-11-20T10:55:26","modified_gmt":"2025-11-20T10:55:26","slug":"el-equipo-absoluto-de-nuestro-ajedrez-en-europa-repite-como-subcampeon-de-toledo","status":"publish","type":"post","link":"https:\/\/www.bfv.cloud\/ajedrezeuropa\/el-equipo-absoluto-de-nuestro-ajedrez-en-europa-repite-como-subcampeon-de-toledo\/","title":{"rendered":"EL EQUIPO ABSOLUTO DE NUESTRO AJEDREZ EN EUROPA REPITE COMO SUBCAMPE\u00d3N DE TOLEDO"},"content":{"rendered":"<table cellpadding=\"0\" cellspacing=\"0\" class=\"tr-caption-container\" style=\"float: left;margin-right: 1em;text-align: left\">\n<tbody>\n<tr>\n<td style=\"text-align: center\"><a href=\"https:\/\/www.bfv.cloud\/ajedrezeuropa\/wp-content\/uploads\/2018\/12\/IMG_20181125_204907_resized_20181202_065940102.jpg\" style=\"clear: left;margin-bottom: 1em;margin-left: auto;margin-right: auto\"><img fetchpriority=\"high\" decoding=\"async\" border=\"0\" data-original-height=\"441\" data-original-width=\"608\" height=\"290\" src=\"https:\/\/blogger.googleusercontent.com\/img\/b\/R29vZ2xl\/AVvXsEh0yHBu7IU5QM-EwwX_tMzKDNsuN-Cz_AB3GozGgwHOnlVQFP9RIVP9f9w6LqNX8T3gwXdVx9YpCTRtTUPjWgfbE5CGvDqJLX-w_rZVvfz7YMz6pxbTEnuD6Y6WxzOQ-av2RhyH6bRmnhU\/s400\/IMG_20181125_204907_resized_20181202_065940102.jpg\" width=\"400\" \/><\/a><\/td>\n<\/tr>\n<tr>\n<td class=\"tr-caption\" style=\"text-align: center\">Alberto, Adri\u00e1n y Roberto recogiendo el trofeo de subcampe\u00f3n de Toledo<\/td>\n<\/tr>\n<\/tbody>\n<\/table>\n<p><span style=\", sans-serif;font-size: large\">El \u00faltimo fin de semana de noviembre puso punto final al Campeonato Provincial por Clubes de Toledo valedero para la temporada 2019. Despu\u00e9s de 3 jornadas con rondas de ma\u00f1ana y tarde, el torneo de 1\u00aa divisi\u00f3n dej\u00f3 a los 11 equipos participantes clasificados seg\u00fan su ranking inicial, excepto Nuestro Ajedrez en Europa-B que gan\u00f3 un puesto, quedando en 6\u00aa posici\u00f3n. <\/span><\/p>\n<div class=\"separator\" style=\"clear: both;text-align: center\">\n<span style=\", sans-serif;font-size: large\"><a href=\"https:\/\/www.bfv.cloud\/ajedrezeuropa\/wp-content\/uploads\/2018\/12\/IMG_20181125_110226_resized_20181125_062247680.jpg\" style=\"margin-left: 1em;margin-right: 1em\"><img decoding=\"async\" border=\"0\" data-original-height=\"864\" data-original-width=\"1152\" height=\"480\" src=\"https:\/\/blogger.googleusercontent.com\/img\/b\/R29vZ2xl\/AVvXsEhSP46SPiIAdkdmVO5XtYO9wmRiMI-c8DhcdqHGptSQGd9_wdsLwWiUZzqSRCRwmySruMIz5iMXKVpHi6K-7L5xnXo95HGWnOd-yjAr_xBPoD-XJ-1yHpRJPL53UnDSdlstFG_Aqbicn4A\/s640\/IMG_20181125_110226_resized_20181125_062247680.jpg\" width=\"640\" \/><\/a><\/span><\/div>\n<p><span style=\", sans-serif;font-size: large\">Por su parte, Europa-A, volvi\u00f3 a luchar por el t\u00edtulo de campe\u00f3n hasta el \u00faltimo enfrentamiento. Despu\u00e9s de perder solo una ronda por la m\u00ednima diferencia y ganar el resto con resultados holgados sum\u00f3 10 puntos y alcanz\u00f3 la 2\u00aa posici\u00f3n en solitario.&nbsp;<\/span><br \/>\n<span style=\", sans-serif;font-size: large\">Los dos equipos de Nuestro Ajedrez por la Igualdad ocuparon la 9\u00aa y 11\u00aa plaza.&nbsp;<\/span><\/p>\n<table cellpadding=\"0\" cellspacing=\"0\" class=\"tr-caption-container\" style=\"float: right;margin-left: 1em;text-align: right\">\n<tbody>\n<tr>\n<td style=\"text-align: center\"><a href=\"https:\/\/www.bfv.cloud\/ajedrezeuropa\/wp-content\/uploads\/2018\/12\/IMG_20181021_100928_resized_20181023_012505977.jpg\" style=\"clear: right;margin-bottom: 1em;margin-left: auto;margin-right: auto\"><img decoding=\"async\" border=\"0\" data-original-height=\"587\" data-original-width=\"795\" height=\"293\" src=\"https:\/\/blogger.googleusercontent.com\/img\/b\/R29vZ2xl\/AVvXsEgl9EnIgEU085rvrEurAa2DzIQsxtXPM_3txLK5VVzvJQhUtaYbDT2hOpWyX-Gafqu_vmGfX7NoE9GyCqAcQHFrInDVq57ZmnVaYF4ZeF3Y_hwYWXZYqsA9lyK2YZBR09TzU1Xczg1-888\/s400\/IMG_20181021_100928_resized_20181023_012505977.jpg\" width=\"400\" \/><\/a><\/td>\n<\/tr>\n<tr>\n<td class=\"tr-caption\" style=\"text-align: center\">\u00d3scar, Adela, Siara y \u00c1ngel&nbsp;<\/td>\n<\/tr>\n<\/tbody>\n<\/table>\n<p><span style=\", sans-serif;font-size: large\">En 2\u00aa divisi\u00f3n, con 16 equipos participantes, los equipos m\u00e1s j\u00f3venes de Igualdad y Europa finalizaron en novena y d\u00e9cima posici\u00f3n.<\/span><br \/>\n<span style=\", sans-serif;font-size: large\">\u00a1\u00a1Enhorabuena a los cuarenta ajedrecistas que han jugado con nuestros equipos estos torneos con el mismo esp\u00edritu deportivo de todos los a\u00f1os!!<\/span><\/p>\n","protected":false},"excerpt":{"rendered":"<p>Alberto, Adri\u00e1n y Roberto recogiendo el trofeo de subcampe\u00f3n de Toledo El \u00faltimo fin de semana de noviembre puso punto final al Campeonato Provincial por Clubes de Toledo valedero para la temporada 2019. Despu\u00e9s de 3 jornadas con rondas de ma\u00f1ana y tarde, el torneo de 1\u00aa divisi\u00f3n dej\u00f3 a los 11 equipos participantes clasificados [&hellip;]<\/p>\n","protected":false},"author":1,"featured_media":3043,"comment_status":"open","ping_status":"closed","sticky":false,"template":"","format":"standard","meta":{"footnotes":""},"categories":[1],"tags":[],"class_list":["post-3042","post","type-post","status-publish","format-standard","has-post-thumbnail","hentry","category-noticias"],"_links":{"self":[{"href":"https:\/\/www.bfv.cloud\/ajedrezeuropa\/wp-json\/wp\/v2\/posts\/3042","targetHints":{"allow":["GET"]}}],"collection":[{"href":"https:\/\/www.bfv.cloud\/ajedrezeuropa\/wp-json\/wp\/v2\/posts"}],"about":[{"href":"https:\/\/www.bfv.cloud\/ajedrezeuropa\/wp-json\/wp\/v2\/types\/post"}],"author":[{"embeddable":true,"href":"https:\/\/www.bfv.cloud\/ajedrezeuropa\/wp-json\/wp\/v2\/users\/1"}],"replies":[{"embeddable":true,"href":"https:\/\/www.bfv.cloud\/ajedrezeuropa\/wp-json\/wp\/v2\/comments?post=3042"}],"version-history":[{"count":1,"href":"https:\/\/www.bfv.cloud\/ajedrezeuropa\/wp-json\/wp\/v2\/posts\/3042\/revisions"}],"predecessor-version":[{"id":3046,"href":"https:\/\/www.bfv.cloud\/ajedrezeuropa\/wp-json\/wp\/v2\/posts\/3042\/revisions\/3046"}],"wp:featuredmedia":[{"embeddable":true,"href":"https:\/\/www.bfv.cloud\/ajedrezeuropa\/wp-json\/wp\/v2\/media\/3043"}],"wp:attachment":[{"href":"https:\/\/www.bfv.cloud\/ajedrezeuropa\/wp-json\/wp\/v2\/media?parent=3042"}],"wp:term":[{"taxonomy":"category","embeddable":true,"href":"https:\/\/www.bfv.cloud\/ajedrezeuropa\/wp-json\/wp\/v2\/categories?post=3042"},{"taxonomy":"post_tag","embeddable":true,"href":"https:\/\/www.bfv.cloud\/ajedrezeuropa\/wp-json\/wp\/v2\/tags?post=3042"}],"curies":[{"name":"wp","href":"https:\/\/api.w.org\/{rel}","templated":true}]}}