{"id":3047,"date":"2016-10-24T13:47:00","date_gmt":"2016-10-24T13:47:00","guid":{"rendered":"https:\/\/www.bfv.cloud\/ajedrezeuropa\/index.php\/2016\/10\/24\/el-programa-de-cmm-heroes-anonimos-emite-el-capitulo-dedicado-a-nuestro-proyecto-en-los-colegios\/"},"modified":"2025-11-20T10:55:29","modified_gmt":"2025-11-20T10:55:29","slug":"el-programa-de-cmm-heroes-anonimos-emite-el-capitulo-dedicado-a-nuestro-proyecto-en-los-colegios","status":"publish","type":"post","link":"https:\/\/www.bfv.cloud\/ajedrezeuropa\/el-programa-de-cmm-heroes-anonimos-emite-el-capitulo-dedicado-a-nuestro-proyecto-en-los-colegios\/","title":{"rendered":"EL PROGRAMA DE CMM, H\u00c9ROES AN\u00d3NIMOS, EMITE EL CAP\u00cdTULO DEDICADO A NUESTRO PROYECTO EN LOS COLEGIOS"},"content":{"rendered":"<div class=\"separator\" style=\"clear: both;text-align: center\">\n<a href=\"https:\/\/www.bfv.cloud\/ajedrezeuropa\/wp-content\/uploads\/2016\/10\/Cabecera-Ficha.png\" style=\"clear: left;float: left;margin-bottom: 1em;margin-right: 1em\"><img decoding=\"async\" border=\"0\" height=\"53\" src=\"https:\/\/blogger.googleusercontent.com\/img\/b\/R29vZ2xl\/AVvXsEjxbbLhxVnn-xI-6BTIavNLxtuCBxeBSEiCX1Bi5cdruk9AwFH9ZvxGio7wISGPyu2gKWEcuPeeb4V9bOosygopH564rDCC5IClhsr4eZHJ9CPkAwlZ6TBVDtOE10MWJiYkfSRsU73_5Zo\/s320\/Cabecera-Ficha.png\" width=\"320\" \/><\/a><\/div>\n<p><a href=\"https:\/\/www.bfv.cloud\/ajedrezeuropa\/wp-content\/uploads\/2016\/10\/logo-1.png\" style=\"clear: right;float: right;margin-bottom: 1em;margin-left: 1em\"><img decoding=\"async\" border=\"0\" src=\"https:\/\/www.bfv.cloud\/ajedrezeuropa\/wp-content\/uploads\/2016\/10\/logo-1.png\" \/><\/a><\/p>\n<p><\/p>\n<div class=\"separator\" style=\"clear: both;text-align: center\">\n<a href=\"https:\/\/www.bfv.cloud\/ajedrezeuropa\/wp-content\/uploads\/2016\/10\/ELEQUIPODELPROYECTO.jpg\" style=\"clear: left;float: left;margin-bottom: 1em;margin-right: 1em\"><img fetchpriority=\"high\" decoding=\"async\" border=\"0\" height=\"210\" src=\"https:\/\/blogger.googleusercontent.com\/img\/b\/R29vZ2xl\/AVvXsEhSmdibwxumeFFXSlaSuGIT0jV6RUwZP97rVjpAf37vaL2tmkSGuLcyGNznh5DYM6uG3t-kv5iflaMKTsTpoHpx-PQ58f44XhJspzfdbMxdEgUL6N-vvS6SqJa-YADAD5K_ZmElGdhEKT0\/s400\/EL+EQUIPO+DEL+PROYECTO.JPG\" width=\"400\" \/><\/a><\/div>\n<p>\n<span style=\"font-size: x-large\">El pasado s\u00e1bado, H\u00e9roes An\u00f3nimos de CMM, emit\u00eda el cap\u00edtulo titulado: \u00abAjedrez, estrategia educativa\u00bb. Este programa est\u00e1 dedicado a profundizar en los valores del ajedrez como herramienta educativa y a conocer la experiencia desarrollada por Nuestro Ajedrez en Europa en varios centros de ense\u00f1anza de la provincia de Toledo durante el curso 2015\/2016. En la media hora de duraci\u00f3n se refleja el valor terap\u00e9utico y social del ajedrez, con lo que nos permite tener una visi\u00f3n global de sus posibilidades en estos campos.<\/span><br \/>\n<span style=\"font-size: x-large\">Queremos agradecer a Juli\u00e1n Cano, director de H\u00e9roes An\u00f3nimos, todo el empe\u00f1o y trabajo que ha puesto para que este programa sea una realidad.<\/span><br \/>\n<span style=\"font-size: x-large\">Tambi\u00e9n queremos trasladar nuestro agradecimiento a Leontxo Garc\u00eda, impulsor &nbsp;del proyecto \u00abEl Ajedrez en la Escuela\u00bb en toda Espa\u00f1a, e incansable divulgador de las utilidades del \u00abdeporte de la mente\u00bb en el \u00e1mbito social y terap\u00e9utico.<\/span><br \/>\n<span style=\"font-size: x-large\">Adem\u00e1s, contamos con la colaboraci\u00f3n inestimable de Cristina Aranda, Delegada de Educaci\u00f3n en Toledo, Jaime Toledano, y nuestros alumnos, Roberto L\u00f3pez y Alfredo Amador.<\/span><br \/>\n<span style=\"font-size: x-large\">Para reproducir el programa puedes pinchar sobre el siguiente enlace:<\/span><br \/>\n<span style=\"font-size: large\"><br \/><\/span><br \/>\n<\/p>\n<div style=\"text-align: center\">\n<a href=\"https:\/\/www.youtube.com\/watch?v=1Nl9Jqbe0T8&amp;feature=youtu.be\"><span style=\"font-size: x-large\">H\u00c9ROES AN\u00d3NIMOS:&nbsp;<\/span><\/a><\/div>\n<div style=\"text-align: center\">\n<a href=\"https:\/\/www.youtube.com\/watch?v=1Nl9Jqbe0T8&amp;feature=youtu.be\"><span style=\"font-size: x-large\">AJEDREZ, ESTRATEGIA EDUCATIVA<\/span><\/a><\/div>\n","protected":false},"excerpt":{"rendered":"<p>El pasado s\u00e1bado, H\u00e9roes An\u00f3nimos de CMM, emit\u00eda el cap\u00edtulo titulado: \u00abAjedrez, estrategia educativa\u00bb. Este programa est\u00e1 dedicado a profundizar en los valores del ajedrez como herramienta educativa y a conocer la experiencia desarrollada por Nuestro Ajedrez en Europa en varios centros de ense\u00f1anza de la provincia de Toledo durante el curso 2015\/2016. En la [&hellip;]<\/p>\n","protected":false},"author":1,"featured_media":3048,"comment_status":"open","ping_status":"closed","sticky":false,"template":"","format":"standard","meta":{"footnotes":""},"categories":[1],"tags":[],"class_list":["post-3047","post","type-post","status-publish","format-standard","has-post-thumbnail","hentry","category-noticias"],"_links":{"self":[{"href":"https:\/\/www.bfv.cloud\/ajedrezeuropa\/wp-json\/wp\/v2\/posts\/3047","targetHints":{"allow":["GET"]}}],"collection":[{"href":"https:\/\/www.bfv.cloud\/ajedrezeuropa\/wp-json\/wp\/v2\/posts"}],"about":[{"href":"https:\/\/www.bfv.cloud\/ajedrezeuropa\/wp-json\/wp\/v2\/types\/post"}],"author":[{"embeddable":true,"href":"https:\/\/www.bfv.cloud\/ajedrezeuropa\/wp-json\/wp\/v2\/users\/1"}],"replies":[{"embeddable":true,"href":"https:\/\/www.bfv.cloud\/ajedrezeuropa\/wp-json\/wp\/v2\/comments?post=3047"}],"version-history":[{"count":1,"href":"https:\/\/www.bfv.cloud\/ajedrezeuropa\/wp-json\/wp\/v2\/posts\/3047\/revisions"}],"predecessor-version":[{"id":3051,"href":"https:\/\/www.bfv.cloud\/ajedrezeuropa\/wp-json\/wp\/v2\/posts\/3047\/revisions\/3051"}],"wp:featuredmedia":[{"embeddable":true,"href":"https:\/\/www.bfv.cloud\/ajedrezeuropa\/wp-json\/wp\/v2\/media\/3048"}],"wp:attachment":[{"href":"https:\/\/www.bfv.cloud\/ajedrezeuropa\/wp-json\/wp\/v2\/media?parent=3047"}],"wp:term":[{"taxonomy":"category","embeddable":true,"href":"https:\/\/www.bfv.cloud\/ajedrezeuropa\/wp-json\/wp\/v2\/categories?post=3047"},{"taxonomy":"post_tag","embeddable":true,"href":"https:\/\/www.bfv.cloud\/ajedrezeuropa\/wp-json\/wp\/v2\/tags?post=3047"}],"curies":[{"name":"wp","href":"https:\/\/api.w.org\/{rel}","templated":true}]}}