{"id":3052,"date":"2022-08-30T11:32:00","date_gmt":"2022-08-30T11:32:00","guid":{"rendered":"https:\/\/www.bfv.cloud\/ajedrezeuropa\/index.php\/2022\/08\/30\/vi-torneo-de-feria-de-illescas\/"},"modified":"2025-11-20T10:55:46","modified_gmt":"2025-11-20T10:55:46","slug":"vi-torneo-de-feria-de-illescas","status":"publish","type":"post","link":"https:\/\/www.bfv.cloud\/ajedrezeuropa\/vi-torneo-de-feria-de-illescas\/","title":{"rendered":"VI TORNEO DE FERIA DE ILLESCAS"},"content":{"rendered":"<h1 style=\"text-align: left\">\n<div class=\"separator\" style=\"clear: both;text-align: center\"><a href=\"https:\/\/www.bfv.cloud\/ajedrezeuropa\/wp-content\/uploads\/2022\/08\/CARTEL20TORNEO20ILLESCAS20REFORMADO-scaled.jpg\" style=\"clear: right;float: right;margin-bottom: 1em;margin-left: 1em\"><img fetchpriority=\"high\" decoding=\"async\" border=\"0\" data-original-height=\"3539\" data-original-width=\"2493\" height=\"640\" src=\"https:\/\/blogger.googleusercontent.com\/img\/b\/R29vZ2xl\/AVvXsEgeHha3eW73XNhUTc94wr7S-Zt_byjXabYOGxgxCJcdQmCmUDnTq7ZvzHlezCId5JHWPa0k9o4xB-z3_2n9BZkxKDIIpurtsO7M40yGYVjlysiekJyB-cigtemZX2aH5PhTgl9St2XN2CrhlHEN7CWt9JsdCrD9UnTgppyImfcLD5Ifj28OV7FJpmoh\/w450-h640\/CARTEL%20TORNEO%20ILLESCAS%20REFORMADO.jpg\" width=\"450\" \/><\/a><\/div>\n<p>El s\u00e1bado 10 de septiembre a las 16 horas comenzar\u00e1 el VI Torneo de Feria de Illescas. El Centro de Creaci\u00f3n Joven volver\u00e1 a acoger la celebraci\u00f3n del torneo que repartir\u00e1 trofeos a los 2 mejores clasificados de las categor\u00edas: absoluta, sub16, sub12 y sub8, as\u00ed como a la mejor jugadora clasificada en cada categor\u00eda y al jugador local. Las bases y la hoja de inscripci\u00f3n del torneo son las que publicamos a continuaci\u00f3n:<\/h1>\n<div class=\"separator\" style=\"clear: both;text-align: center\"><a href=\"https:\/\/www.bfv.cloud\/ajedrezeuropa\/wp-content\/uploads\/2022\/08\/BASES20DEL20VI20TORNEO20DE20SEPTIEMBRE2020ILLESCAS202022_001-scaled.jpg\" style=\"margin-left: 1em;margin-right: 1em\"><img decoding=\"async\" border=\"0\" data-original-height=\"3508\" data-original-width=\"2479\" height=\"640\" src=\"https:\/\/blogger.googleusercontent.com\/img\/b\/R29vZ2xl\/AVvXsEjMUAatTUzp3kfMbKeuIStMefuOLBKtbexCpQ38HTDI9CAyeTJEim2DlITo3jg23N01ey3g4TQPk_YrmR5rmx0XDdHlyeJLl8lQO9jZubTHifp8vG16HCGz4utS8DB2MdUvN75zTHVl_IvbDTpmbzQ08wXBMX59y1mYVWwp5b4YKFZxrmjKx10kMIx3\/w452-h640\/BASES%20DEL%20VI%20TORNEO%20DE%20SEPTIEMBRE%20%20ILLESCAS%202022_001.jpg\" width=\"452\" \/><\/a><\/div>\n<p><\/p>\n<div class=\"separator\" style=\"clear: both;text-align: center\"><a href=\"https:\/\/www.bfv.cloud\/ajedrezeuropa\/wp-content\/uploads\/2022\/08\/BOLETIN20INSCRIPCIC393N20AJEDREZ_001-scaled.jpg\" style=\"clear: left;float: left;margin-bottom: 1em;margin-right: 1em\"><img decoding=\"async\" border=\"0\" data-original-height=\"3300\" data-original-width=\"2550\" height=\"640\" src=\"https:\/\/blogger.googleusercontent.com\/img\/b\/R29vZ2xl\/AVvXsEgrdB_XZUv4xpVlLBKzJAltcmZsfYhgVMTBbvv-O_pvovVyNt1Cbr8dhXXu0c7ZNSVnN1zTmVTsKeDNYUd74GazPNlpUAZYPs4TxzXacFNTwuCfOzDXdpOfEnWmTPzW2sA7ZyH051E3R-KR0u9L3ZOW0dERalI96CE7wvridVH3l0FwYy4n04vm6smo\/w494-h640\/BOLETIN%20INSCRIPCI%C3%93N%20AJEDREZ_001.jpg\" width=\"494\" \/><\/a><\/div>\n<p><\/p>\n<div class=\"separator\" style=\"clear: both;text-align: center\"><a href=\"https:\/\/www.bfv.cloud\/ajedrezeuropa\/wp-content\/uploads\/2022\/08\/BOLETIN20INSCRIPCIC393N20AJEDREZ_002-scaled.jpg\" style=\"clear: left;float: left;margin-bottom: 1em;margin-right: 1em\"><img loading=\"lazy\" decoding=\"async\" border=\"0\" data-original-height=\"3300\" data-original-width=\"2550\" height=\"640\" src=\"https:\/\/blogger.googleusercontent.com\/img\/b\/R29vZ2xl\/AVvXsEi28D8-sui2_XitoMXGGrZj26Bid-I2bbjrZQUzuOhMLWSYtqmx-XFaM85_D3roofPr-rIMO0aDz_Mg4b3lhBGkRZNvUvPT1IZCwTc0OrmeDkN7U8LZFieYLGf7bcWumZHuCJRCWPqCVeqjW7fuXeFD9fZwBrx-tvrhNhG9pO6qxeMCT4_pAMh08VRG\/w495-h640\/BOLETIN%20INSCRIPCI%C3%93N%20AJEDREZ_002.jpg\" width=\"495\" \/><\/a><\/div>\n<p><\/p>\n<div class=\"separator\" style=\"clear: both;text-align: center\"><\/div>\n<p><\/p>\n<div><\/div>\n<div><\/div>\n<div><\/div>\n<p><\/p>\n","protected":false},"excerpt":{"rendered":"<p>El s\u00e1bado 10 de septiembre a las 16 horas comenzar\u00e1 el VI Torneo de Feria de Illescas. El Centro de Creaci\u00f3n Joven volver\u00e1 a acoger la celebraci\u00f3n del torneo que repartir\u00e1 trofeos a los 2 mejores clasificados de las categor\u00edas: absoluta, sub16, sub12 y sub8, as\u00ed como a la mejor jugadora clasificada en cada categor\u00eda [&hellip;]<\/p>\n","protected":false},"author":1,"featured_media":3053,"comment_status":"open","ping_status":"closed","sticky":false,"template":"","format":"standard","meta":{"footnotes":""},"categories":[1],"tags":[],"class_list":["post-3052","post","type-post","status-publish","format-standard","has-post-thumbnail","hentry","category-noticias"],"_links":{"self":[{"href":"https:\/\/www.bfv.cloud\/ajedrezeuropa\/wp-json\/wp\/v2\/posts\/3052","targetHints":{"allow":["GET"]}}],"collection":[{"href":"https:\/\/www.bfv.cloud\/ajedrezeuropa\/wp-json\/wp\/v2\/posts"}],"about":[{"href":"https:\/\/www.bfv.cloud\/ajedrezeuropa\/wp-json\/wp\/v2\/types\/post"}],"author":[{"embeddable":true,"href":"https:\/\/www.bfv.cloud\/ajedrezeuropa\/wp-json\/wp\/v2\/users\/1"}],"replies":[{"embeddable":true,"href":"https:\/\/www.bfv.cloud\/ajedrezeuropa\/wp-json\/wp\/v2\/comments?post=3052"}],"version-history":[{"count":1,"href":"https:\/\/www.bfv.cloud\/ajedrezeuropa\/wp-json\/wp\/v2\/posts\/3052\/revisions"}],"predecessor-version":[{"id":3057,"href":"https:\/\/www.bfv.cloud\/ajedrezeuropa\/wp-json\/wp\/v2\/posts\/3052\/revisions\/3057"}],"wp:featuredmedia":[{"embeddable":true,"href":"https:\/\/www.bfv.cloud\/ajedrezeuropa\/wp-json\/wp\/v2\/media\/3053"}],"wp:attachment":[{"href":"https:\/\/www.bfv.cloud\/ajedrezeuropa\/wp-json\/wp\/v2\/media?parent=3052"}],"wp:term":[{"taxonomy":"category","embeddable":true,"href":"https:\/\/www.bfv.cloud\/ajedrezeuropa\/wp-json\/wp\/v2\/categories?post=3052"},{"taxonomy":"post_tag","embeddable":true,"href":"https:\/\/www.bfv.cloud\/ajedrezeuropa\/wp-json\/wp\/v2\/tags?post=3052"}],"curies":[{"name":"wp","href":"https:\/\/api.w.org\/{rel}","templated":true}]}}