{"id":3058,"date":"2015-03-16T21:38:00","date_gmt":"2015-03-16T21:38:00","guid":{"rendered":"https:\/\/www.bfv.cloud\/ajedrezeuropa\/index.php\/2015\/03\/16\/2-oros-2-platas-y-3-bronces-en-el-provincial-por-edades-de-ciudad-real\/"},"modified":"2025-11-20T10:55:51","modified_gmt":"2025-11-20T10:55:51","slug":"2-oros-2-platas-y-3-bronces-en-el-provincial-por-edades-de-ciudad-real","status":"publish","type":"post","link":"https:\/\/www.bfv.cloud\/ajedrezeuropa\/2-oros-2-platas-y-3-bronces-en-el-provincial-por-edades-de-ciudad-real\/","title":{"rendered":"2 OROS, 2 PLATAS Y 3 BRONCES EN EL PROVINCIAL POR EDADES DE CIUDAD REAL"},"content":{"rendered":"<table align=\"center\" cellpadding=\"0\" cellspacing=\"0\" class=\"tr-caption-container\" style=\"margin-left: auto;margin-right: auto;text-align: center\">\n<tbody>\n<tr>\n<td style=\"text-align: center\"><a href=\"https:\/\/www.bfv.cloud\/ajedrezeuropa\/wp-content\/uploads\/2015\/03\/SAM_1638.jpg\" style=\"margin-left: auto;margin-right: auto\"><img fetchpriority=\"high\" decoding=\"async\" border=\"0\" src=\"https:\/\/www.bfv.cloud\/ajedrezeuropa\/wp-content\/uploads\/2015\/03\/SAM_1638.jpg\" height=\"528\" width=\"640\" \/><\/a><\/td>\n<\/tr>\n<tr>\n<td class=\"tr-caption\" style=\"text-align: center\">Los jugadores de la escuela de ajedrez alcazare\u00f1a en la \u00faltima jornada del provincial por edades de Ciudad Real<\/td>\n<\/tr>\n<\/tbody>\n<\/table>\n<p>&nbsp;<span style=\"font-family: Courier New, Courier, monospace\"><b>El Campeonato Provincial por Edades de Ciudad Real ha finalizado con 7 medallas para los jugadores de la escuela de ajedrez de Alc\u00e1zar de San Juan. Con una participaci\u00f3n muy superior a la de a\u00f1os precedentes, 17 chicos y chicas &nbsp;distribuidos por todas las categor\u00edas, la escuela alcazare\u00f1a tambi\u00e9n mejora notablemente los resultados obtenidos en temporadas recientes.<\/b><\/span><\/p>\n<table cellpadding=\"0\" cellspacing=\"0\" class=\"tr-caption-container\" style=\"float: right;margin-left: 1em;text-align: right\">\n<tbody>\n<tr>\n<td style=\"text-align: center\"><a href=\"https:\/\/www.bfv.cloud\/ajedrezeuropa\/wp-content\/uploads\/2015\/03\/SAM_1632.jpg\" style=\"clear: right;margin-bottom: 1em;margin-left: auto;margin-right: auto\"><img decoding=\"async\" border=\"0\" src=\"https:\/\/www.bfv.cloud\/ajedrezeuropa\/wp-content\/uploads\/2015\/03\/SAM_1632.jpg\" height=\"258\" width=\"400\" \/><\/a><\/td>\n<\/tr>\n<tr>\n<td class=\"tr-caption\" style=\"text-align: center\">Javier Valdepe\u00f1as, campe\u00f3n del SUB-16<\/td>\n<\/tr>\n<\/tbody>\n<\/table>\n<h4>\n&nbsp;<span style=\"font-family: Courier New, Courier, monospace;font-size: large\"><b><i><u>2 campeones provinciales, 2 subcampeones y 3 terceros puestos<\/u><\/i><\/b><\/span><\/h4>\n<p><span style=\"font-family: Courier New, Courier, monospace\"><b>Javier Valdepe\u00f1as, revalida el t\u00edtulo de campe\u00f3n sub-16 e Isabel Marcos-Alberca, logra la primera plaza en el sub-14 femenino.<\/b><\/span><br \/>\n<span style=\"font-family: Courier New, Courier, monospace\"><b>En el segundo escal\u00f3n de la clasificaci\u00f3n final se han situado: Clara Vela en el sub-12 y Nuria Lozano en sub-10, proclam\u00e1ndose subcampeonas de Ciudad Real.&nbsp;<\/b><\/span><\/p>\n<table cellpadding=\"0\" cellspacing=\"0\" class=\"tr-caption-container\" style=\"float: left;margin-right: 1em;text-align: left\">\n<tbody>\n<tr>\n<td style=\"text-align: center\"><a href=\"https:\/\/www.bfv.cloud\/ajedrezeuropa\/wp-content\/uploads\/2015\/03\/SAM_1625.jpg\" style=\"clear: left;margin-bottom: 1em;margin-left: auto;margin-right: auto\"><img decoding=\"async\" border=\"0\" src=\"https:\/\/www.bfv.cloud\/ajedrezeuropa\/wp-content\/uploads\/2015\/03\/SAM_1625.jpg\" height=\"232\" width=\"400\" \/><\/a><\/td>\n<\/tr>\n<tr>\n<td class=\"tr-caption\" style=\"text-align: center\">Isabel Marcos-Alberca, campeona del SUB-14<\/td>\n<\/tr>\n<\/tbody>\n<\/table>\n<p><span style=\"font-family: Courier New, Courier, monospace\"><b>Otras 3 categor\u00edas han tenido una importante presencia de los ajedrecistas alcazare\u00f1os, logrando sendas 3\u00aa posiciones: Cosimo Leonardo de Giorgi (sub-18), Marta Espinosa (sub-16) y Roc\u00edo Arias (sub-10).<\/b><\/span><\/p>\n<h4>\n<span style=\"font-family: Courier New, Courier, monospace;font-size: large\"><b><i><u>El resultado de los otros 10 jugadores<\/u><\/i><\/b><\/span><\/h4>\n<p><span style=\"font-family: Courier New, Courier, monospace\"><b>Las clasificaciones finales de las distintas categor\u00edas donde han participado el resto de jugadores de nuestra escuela son:<\/b><\/span><span style=\"font-family: Courier New, Courier, monospace\"><b><br \/><\/b><\/span><br \/>\n<span style=\"font-family: Courier New, Courier, monospace\"><b><u>Sub-8:<\/u>&nbsp; \u00c1ngel Carrasco (6\u00ba) <u>Sub-10:<\/u>&nbsp;Rafael Carrasco (13\u00ba); Sergio Arias (21\u00ba) <u>Sub-12:<\/u>&nbsp;Arsenio L\u00f3pez (14\u00ba); Daniel Climent (16\u00ba) <u>Sub-14:<\/u>&nbsp;Enrique Velasco (7\u00ba), Julio M\u00e9rida (9\u00ba), Pablo Vela (14\u00ba), Arturo Mate (17\u00ba) y Rub\u00e9n Monge (19\u00ba)<\/b><\/span><br \/>\n<span style=\"font-family: Courier New, Courier, monospace\"><b>En un par de semanas comenzar\u00e1 el Campeonato de Castilla-La Mancha por Edades en la localidad de Horche (Guadalajara). Hasta all\u00ed viajar\u00e1n m\u00e1s de 20 alumnos y alumnas de las escuelas de ajedrez de Alc\u00e1zar y Villafranca para representarnos en las categor\u00edas sub-10, sub-12, sub-14, sub-16 y sub-18.<\/b><\/span><br \/>\n<span style=\"font-family: Courier New, Courier, monospace\"><b><br \/><\/b><\/span><\/p>\n","protected":false},"excerpt":{"rendered":"<p>Los jugadores de la escuela de ajedrez alcazare\u00f1a en la \u00faltima jornada del provincial por edades de Ciudad Real &nbsp;El Campeonato Provincial por Edades de Ciudad Real ha finalizado con 7 medallas para los jugadores de la escuela de ajedrez de Alc\u00e1zar de San Juan. Con una participaci\u00f3n muy superior a la de a\u00f1os precedentes, [&hellip;]<\/p>\n","protected":false},"author":1,"featured_media":3059,"comment_status":"open","ping_status":"closed","sticky":false,"template":"","format":"standard","meta":{"footnotes":""},"categories":[1],"tags":[],"class_list":["post-3058","post","type-post","status-publish","format-standard","has-post-thumbnail","hentry","category-noticias"],"_links":{"self":[{"href":"https:\/\/www.bfv.cloud\/ajedrezeuropa\/wp-json\/wp\/v2\/posts\/3058","targetHints":{"allow":["GET"]}}],"collection":[{"href":"https:\/\/www.bfv.cloud\/ajedrezeuropa\/wp-json\/wp\/v2\/posts"}],"about":[{"href":"https:\/\/www.bfv.cloud\/ajedrezeuropa\/wp-json\/wp\/v2\/types\/post"}],"author":[{"embeddable":true,"href":"https:\/\/www.bfv.cloud\/ajedrezeuropa\/wp-json\/wp\/v2\/users\/1"}],"replies":[{"embeddable":true,"href":"https:\/\/www.bfv.cloud\/ajedrezeuropa\/wp-json\/wp\/v2\/comments?post=3058"}],"version-history":[{"count":1,"href":"https:\/\/www.bfv.cloud\/ajedrezeuropa\/wp-json\/wp\/v2\/posts\/3058\/revisions"}],"predecessor-version":[{"id":3062,"href":"https:\/\/www.bfv.cloud\/ajedrezeuropa\/wp-json\/wp\/v2\/posts\/3058\/revisions\/3062"}],"wp:featuredmedia":[{"embeddable":true,"href":"https:\/\/www.bfv.cloud\/ajedrezeuropa\/wp-json\/wp\/v2\/media\/3059"}],"wp:attachment":[{"href":"https:\/\/www.bfv.cloud\/ajedrezeuropa\/wp-json\/wp\/v2\/media?parent=3058"}],"wp:term":[{"taxonomy":"category","embeddable":true,"href":"https:\/\/www.bfv.cloud\/ajedrezeuropa\/wp-json\/wp\/v2\/categories?post=3058"},{"taxonomy":"post_tag","embeddable":true,"href":"https:\/\/www.bfv.cloud\/ajedrezeuropa\/wp-json\/wp\/v2\/tags?post=3058"}],"curies":[{"name":"wp","href":"https:\/\/api.w.org\/{rel}","templated":true}]}}