{"id":3063,"date":"2012-04-03T00:05:00","date_gmt":"2012-04-03T00:05:00","guid":{"rendered":"https:\/\/www.bfv.cloud\/ajedrezeuropa\/index.php\/2012\/04\/03\/finaliza-el-regional-por-edades-con-3-platas-y-1-bronce-para-nuestros-ajedrecistas\/"},"modified":"2025-11-20T10:55:59","modified_gmt":"2025-11-20T10:55:59","slug":"finaliza-el-regional-por-edades-con-3-platas-y-1-bronce-para-nuestros-ajedrecistas","status":"publish","type":"post","link":"https:\/\/www.bfv.cloud\/ajedrezeuropa\/finaliza-el-regional-por-edades-con-3-platas-y-1-bronce-para-nuestros-ajedrecistas\/","title":{"rendered":"FINALIZA EL REGIONAL POR EDADES CON 3 PLATAS Y 1 BRONCE PARA NUESTROS AJEDRECISTAS"},"content":{"rendered":"<p>\ufeff <\/p>\n<table align=\"center\" cellpadding=\"0\" cellspacing=\"0\" class=\"tr-caption-container\" style=\"margin-left: auto;margin-right: auto;text-align: center\">\n<tbody>\n<tr>\n<td style=\"text-align: center\"><a href=\"https:\/\/www.bfv.cloud\/ajedrezeuropa\/wp-content\/uploads\/2012\/04\/FOTOGRUPOESCALERA1.jpg\" style=\"margin-left: auto;margin-right: auto\"><img fetchpriority=\"high\" decoding=\"async\" border=\"0\" height=\"300\" src=\"https:\/\/blogger.googleusercontent.com\/img\/b\/R29vZ2xl\/AVvXsEjSZAGmLehxbPkksbbXnDnJWbeR-K0xOzZLunsEKtQvkYAb186x5LCF-UiLktT17Z8wtxubWzsVm6Mwj1ovdZUYaEkj3GqGt0E1esUTinkTEJFTPdH1XsdqXZjKAV-uBlozY7oyG_CWedk\/s400\/FOTO+GRUPO+ESCALERA+1.jpg\" width=\"400\" \/><\/a><\/td>\n<\/tr>\n<tr>\n<td class=\"tr-caption\" style=\"text-align: center\">Todos nuestros chicos y chicas participantes en el regional 2012<\/td>\n<\/tr>\n<\/tbody>\n<\/table>\n<p>\ufeff <span style=\"font-family: Verdana, sans-serif\"><em>Celebrado el Campeonato de Castilla-La Mancha por Edades de esta temporada, debemos destacar el nuevo \u00e9xito que ha supuesto la participaci\u00f3n de la delegaci\u00f3n de Nuestro Ajedrez en Europa compuesta por un total de 22 jugadores. Las medallas de plata conseguidas por Jorge Sim\u00f3n en la categor\u00eda juvenil, por su hermana Irene en la sub-12 femenina y por Isabel Marcos-Alberca en la sub-10 femenina, junto al bronce de Mar\u00eda&nbsp;Oliver en el mismo sub-10, son la muestra m\u00e1s evidente del m\u00e9rito de este proyecto nacido y desarrollado gracias a la iniciativa de las escuelas deportivas municipales de Alc\u00e1zar y Villafranca. Adem\u00e1s de estas 4 medallas, tenemos que destacar la 4\u00aa posici\u00f3n de Santiago Talavera y la 5\u00aa de Daniel P\u00edriz en el sub-18; la impresionante&nbsp;actuaci\u00f3n de Isaac Lozano en el sub-16 que partiendo de la posici\u00f3n 25 del ranking inicial se ha situado en la 5\u00aa plaza, alcanzando una valoraci\u00f3n de juego (llamado t\u00e9cnicamente rating performance) de 1744 puntos, as\u00ed como el 7\u00ba puesto del debutante Javier Valdepe\u00f1as en su primer a\u00f1o de sub-14 que har\u00e1 mejorar su puntuaci\u00f3n de elo internacional en 60 puntos. Por supuesto que&nbsp;entre el resto de chicos y chicas participantes tambi\u00e9n se han logrado importantes avances en su juego y resultados, aunque esperaremos a la publicaci\u00f3n de las nuevas listas de elo FIDE y FEDA del pr\u00f3ximo 1 de mayo para facilitaros m\u00e1s detalles. De momento, una enorme felicitaci\u00f3n para estos 22 ajedrecistas y para los otros 38 jovenc\u00edsimos compa\u00f1eros de escuelas que os han animado y apoyado. \u00a1\u00a1Enhorabuena a todos!!<\/em><\/span><\/p>\n<p>\ufeff <\/p>\n<table cellpadding=\"0\" cellspacing=\"0\" class=\"tr-caption-container\" style=\"float: left;margin-right: 1em;text-align: left\">\n<tbody>\n<tr>\n<td style=\"text-align: center\"><a href=\"https:\/\/www.bfv.cloud\/ajedrezeuropa\/wp-content\/uploads\/2012\/04\/regionaledades2012063.jpg\" style=\"clear: left;margin-bottom: 1em;margin-left: auto;margin-right: auto\"><img decoding=\"async\" border=\"0\" height=\"400\" src=\"https:\/\/blogger.googleusercontent.com\/img\/b\/R29vZ2xl\/AVvXsEgnuEN2qTN-9YQl_VF6T59HpksE67hxzS4F0gw25Dpg2ka9yUo8pezidvy_xGXXfaSqDE0UsajSqZpCUWLWFFWi9h_eaRV8qDhw2WZQ9sdixb2QQRImrFgLuo4OEJO8VAvvT3KBPcYPat8\/s400\/regional+edades+2012+063.jpg\" width=\"300\" \/><\/a><\/td>\n<\/tr>\n<tr>\n<td class=\"tr-caption\" style=\"text-align: center\">Jorge Sim\u00f3n, subcampe\u00f3n de Castilla-La Mancha<br \/>\njuvenil (sub-18)<\/td>\n<\/tr>\n<\/tbody>\n<\/table>\n<p>\ufeff <br \/>\n\ufeff <\/p>\n<table cellpadding=\"0\" cellspacing=\"0\" class=\"tr-caption-container\" style=\"float: right;margin-left: 1em;text-align: right\">\n<tbody>\n<tr>\n<td style=\"text-align: center\"><a href=\"https:\/\/www.bfv.cloud\/ajedrezeuropa\/wp-content\/uploads\/2012\/04\/FOTOGRUPOS-10ENCASTILLOALMANSA.jpg\" style=\"clear: right;margin-bottom: 1em;margin-left: auto;margin-right: auto\"><img decoding=\"async\" border=\"0\" height=\"300\" src=\"https:\/\/blogger.googleusercontent.com\/img\/b\/R29vZ2xl\/AVvXsEiBsuCmd7Y4-TUS8npdc7zPwT1VTJr0TKv15ez-wzlK3oi7ajTWrLWelNOm2RFV8aqd_6QqGKtRYNL2oSJt2M-ZhJChYASlEqn_NtAwiBrpkK9T2uUYvcq2xybIZJD0XN2rzYLnM7zkReA\/s400\/FOTO+GRUPO+S-10+EN+CASTILLO+ALMANSA.jpg\" width=\"400\" \/><\/a><\/td>\n<\/tr>\n<tr>\n<td class=\"tr-caption\" style=\"text-align: center\">Nuestras promesas del sub-10 han obtenido unos magn\u00edficos resultados:<br \/>\nIsabel Marcos-Alberca (3\u00aa por la izqda.) se ha proclamado subcampeona<br \/>\nregional femenina, mientras Mar\u00eda Oliver (2\u00aa por la izqda.) ha ganado<br \/>\nel bronce de esta misma categor\u00eda. Tambi\u00e9n Enrique Velasco (10\u00ba) y<br \/>\nJulia Meza (5\u00aa de chicas) han realizado un notable campeonato<\/td>\n<\/tr>\n<\/tbody>\n<\/table>\n<p>\ufeff <br \/>\n\ufeff <\/p>\n<table cellpadding=\"0\" cellspacing=\"0\" class=\"tr-caption-container\" style=\"float: left;margin-right: 1em;text-align: left\">\n<tbody>\n<tr>\n<td style=\"text-align: center\"><a href=\"https:\/\/www.bfv.cloud\/ajedrezeuropa\/wp-content\/uploads\/2012\/04\/regionaledades2012058.jpg\" style=\"clear: left;margin-bottom: 1em;margin-left: auto;margin-right: auto\"><img loading=\"lazy\" decoding=\"async\" border=\"0\" height=\"300\" src=\"https:\/\/blogger.googleusercontent.com\/img\/b\/R29vZ2xl\/AVvXsEjKGAvJ-PFHFV9ofFW4nPQjbGFpii1DVoAaWwtKlIkQAqyAInmv2clrpo1-qB35D4ijusCPYk_t_cBHvSuR80GE-tzfKgfoj8u1-M8UgGzDYEaT9U0PH4RE-ydVJGhtrqoo6IkNTEiBAU4\/s400\/regional+edades+2012+058.jpg\" width=\"400\" \/><\/a><\/td>\n<\/tr>\n<tr>\n<td class=\"tr-caption\" style=\"text-align: center\">Irene Sim\u00f3n, subcampeona regional femenina de la categor\u00eda sub-12<\/td>\n<\/tr>\n<\/tbody>\n<\/table>\n<p>\ufeff <br \/>\n\ufeff <\/p>\n<table cellpadding=\"0\" cellspacing=\"0\" class=\"tr-caption-container\" style=\"float: left;margin-right: 1em;text-align: left\">\n<tbody>\n<tr>\n<td style=\"text-align: center\"><a href=\"https:\/\/www.bfv.cloud\/ajedrezeuropa\/wp-content\/uploads\/2012\/04\/regionaledades2012059.jpg\" style=\"clear: left;margin-bottom: 1em;margin-left: auto;margin-right: auto\"><img loading=\"lazy\" decoding=\"async\" border=\"0\" height=\"240\" src=\"https:\/\/blogger.googleusercontent.com\/img\/b\/R29vZ2xl\/AVvXsEijV5prHt-79uPy4PD2WRFuFRSjdlayT4Qi8hT38q73wrvP9nWlO8MTFaT5KSsd3EPvzbxHbqM7sPLLCJD0Q8LJqSKB_M_FSuOfYrAiePWqIH7Mv8dwyAfcvZuKvOOIBvNHxBrnjzQ9Xjg\/s320\/regional+edades+2012+059.jpg\" width=\"320\" \/><\/a><\/td>\n<\/tr>\n<tr>\n<td class=\"tr-caption\" style=\"text-align: center\">Javier Valdepe\u00f1as ha debutado en los campeonatos regionales<br \/>\nde edades logrando una sobresaliente 7\u00aa plaza<\/td>\n<\/tr>\n<\/tbody>\n<\/table>\n<p>\ufeff <br \/>\n\ufeff <\/p>\n<table cellpadding=\"0\" cellspacing=\"0\" class=\"tr-caption-container\" style=\"float: left;margin-right: 1em;text-align: left\">\n<tbody>\n<tr>\n<td style=\"text-align: center\"><a href=\"https:\/\/www.bfv.cloud\/ajedrezeuropa\/wp-content\/uploads\/2012\/04\/regionaledades2012048.jpg\" style=\"clear: left;margin-bottom: 1em;margin-left: auto;margin-right: auto\"><img loading=\"lazy\" decoding=\"async\" border=\"0\" height=\"300\" src=\"https:\/\/blogger.googleusercontent.com\/img\/b\/R29vZ2xl\/AVvXsEjiBlKdFQDI-LRZj69N7vUiahyphenhyphenLYLFbdQcGNQtFqOTO-lDJjs3Iat1S7-MVUF_GnyUy28dtUBTqcKcrdsunsbPRlfR3dkyIXelS1qGhnylg_2tEDlsQVwxsS4hzq_QrFi1Ux2CJ15EIKNw\/s400\/regional+edades+2012+048.jpg\" width=\"400\" \/><\/a><\/td>\n<\/tr>\n<tr>\n<td class=\"tr-caption\" style=\"text-align: center\">Isaac Lozano ha sido una de las revelaciones de la competici\u00f3n,<br \/>\nsu 5\u00aa posicici\u00f3n tras haber obtenido 4,5 puntos sobre 6 posibles es<br \/>\nel \u00e9xito del trabajo y la constancia<\/td>\n<\/tr>\n<\/tbody>\n<\/table>\n<p>\ufeff<\/p>\n","protected":false},"excerpt":{"rendered":"<p>\ufeff Todos nuestros chicos y chicas participantes en el regional 2012 \ufeff Celebrado el Campeonato de Castilla-La Mancha por Edades de esta temporada, debemos destacar el nuevo \u00e9xito que ha supuesto la participaci\u00f3n de la delegaci\u00f3n de Nuestro Ajedrez en Europa compuesta por un total de 22 jugadores. Las medallas de plata conseguidas por Jorge [&hellip;]<\/p>\n","protected":false},"author":1,"featured_media":3064,"comment_status":"open","ping_status":"closed","sticky":false,"template":"","format":"standard","meta":{"footnotes":""},"categories":[1],"tags":[],"class_list":["post-3063","post","type-post","status-publish","format-standard","has-post-thumbnail","hentry","category-noticias"],"_links":{"self":[{"href":"https:\/\/www.bfv.cloud\/ajedrezeuropa\/wp-json\/wp\/v2\/posts\/3063","targetHints":{"allow":["GET"]}}],"collection":[{"href":"https:\/\/www.bfv.cloud\/ajedrezeuropa\/wp-json\/wp\/v2\/posts"}],"about":[{"href":"https:\/\/www.bfv.cloud\/ajedrezeuropa\/wp-json\/wp\/v2\/types\/post"}],"author":[{"embeddable":true,"href":"https:\/\/www.bfv.cloud\/ajedrezeuropa\/wp-json\/wp\/v2\/users\/1"}],"replies":[{"embeddable":true,"href":"https:\/\/www.bfv.cloud\/ajedrezeuropa\/wp-json\/wp\/v2\/comments?post=3063"}],"version-history":[{"count":1,"href":"https:\/\/www.bfv.cloud\/ajedrezeuropa\/wp-json\/wp\/v2\/posts\/3063\/revisions"}],"predecessor-version":[{"id":3070,"href":"https:\/\/www.bfv.cloud\/ajedrezeuropa\/wp-json\/wp\/v2\/posts\/3063\/revisions\/3070"}],"wp:featuredmedia":[{"embeddable":true,"href":"https:\/\/www.bfv.cloud\/ajedrezeuropa\/wp-json\/wp\/v2\/media\/3064"}],"wp:attachment":[{"href":"https:\/\/www.bfv.cloud\/ajedrezeuropa\/wp-json\/wp\/v2\/media?parent=3063"}],"wp:term":[{"taxonomy":"category","embeddable":true,"href":"https:\/\/www.bfv.cloud\/ajedrezeuropa\/wp-json\/wp\/v2\/categories?post=3063"},{"taxonomy":"post_tag","embeddable":true,"href":"https:\/\/www.bfv.cloud\/ajedrezeuropa\/wp-json\/wp\/v2\/tags?post=3063"}],"curies":[{"name":"wp","href":"https:\/\/api.w.org\/{rel}","templated":true}]}}