{"id":3071,"date":"2012-02-06T00:56:00","date_gmt":"2012-02-06T00:56:00","guid":{"rendered":"https:\/\/www.bfv.cloud\/ajedrezeuropa\/index.php\/2012\/02\/06\/carlos-alvarez-campeon-del-escolar-cadete-de-ciudad-real-y-leo-de-giorgi-tercer-clasificado-ademas-la-escuela-de-ajedrez-de-alcazar-se-proclama-campeona-por-equipos-cadete\/"},"modified":"2025-11-20T10:56:05","modified_gmt":"2025-11-20T10:56:05","slug":"carlos-alvarez-campeon-del-escolar-cadete-de-ciudad-real-y-leo-de-giorgi-tercer-clasificado-ademas-la-escuela-de-ajedrez-de-alcazar-se-proclama-campeona-por-equipos-cadete","status":"publish","type":"post","link":"https:\/\/www.bfv.cloud\/ajedrezeuropa\/carlos-alvarez-campeon-del-escolar-cadete-de-ciudad-real-y-leo-de-giorgi-tercer-clasificado-ademas-la-escuela-de-ajedrez-de-alcazar-se-proclama-campeona-por-equipos-cadete\/","title":{"rendered":"CARLOS \u00c1LVAREZ, CAMPE\u00d3N DEL ESCOLAR CADETE DE CIUDAD REAL Y LEO DE GIORGI, TERCER CLASIFICADO. ADEM\u00c1S, LA ESCUELA DE AJEDREZ DE ALC\u00c1ZAR SE PROCLAMA CAMPEONA POR EQUIPOS CADETE."},"content":{"rendered":"<p>\ufeff\ufeff\ufeff <\/p>\n<table align=\"center\" cellpadding=\"0\" cellspacing=\"0\" class=\"tr-caption-container\" style=\"margin-left: auto;margin-right: auto;text-align: center\">\n<tbody>\n<tr>\n<td style=\"text-align: center\"><a href=\"https:\/\/www.bfv.cloud\/ajedrezeuropa\/wp-content\/uploads\/2012\/02\/EscolarCiudadReal2012018.jpg\" style=\"margin-left: auto;margin-right: auto\"><img fetchpriority=\"high\" decoding=\"async\" border=\"0\" height=\"300\" src=\"https:\/\/blogger.googleusercontent.com\/img\/b\/R29vZ2xl\/AVvXsEjFCniLlD_6QFk-3vknlGRSGxxx5azd9mIZ6Gc85RV5a5H2vBBrHBQd3o3MD0pel2JC4qh28jhKkbe2pzPoS1LuJPL6lNsjTaxruoyRkUd9QB_wWS3VOE_wKqkoUay7WiRtO6BApWiU20M\/s400\/Escolar+Ciudad+Real+2012+018.jpg\" width=\"400\" \/><\/a><\/td>\n<\/tr>\n<tr>\n<td class=\"tr-caption\" style=\"text-align: center\">Carlos \u00c1lvarez, Leo de Giorgi y Fernando Marcos-Alberca<br \/>\nrecogiendo el premio que les acredita como<br \/>\nCAMPEONES POR EQUIPOS DE CIUDAD REAL 2012<br \/>\nEN CATEGOR\u00cdA CADETE<\/td>\n<\/tr>\n<\/tbody>\n<\/table>\n<p>\ufeff\ufeff\ufeff &nbsp;<strong><span style=\", serif\">El Campeonato del Deporte en Edad Escolar de Ciudad Real ha finalizado despu\u00e9s de 4 domingos de competici\u00f3n. Con 2 t\u00edtulos de campeones provinciales en la categor\u00eda cadete, el individual conseguido por Carlos \u00c1lvarez y el de por equipos, m\u00e1s la 3\u00aa plaza de Leo de Giorgi, el balance que cabe hacer es inmejorable. Si a esto a\u00f1adimos la 8\u00aa posici\u00f3n de Javier Valdepe\u00f1as en el Infantil y el importante crecimiento en la participaci\u00f3n de ni\u00f1os y ni\u00f1as menores de 12 a\u00f1os pertenecientes a nuestra escuela alcazare\u00f1a, sumaremos el mejor resultado logrado en todos los a\u00f1os de celebraci\u00f3n de esta fase provincial. A continuaci\u00f3n detallamos los resultados de todos nuestros jugadores y jugadoras:<\/span><\/strong><\/p>\n<div align=\"center\"><span style=\"color: blue\"><span style=\"font-size: large\"><strong><span style=\"font-family: Georgia\">Escolar Cadete<\/span><\/strong>\ufeff<\/span><\/span><\/div>\n<div align=\"center\"><u><span style=\"font-family: Verdana, sans-serif\">(clasificaci\u00f3n final individual tras 6 rondas)<\/span><\/u><\/div>\n<div align=\"center\"><strong><span style=\"color: blue;font-family: Verdana\">1\u00ba.- Carlos \u00c1lvarez Serrano, 5 puntos.<\/span><\/strong><\/div>\n<div align=\"center\"><strong><span style=\"color: blue;font-family: Verdana\">3\u00ba.- Leonardo de Giorgi Benavent, 4 puntos.<\/span><\/strong><\/div>\n<div align=\"center\"><strong><span style=\"color: blue;font-family: Verdana\">12\u00ba.- Fernando Marcos-Alberca Lizcano, 2,5 puntos.<\/span><\/strong><\/div>\n<div align=\"center\"><strong><span style=\"color: blue;font-family: Verdana\">15\u00ba.- Mario Rubio Alberca, 2 puntos.<\/span><\/strong><\/div>\n<div align=\"center\">\n<\/div>\n<div align=\"center\"><span style=\"color: black;font-family: Verdana\"><u>(clasificaci\u00f3n final por equipos)<\/u><\/span><\/div>\n<div align=\"center\"><span style=\"color: blue;font-family: Verdana\"><strong>1\u00ba.- EDM Ajedrez Alc\u00e1zar de San Juan, 9 puntos.<\/strong><\/span><\/div>\n<div align=\"center\">\n<\/div>\n<div align=\"center\"><span style=\"color: blue;font-family: Verdana;font-size: large\"><strong>Escolar Infantil<\/strong><\/span><\/div>\n<div align=\"center\"><u><span style=\"color: black;font-family: Verdana\">(clasificaci\u00f3n final individual tras 8 rondas)<\/span><\/u><\/div>\n<div align=\"center\"><strong><span style=\"color: blue;font-family: Verdana\">8\u00ba.- Javier Valdepe\u00f1as Octavio, 6 puntos.<\/span><\/strong><\/div>\n<div align=\"center\"><strong><span style=\"color: blue;font-family: Verdana\">28\u00ba.- Samuel Ortiz S\u00e1nchez, 5 puntos.<\/span><\/strong><\/div>\n<div align=\"center\"><strong><span style=\"color: blue;font-family: Verdana\">51\u00ba.- Enrique Velasco Aragon\u00e9s, 4 puntos.<\/span><\/strong><\/div>\n<div align=\"center\"><strong><span style=\"color: blue;font-family: Verdana\">55\u00ba.- Julio M\u00e9rida Ortiz, 3,5 puntos.<\/span><\/strong><\/div>\n<div align=\"center\"><strong><span style=\"color: blue;font-family: Verdana\">56\u00ba.- Alejandro de Bruguera Bello, 3,5 puntos.<\/span><\/strong><\/div>\n<div align=\"center\"><strong><span style=\"color: blue;font-family: Verdana\">63\u00ba.- Pablo Vela Adri\u00e1n, 3,5 puntos.<\/span><\/strong><\/div>\n<div align=\"center\"><strong><span style=\"color: blue;font-family: Verdana\">71\u00ba.- Arturo Mate Mart\u00edn, 3 puntos.<\/span><\/strong><\/div>\n<div align=\"center\"><strong><span style=\"color: blue;font-family: Verdana\">75\u00ba.- Julia Meza Osorio, 3 puntos.<\/span><\/strong><\/div>\n<div align=\"center\"><strong><span style=\"color: blue;font-family: Verdana\">78\u00ba.- Isabel Marcos-Alberca Lizcano, 3 puntos.<\/span><\/strong><\/div>\n<div align=\"center\">\n<\/div>\n<div align=\"center\"><u><span style=\"color: black;font-family: Verdana\">(clasificaci\u00f3n final por equipos)<\/span><\/u><\/div>\n<div align=\"center\"><strong><span style=\"color: blue;font-family: Verdana\">5\u00ba.- EDM Ajedrez Alc\u00e1zar de San Juan, 15 puntos.<\/span><\/strong>\ufeff \ufeff\ufeff<\/div>\n<div align=\"center\"><\/div>\n<table cellpadding=\"0\" cellspacing=\"0\" class=\"tr-caption-container\" style=\"margin-left: auto;margin-right: auto;text-align: center\">\n<tbody>\n<tr>\n<td style=\"text-align: center\"><a href=\"https:\/\/www.bfv.cloud\/ajedrezeuropa\/wp-content\/uploads\/2012\/02\/EscolarCiudadReal2012021.jpg\" style=\"clear: left;margin-bottom: 1em;margin-left: auto;margin-right: auto\"><img decoding=\"async\" border=\"0\" height=\"300\" src=\"https:\/\/blogger.googleusercontent.com\/img\/b\/R29vZ2xl\/AVvXsEgIGZH-FMcD2FCaF3ASMaswZZBLw2KD2PCRI3U6hVArzn8xyG_nYKL_Jw5QPWSgLUo50-bXyt97nysqsPfZgDIkwW-7vFTKAdtqbxdOTIFl5KZFoPhS-gAHby5c59tEBZi2GW-uphMLZbY\/s400\/Escolar+Ciudad+Real+2012+021.jpg\" width=\"400\" \/><\/a><\/td>\n<\/tr>\n<tr>\n<td class=\"tr-caption\" style=\"text-align: center\">Todos los chicos y chicas de nuestra escuela de Alc\u00e1zar que <br \/>\nhan participado en este Escolar<\/td>\n<\/tr>\n<\/tbody>\n<\/table>\n<p><\/p>\n<div align=\"center\">&nbsp;<strong><u><span style=\"font-family: Verdana;font-size: large\">Campeonato Escolar y por Edades de Toledo<\/span><\/u><\/strong><\/div>\n<div align=\"center\"><\/div>\n<table cellpadding=\"0\" cellspacing=\"0\" class=\"tr-caption-container\" style=\"float: left;margin-right: 1em;text-align: left\">\n<tbody>\n<tr>\n<td style=\"text-align: center\"><a href=\"https:\/\/www.bfv.cloud\/ajedrezeuropa\/wp-content\/uploads\/2012\/02\/EscolarToledo2012018.jpg\" style=\"clear: left;margin-bottom: 1em;margin-left: auto;margin-right: auto\"><img decoding=\"async\" border=\"0\" height=\"240\" src=\"https:\/\/blogger.googleusercontent.com\/img\/b\/R29vZ2xl\/AVvXsEj0fK8cF67oeH_dHhJBl6bZpyr4gJN9b_49-eqftr1oHtL0OFBZotRl37TjFKfrhXrjNo3RqTIyyAY9gic8NTWMMBfnJ-TE8WkdC13kC9L0qEHuorS0TbTxhys0yYJLft-G3yIfk9Q_p7Q\/s320\/Escolar+Toledo+2012+018.jpg\" width=\"320\" \/><\/a><\/td>\n<\/tr>\n<tr>\n<td class=\"tr-caption\" style=\"text-align: center\">Ra\u00fal D\u00edaz afrontar\u00e1 la 8\u00aa y \u00faltima ronda del Escolar<br \/>\nInfantil de Toledo con 5 puntos<\/td>\n<\/tr>\n<\/tbody>\n<\/table>\n<p><\/p>\n<div style=\"text-align: left\"><strong><span style=\"font-family: Verdana\">Tambi\u00e9n Mocej\u00f3n acogi\u00f3 la pen\u00faltima jornada del Escolar de Toledo, dejando todas las posibilidades de clasificaci\u00f3n abiertas para la ronda final que se celebrar\u00e1 el pr\u00f3ximo s\u00e1bado 11 de febrero. Tan s\u00f3lo el provincial sub-18 est\u00e1 asegurado para uno de nuestros jugadores, mientras en la categor\u00eda cadete nuestros 2 jugadores, Jes\u00fas Mar\u00eda Bricio e Isaac Lozano, a\u00fan mantienen buenas opciones para su pase a la fase regional. Aunque es el Infantil el que se encuentra mucho m\u00e1s abierto despu\u00e9s de disputarse la 6\u00aa y 7\u00aa rondas. Como en otras ocasiones os dejamos los enlaces para que pod\u00e1is seguir los resultados&nbsp;cuando sean publicados en la p\u00e1gina de chess-results:<\/span><\/strong><\/div>\n<div style=\"text-align: center\">\n<\/div>\n<div style=\"text-align: center\"><a href=\"http:\/\/chess-results.com\/tnr64493.aspx?art=2&amp;rd=5&amp;lan=2\"><span style=\"color: purple;font-size: large\">Provincial sub-18 Toledo<\/span><\/a><\/div>\n<div style=\"text-align: center\"><a href=\"http:\/\/chess-results.com\/tnr63816.aspx?art=2&amp;rd=6&amp;lan=2\"><span style=\"color: purple;font-size: large\">Escolar Cadete Toledo<\/span><\/a><\/div>\n<div style=\"text-align: center\"><a href=\"http:\/\/chess-results.com\/tnr64092.aspx?art=2&amp;rd=8&amp;lan=2\"><span style=\"color: purple;font-size: large\">Escolar Infantil Toledo<\/span><\/a><\/div>\n<div style=\"text-align: center\">\ufeff<\/div>\n<p><\/p>\n<table align=\"center\" cellpadding=\"0\" cellspacing=\"0\" class=\"tr-caption-container\" style=\"margin-left: auto;margin-right: auto;text-align: center\">\n<tbody>\n<tr>\n<td style=\"text-align: center\"><a href=\"https:\/\/www.bfv.cloud\/ajedrezeuropa\/wp-content\/uploads\/2012\/02\/EscolarToledo2012036.jpg\" style=\"margin-left: auto;margin-right: auto\"><img loading=\"lazy\" decoding=\"async\" border=\"0\" height=\"400\" src=\"https:\/\/blogger.googleusercontent.com\/img\/b\/R29vZ2xl\/AVvXsEhFIDJiLDux_O6DDajrMhoN2HRxWXMt8BqSN7OhQBLbynlOcDNPM02yoM7y6g4HPUbAjXmLa_Q0I6gMXzNt02L5qRF-LeQi29BseyMcB_Tz-LW-nVS9x2Vb939tOJLGeEJ9G9hnm3YKrA8\/s400\/Escolar+Toledo+2012+036.jpg\" width=\"300\" \/><\/a><\/td>\n<\/tr>\n<tr>\n<td class=\"tr-caption\" style=\"text-align: center\">Foto de la&nbsp;sala del&nbsp;sub-18 de la Casa de la Cultura<br \/>\nde Mocej\u00f3n<\/td>\n<\/tr>\n<\/tbody>\n<\/table>\n","protected":false},"excerpt":{"rendered":"<p>\ufeff\ufeff\ufeff Carlos \u00c1lvarez, Leo de Giorgi y Fernando Marcos-Alberca recogiendo el premio que les acredita como CAMPEONES POR EQUIPOS DE CIUDAD REAL 2012 EN CATEGOR\u00cdA CADETE \ufeff\ufeff\ufeff &nbsp;El Campeonato del Deporte en Edad Escolar de Ciudad Real ha finalizado despu\u00e9s de 4 domingos de competici\u00f3n. Con 2 t\u00edtulos de campeones provinciales en la categor\u00eda cadete, [&hellip;]<\/p>\n","protected":false},"author":1,"featured_media":3072,"comment_status":"open","ping_status":"closed","sticky":false,"template":"","format":"standard","meta":{"footnotes":""},"categories":[1],"tags":[],"class_list":["post-3071","post","type-post","status-publish","format-standard","has-post-thumbnail","hentry","category-noticias"],"_links":{"self":[{"href":"https:\/\/www.bfv.cloud\/ajedrezeuropa\/wp-json\/wp\/v2\/posts\/3071","targetHints":{"allow":["GET"]}}],"collection":[{"href":"https:\/\/www.bfv.cloud\/ajedrezeuropa\/wp-json\/wp\/v2\/posts"}],"about":[{"href":"https:\/\/www.bfv.cloud\/ajedrezeuropa\/wp-json\/wp\/v2\/types\/post"}],"author":[{"embeddable":true,"href":"https:\/\/www.bfv.cloud\/ajedrezeuropa\/wp-json\/wp\/v2\/users\/1"}],"replies":[{"embeddable":true,"href":"https:\/\/www.bfv.cloud\/ajedrezeuropa\/wp-json\/wp\/v2\/comments?post=3071"}],"version-history":[{"count":1,"href":"https:\/\/www.bfv.cloud\/ajedrezeuropa\/wp-json\/wp\/v2\/posts\/3071\/revisions"}],"predecessor-version":[{"id":3076,"href":"https:\/\/www.bfv.cloud\/ajedrezeuropa\/wp-json\/wp\/v2\/posts\/3071\/revisions\/3076"}],"wp:featuredmedia":[{"embeddable":true,"href":"https:\/\/www.bfv.cloud\/ajedrezeuropa\/wp-json\/wp\/v2\/media\/3072"}],"wp:attachment":[{"href":"https:\/\/www.bfv.cloud\/ajedrezeuropa\/wp-json\/wp\/v2\/media?parent=3071"}],"wp:term":[{"taxonomy":"category","embeddable":true,"href":"https:\/\/www.bfv.cloud\/ajedrezeuropa\/wp-json\/wp\/v2\/categories?post=3071"},{"taxonomy":"post_tag","embeddable":true,"href":"https:\/\/www.bfv.cloud\/ajedrezeuropa\/wp-json\/wp\/v2\/tags?post=3071"}],"curies":[{"name":"wp","href":"https:\/\/api.w.org\/{rel}","templated":true}]}}