{"id":3090,"date":"2016-01-06T00:00:00","date_gmt":"2016-01-06T00:00:00","guid":{"rendered":"https:\/\/www.bfv.cloud\/ajedrezeuropa\/index.php\/2016\/01\/06\/la-11a-edicion-del-torneo-por-la-igualdad-rozo-el-medio-centenar-de-participantes\/"},"modified":"2025-11-20T10:56:33","modified_gmt":"2025-11-20T10:56:33","slug":"la-11a-edicion-del-torneo-por-la-igualdad-rozo-el-medio-centenar-de-participantes","status":"publish","type":"post","link":"https:\/\/www.bfv.cloud\/ajedrezeuropa\/la-11a-edicion-del-torneo-por-la-igualdad-rozo-el-medio-centenar-de-participantes\/","title":{"rendered":"LA 11\u00aa EDICI\u00d3N DEL TORNEO POR LA IGUALDAD ROZ\u00d3 EL MEDIO CENTENAR DE PARTICIPANTES"},"content":{"rendered":"<table align=\"center\" cellpadding=\"0\" cellspacing=\"0\" class=\"tr-caption-container\" style=\"float: left;margin-right: 1em;text-align: left\">\n<tbody>\n<tr>\n<td style=\"text-align: center\"><a href=\"https:\/\/www.bfv.cloud\/ajedrezeuropa\/wp-content\/uploads\/2016\/01\/SAM_2424.jpg\" style=\"margin-left: auto;margin-right: auto\"><img fetchpriority=\"high\" decoding=\"async\" border=\"0\" height=\"300\" src=\"https:\/\/blogger.googleusercontent.com\/img\/b\/R29vZ2xl\/AVvXsEgqxZMFmqD9pMWbXByJLxvcNoJ0rii-5Da2QipU26zjYv4DApPl4QNTdbiEN4y-JUqIPhnCAglt0x5p04gcM4n3wXdiU_hF0uXNXkjRK091KvtO3nTJfoFkIlfyAf5MQN_Fvem3-nVNK50\/s400\/SAM_2424.JPG\" width=\"400\" \/><\/a><\/td>\n<\/tr>\n<tr>\n<td class=\"tr-caption\" style=\"text-align: center\">Una imagen de la sala de juego al comienzo del torneo<\/td>\n<\/tr>\n<\/tbody>\n<\/table>\n<p><span style=\"font-family: Helvetica Neue, Arial, Helvetica, sans-serif\"><b>Como es tradicional en estas fechas, el pasado domingo 3 de enero se celebr\u00f3 en Villafranca de los Caballeros el torneo \u00abAJEDREZ POR LA IGUALDAD\u00bb. En esta ocasi\u00f3n 46 jugadores llegados de las provincias de Toledo y Ciudad Real midieron sus capacidades ajedrec\u00edsticas sobre el tablero en partidas de 20 minutos de duraci\u00f3n para cada contendiente. Javier Valdepe\u00f1as Octavio fue el \u00fanico que concluy\u00f3 con los 5 puntos posibles, proclam\u00e1ndose campe\u00f3n de<\/b><\/span><\/p>\n<table cellpadding=\"0\" cellspacing=\"0\" class=\"tr-caption-container\" style=\"float: right;margin-left: 1em;text-align: right\">\n<tbody>\n<tr>\n<td style=\"text-align: center\"><a href=\"https:\/\/www.bfv.cloud\/ajedrezeuropa\/wp-content\/uploads\/2016\/01\/SAM_2469.jpg\" style=\"clear: right;margin-bottom: 1em;margin-left: auto;margin-right: auto\"><img decoding=\"async\" border=\"0\" height=\"191\" src=\"https:\/\/blogger.googleusercontent.com\/img\/b\/R29vZ2xl\/AVvXsEgmF6WbyfRsbOVh25UldxFJowSblBmSHdBUGhd0Klg8n7AinovAePxMhFEAA7rD0a5-y_ALhSmtFS1iEu4AGzT7TutTbAl4kw4HKMrujU9zglDBJVyxAaRdNbSQT65rFpA7WgHdoT3zuO0\/s320\/SAM_2469.JPG\" width=\"320\" \/><\/a><\/td>\n<\/tr>\n<tr>\n<td class=\"tr-caption\" style=\"text-align: center\">Los m\u00e1s peque\u00f1os ante su primera experiencia en la<br \/>\ncompetici\u00f3n<\/td>\n<\/tr>\n<\/tbody>\n<\/table>\n<p><span style=\"font-family: Helvetica Neue, Arial, Helvetica, sans-serif\"><b>esta decimoprimera edici\u00f3n, seguido a tan solo medio punto de distancia por el talaverano Daniel P\u00e9rez Gonz\u00e1lez. La gran respuesta de los alumnos de las escuelas de ajedrez de Alc\u00e1zar y Villafranca, 37 en total, elev\u00f3 el n\u00famero de participantes hasta una cifra pocas veces alcanzada. Otro dato interesante es el de los 17 chicos y chicas de la categor\u00eda sub-12 que compartieron partidas con el resto de sus compa\u00f1eros y aficionados.<\/b><\/span><\/p>\n<table cellpadding=\"0\" cellspacing=\"0\" class=\"tr-caption-container\" style=\"float: left;margin-right: 1em;text-align: left\">\n<tbody>\n<tr>\n<td style=\"text-align: center\"><a href=\"https:\/\/www.bfv.cloud\/ajedrezeuropa\/wp-content\/uploads\/2016\/01\/SAM_2451.jpg\" style=\"clear: left;margin-bottom: 1em;margin-left: auto;margin-right: auto\"><img decoding=\"async\" border=\"0\" height=\"205\" src=\"https:\/\/blogger.googleusercontent.com\/img\/b\/R29vZ2xl\/AVvXsEgjvHKbxVTB-txpA7pfhSP1D0s8y6iWq234eutqDLwHXcuqFTdLv4MOQb243SO2IxnaEU_OMg5oXWlgmY0FDM6jp6jpCdfXDGovcfGVpCpkQ8y2l8VCVxyM7AXIQVqYD4jEl_FLghbJnTM\/s400\/SAM_2451.JPG\" width=\"400\" \/><\/a><\/td>\n<\/tr>\n<tr>\n<td class=\"tr-caption\" style=\"text-align: center\">Los trofeos del torneo son obra de los prestigiosos Hermanos Pe\u00f1o<\/td>\n<\/tr>\n<\/tbody>\n<\/table>\n<p><span style=\"font-family: Helvetica Neue, Arial, Helvetica, sans-serif\"><b><br \/><\/b><\/span><br \/>\n<span style=\"font-family: Helvetica Neue, Arial, Helvetica, sans-serif\"><b>Debido a los a\u00f1os de labor en pro de la inserci\u00f3n de las chicas en el ajedrez, tambi\u00e9n es relevante tener en cuenta la progresi\u00f3n en la presencia femenina. Por tanto, valoramos muy positivamente la cifra de 9 jugadoras, y m\u00e1s si cabe cuando todas ellas est\u00e1n vinculadas con nuestro proyecto.<\/b><\/span><\/p>\n<table cellpadding=\"0\" cellspacing=\"0\" class=\"tr-caption-container\" style=\"float: right;margin-left: 1em;text-align: right\">\n<tbody>\n<tr>\n<td style=\"text-align: center\"><a href=\"https:\/\/www.bfv.cloud\/ajedrezeuropa\/wp-content\/uploads\/2016\/01\/SAM_2482.jpg\" style=\"clear: right;margin-bottom: 1em;margin-left: auto;margin-right: auto\"><img loading=\"lazy\" decoding=\"async\" border=\"0\" height=\"185\" src=\"https:\/\/blogger.googleusercontent.com\/img\/b\/R29vZ2xl\/AVvXsEgO_L7WUmG-Iyh0iQpHjWj-1kRxJOLi5ipy2dzI__sRfu3Hq9bhu7DUmex8OlREf5nwgFznVBAwJgeFDVigV5aYLTqRhgcW7jsfVVXU58zAO5iBtmFr-XcdzShwy-0IajSjkfjW6eqfRTc\/s320\/SAM_2482.JPG\" width=\"320\" \/><\/a><\/td>\n<\/tr>\n<tr>\n<td class=\"tr-caption\" style=\"text-align: center\">Javier Valdepe\u00f1as recoge su premio de campe\u00f3n de<br \/>\nlas manos de Emilio Alberca, concejal de deportes<\/td>\n<\/tr>\n<\/tbody>\n<\/table>\n<p><\/p>\n<table cellpadding=\"0\" cellspacing=\"0\" class=\"tr-caption-container\" style=\"float: left;margin-right: 1em;text-align: left\">\n<tbody>\n<tr>\n<td style=\"text-align: center\"><a href=\"https:\/\/www.bfv.cloud\/ajedrezeuropa\/wp-content\/uploads\/2016\/01\/SAM_2480.jpg\" style=\"clear: left;margin-bottom: 1em;margin-left: auto;margin-right: auto\"><img loading=\"lazy\" decoding=\"async\" border=\"0\" height=\"195\" src=\"https:\/\/blogger.googleusercontent.com\/img\/b\/R29vZ2xl\/AVvXsEgsE5IqJKEwz4xEXZwqhdp7LfkrLw748lxdUrqBoVjuXtFJ0wgwNKrnMV41WNORQLf0HqmWforwaVVVa-V6pvw8MW8kry49SNPthrM8FQUCG1oKEL32CQce-rbPLHE8OPByf9Wq8Wpmqt0\/s320\/SAM_2480.JPG\" width=\"320\" \/><\/a><\/td>\n<\/tr>\n<tr>\n<td class=\"tr-caption\" style=\"text-align: center\">La campeona femenina del torneo, Silvia Toribio, ocup\u00f3 la<br \/>\n8\u00aa posici\u00f3n en la clasificaci\u00f3n general&nbsp;<\/td>\n<\/tr>\n<\/tbody>\n<\/table>\n<p><span style=\"font-family: Helvetica Neue, Arial, Helvetica, sans-serif\"><b><br \/><\/b><\/span><br \/>\n<span style=\"font-family: Helvetica Neue, Arial, Helvetica, sans-serif\"><b>Agradecemos a todas las madres y padres su colaboraci\u00f3n y presencia durante todo el torneo. Del mismo modo, destacamos el apoyo de los responsables del ayuntamiento de Villafranca: Juli\u00e1n Bola\u00f1os, alcalde, y Emilio Alberca, concejal de deportes, con quien compartimos la totalidad de la \u00faltima ronda y la entrega de los 8 trofeos con los que se premia a los dos primeros clasificados de cada categor\u00eda.<\/b><\/span><br \/>\n<span style=\"font-family: Helvetica Neue, Arial, Helvetica, sans-serif\"><b>Otra visita destacada, mucho m\u00e1s por lo nada habitual que ha sido en los \u00faltimos 10 a\u00f1os, fue la del actual delegado en Toledo de la FACLM, Juan Jos\u00e9 Sobrino. En un momento, al comienzo de una de las rondas, Juan Jos\u00e9 Sobrino, hizo entrega del 3er. premio de la categor\u00eda alev\u00edn del Circuito Provincial de Toledo 2015 a nuestro joven jugador: Alfredo Amador And\u00fajar.<\/b><\/span><\/p>\n<table cellpadding=\"0\" cellspacing=\"0\" class=\"tr-caption-container\" style=\"float: right;margin-left: 1em;text-align: right\">\n<tbody>\n<tr>\n<td style=\"text-align: center\"><a href=\"https:\/\/www.bfv.cloud\/ajedrezeuropa\/wp-content\/uploads\/2016\/01\/SAM_2457.jpg\" style=\"clear: right;margin-bottom: 1em;margin-left: auto;margin-right: auto\"><img loading=\"lazy\" decoding=\"async\" border=\"0\" height=\"312\" src=\"https:\/\/blogger.googleusercontent.com\/img\/b\/R29vZ2xl\/AVvXsEhs3Dg2IvtI9Y-FxIx-RTboAr_zDPnBRYusncONqzj1OwykUaf1KsonsTjFbClTfAbBlPA8B47O_KaAPlHv4PtIqa1_Lt2qWv8JEs5zhIn8LO-XbXeRM3J1IlyjH9Qa9ST-dtLeOKiyyyw\/s320\/SAM_2457.JPG\" width=\"320\" \/><\/a><\/td>\n<\/tr>\n<tr>\n<td class=\"tr-caption\" style=\"text-align: center\">Por primera vez en las once ediciones celebradas del torneo<br \/>\nde \u00abLa Igualdad\u00bb recibimos la visita del delegado de la<br \/>\nFACLM en Toledo. <br \/>\nEn la foto, Juan Jos\u00e9 Sobrino, nuevo delegado de Toledo,<br \/>\nentrega el 3er. premio Alev\u00edn del <br \/>\nCircuito Provincial a nuestro jugador, Alfredo Amador<\/td>\n<\/tr>\n<\/tbody>\n<\/table>\n<p><span style=\"font-family: Helvetica Neue, Arial, Helvetica, sans-serif\"><b>Aunque por cuestiones de planificaci\u00f3n y entrenamiento de los torneos por equipos de finales de 2015 nuestros jugadores dejaron de participar en los \u00faltimos torneos del circuito, es un hecho que muchos de ellos ten\u00edan grandes posibilidades de haberse situado entre los mejores de sus categor\u00edas, como ha sido el caso de Alfredo.<\/b><\/span><\/p>\n<table cellpadding=\"0\" cellspacing=\"0\" class=\"tr-caption-container\" style=\"float: left;margin-right: 1em;text-align: left\">\n<tbody>\n<tr>\n<td style=\"text-align: center\"><a href=\"https:\/\/www.bfv.cloud\/ajedrezeuropa\/wp-content\/uploads\/2016\/01\/SAM_2481.jpg\" style=\"clear: left;margin-bottom: 1em;margin-left: auto;margin-right: auto\"><img loading=\"lazy\" decoding=\"async\" border=\"0\" height=\"185\" src=\"https:\/\/blogger.googleusercontent.com\/img\/b\/R29vZ2xl\/AVvXsEi_DFCtSLEgUEDeM4XAPq3YthiQvO1pwh111QFIYxz6hah3atbz-AHbmVw5_81EZpme_ErUuHWsjPXhBVDzRGPbGmdswBrP9Vv0Gc6DF8O2g13dNYAkZPMnbwgbAu5h-2EpqSuvE3Lztrc\/s320\/SAM_2481.JPG\" width=\"320\" \/><\/a><\/td>\n<\/tr>\n<tr>\n<td class=\"tr-caption\" style=\"text-align: center\">El talaverano Daniel P\u00e9rez realiz\u00f3 un magn\u00edfico torneo<br \/>\nlogrando la 2\u00aa plaza&nbsp;<\/td>\n<\/tr>\n<\/tbody>\n<\/table>\n<p><\/p>\n<table cellpadding=\"0\" cellspacing=\"0\" class=\"tr-caption-container\" style=\"float: right;margin-left: 1em;text-align: right\">\n<tbody>\n<tr>\n<td style=\"text-align: center\"><a href=\"https:\/\/www.bfv.cloud\/ajedrezeuropa\/wp-content\/uploads\/2016\/01\/SAM_2479.jpg\" style=\"clear: left;margin-bottom: 1em;margin-left: auto;margin-right: auto\"><img loading=\"lazy\" decoding=\"async\" border=\"0\" height=\"197\" src=\"https:\/\/blogger.googleusercontent.com\/img\/b\/R29vZ2xl\/AVvXsEgX8KVgnOtn_QJq7LaiR4Zsz0RhHyg6xyvZxvzHktDM7abHKadkD6Wey6a0ylmNM_umIYVOVYTO3dFnbMB9ixZNtIQn2ls3KJbF1S0BzLWvi5FMTjnheJFLR0TiafOwKziputg7wIvWTfc\/s200\/SAM_2479.JPG\" width=\"200\" \/><\/a><\/td>\n<\/tr>\n<tr>\n<td class=\"tr-caption\" style=\"text-align: center\">El alcalde de Villafranca. Juli\u00e1n Bola\u00f1os, <br \/>le entrega el<br \/>trofeo de 2\u00ba clasificada femenina a Irene Sim\u00f3n<\/td>\n<\/tr>\n<\/tbody>\n<\/table>\n<p><\/p>\n<div class=\"separator\" style=\"clear: both;text-align: center\">\n<table cellpadding=\"0\" cellspacing=\"0\" class=\"tr-caption-container\" style=\"float: right;margin-left: 1em;text-align: right\">\n<tbody>\n<tr>\n<td style=\"text-align: center\"><a href=\"https:\/\/www.bfv.cloud\/ajedrezeuropa\/wp-content\/uploads\/2016\/01\/SAM_2476.jpg\" style=\"clear: right;margin-bottom: 1em;margin-left: auto;margin-right: auto\"><img loading=\"lazy\" decoding=\"async\" border=\"0\" height=\"150\" src=\"https:\/\/blogger.googleusercontent.com\/img\/b\/R29vZ2xl\/AVvXsEg4RrD64Fu8dk5R5YYC2bEK03HMN9dgd7KkSXwhe0nTX8SOe07D4Jb9Tm6INyAx0t5-xeuanXIFOCEbJrqoReNT16j8rtJr1KGpqiptNCFTKM9OACk5g5tEmgCRXGCG9ApkoL791XeZTvE\/s200\/SAM_2476.JPG\" width=\"200\" \/><\/a><\/td>\n<\/tr>\n<tr>\n<td class=\"tr-caption\" style=\"text-align: center\">La categor\u00eda sub-12 femenina<br \/>&nbsp;fue ganada por<br \/>Nuria Lozano<\/td>\n<\/tr>\n<\/tbody>\n<\/table>\n<table align=\"center\" cellpadding=\"0\" cellspacing=\"0\" class=\"tr-caption-container\" style=\"float: left;margin-right: 1em;text-align: left\">\n<tbody>\n<tr>\n<td style=\"text-align: center\"><a href=\"https:\/\/www.bfv.cloud\/ajedrezeuropa\/wp-content\/uploads\/2016\/01\/SAM_2475.jpg\" style=\"clear: right;margin-bottom: 1em;margin-left: auto;margin-right: auto\"><img loading=\"lazy\" decoding=\"async\" border=\"0\" height=\"150\" src=\"https:\/\/blogger.googleusercontent.com\/img\/b\/R29vZ2xl\/AVvXsEj3An_HszL9muwyc2AT6CleMmJF5xumZfC1p2no_IaBotd9AvUQlYHERpegemBXXUFObuAwSz-yhwbQe9_NLduK1aaG_dCWBiUgshwe0WwfHw8srfcX094R28oIIXeqcW0EXgskg93EYoQ\/s200\/SAM_2475.JPG\" width=\"200\" \/><\/a><\/td>\n<\/tr>\n<tr>\n<td class=\"tr-caption\" style=\"text-align: center\">El subcampeonato sub-12 femenino <br \/>correspondi\u00f3 a<br \/>Roc\u00edo Arias<\/td>\n<\/tr>\n<\/tbody>\n<\/table>\n<\/div>\n<table cellpadding=\"0\" cellspacing=\"0\" class=\"tr-caption-container\" style=\"float: left;margin-right: 1em;text-align: left\">\n<tbody>\n<tr>\n<td style=\"text-align: center\"><a href=\"https:\/\/www.bfv.cloud\/ajedrezeuropa\/wp-content\/uploads\/2016\/01\/SAM_2478.jpg\" style=\"clear: left;margin-bottom: 1em;margin-left: auto;margin-right: auto\"><img loading=\"lazy\" decoding=\"async\" border=\"0\" height=\"150\" src=\"https:\/\/blogger.googleusercontent.com\/img\/b\/R29vZ2xl\/AVvXsEiBXhSP_v-kHmehOtmiJBRSdrIyiBK6AniY78HDgJJL-LF1KW6In7kpZddiR5eW2rxwSvdA8rj1y8WaESPZ9OWeYkxn8XqH7IU5NnMyLEdJ_Ps_PD2Lvysjb8jv4nh7rCLV8KPmSVJAuGc\/s200\/SAM_2478.JPG\" width=\"200\" \/><\/a><\/td>\n<\/tr>\n<tr>\n<td class=\"tr-caption\" style=\"text-align: center\">En el sub-12 masculino el campe\u00f3n <br \/>fue Lauren Gallego<\/td>\n<\/tr>\n<\/tbody>\n<\/table>\n<p><\/p>\n<table cellpadding=\"0\" cellspacing=\"0\" class=\"tr-caption-container\" style=\"float: right;margin-left: 1em;text-align: right\">\n<tbody>\n<tr>\n<td style=\"text-align: center\"><a href=\"https:\/\/www.bfv.cloud\/ajedrezeuropa\/wp-content\/uploads\/2016\/01\/SAM_2477.jpg\" style=\"clear: left;margin-bottom: 1em;margin-left: auto;margin-right: auto\"><img loading=\"lazy\" decoding=\"async\" border=\"0\" height=\"150\" src=\"https:\/\/blogger.googleusercontent.com\/img\/b\/R29vZ2xl\/AVvXsEjtVMSuk74737hSaZ7PJOPzVv2axd2o96_gj_V2NOrQwzC49pBNCp-ziy8T3mt-YD1O4f1JqOC70gDgMqGlFWwBN441UZfx2n6j0m-QAThZEUf6enIJH0tuUEaV-zmy6LPzCFO_qS0lTPg\/s200\/SAM_2477.JPG\" width=\"200\" \/><\/a><\/td>\n<\/tr>\n<tr>\n<td class=\"tr-caption\" style=\"text-align: center\">Alonso L\u00f3pez, con su trofeo que <br \/>le acredita como<br \/>2\u00ba clasificado del sub-12<\/td>\n<\/tr>\n<\/tbody>\n<\/table>\n<p><\/p>\n","protected":false},"excerpt":{"rendered":"<p>Una imagen de la sala de juego al comienzo del torneo Como es tradicional en estas fechas, el pasado domingo 3 de enero se celebr\u00f3 en Villafranca de los Caballeros el torneo \u00abAJEDREZ POR LA IGUALDAD\u00bb. En esta ocasi\u00f3n 46 jugadores llegados de las provincias de Toledo y Ciudad Real midieron sus capacidades ajedrec\u00edsticas sobre [&hellip;]<\/p>\n","protected":false},"author":1,"featured_media":3091,"comment_status":"open","ping_status":"closed","sticky":false,"template":"","format":"standard","meta":{"footnotes":""},"categories":[1],"tags":[],"class_list":["post-3090","post","type-post","status-publish","format-standard","has-post-thumbnail","hentry","category-noticias"],"_links":{"self":[{"href":"https:\/\/www.bfv.cloud\/ajedrezeuropa\/wp-json\/wp\/v2\/posts\/3090","targetHints":{"allow":["GET"]}}],"collection":[{"href":"https:\/\/www.bfv.cloud\/ajedrezeuropa\/wp-json\/wp\/v2\/posts"}],"about":[{"href":"https:\/\/www.bfv.cloud\/ajedrezeuropa\/wp-json\/wp\/v2\/types\/post"}],"author":[{"embeddable":true,"href":"https:\/\/www.bfv.cloud\/ajedrezeuropa\/wp-json\/wp\/v2\/users\/1"}],"replies":[{"embeddable":true,"href":"https:\/\/www.bfv.cloud\/ajedrezeuropa\/wp-json\/wp\/v2\/comments?post=3090"}],"version-history":[{"count":1,"href":"https:\/\/www.bfv.cloud\/ajedrezeuropa\/wp-json\/wp\/v2\/posts\/3090\/revisions"}],"predecessor-version":[{"id":3103,"href":"https:\/\/www.bfv.cloud\/ajedrezeuropa\/wp-json\/wp\/v2\/posts\/3090\/revisions\/3103"}],"wp:featuredmedia":[{"embeddable":true,"href":"https:\/\/www.bfv.cloud\/ajedrezeuropa\/wp-json\/wp\/v2\/media\/3091"}],"wp:attachment":[{"href":"https:\/\/www.bfv.cloud\/ajedrezeuropa\/wp-json\/wp\/v2\/media?parent=3090"}],"wp:term":[{"taxonomy":"category","embeddable":true,"href":"https:\/\/www.bfv.cloud\/ajedrezeuropa\/wp-json\/wp\/v2\/categories?post=3090"},{"taxonomy":"post_tag","embeddable":true,"href":"https:\/\/www.bfv.cloud\/ajedrezeuropa\/wp-json\/wp\/v2\/tags?post=3090"}],"curies":[{"name":"wp","href":"https:\/\/api.w.org\/{rel}","templated":true}]}}