{"id":3104,"date":"2011-02-28T20:39:00","date_gmt":"2011-02-28T20:39:00","guid":{"rendered":"https:\/\/www.bfv.cloud\/ajedrezeuropa\/index.php\/2011\/02\/28\/nuestro-ajedrez-en-europa-de-alcazar-consigue-su-primer-campeon-en-ciudad-real\/"},"modified":"2025-11-20T10:56:37","modified_gmt":"2025-11-20T10:56:37","slug":"nuestro-ajedrez-en-europa-de-alcazar-consigue-su-primer-campeon-en-ciudad-real","status":"publish","type":"post","link":"https:\/\/www.bfv.cloud\/ajedrezeuropa\/nuestro-ajedrez-en-europa-de-alcazar-consigue-su-primer-campeon-en-ciudad-real\/","title":{"rendered":"NUESTRO AJEDREZ EN EUROPA DE ALC\u00c1ZAR CONSIGUE SU PRIMER CAMPE\u00d3N EN CIUDAD REAL"},"content":{"rendered":"<div style=\"border-bottom: medium none;border-left: medium none;border-right: medium none;border-top: medium none\">&nbsp; <\/div>\n<table align=\"center\" cellpadding=\"0\" cellspacing=\"0\" class=\"tr-caption-container\" style=\"margin-left: auto;margin-right: auto;text-align: center\">\n<tbody>\n<tr>\n<td style=\"text-align: center\"><a href=\"https:\/\/www.bfv.cloud\/ajedrezeuropa\/wp-content\/uploads\/2011\/02\/fotosprovincialciudadreal2011016.jpg\" style=\"margin-left: auto;margin-right: auto\"><img fetchpriority=\"high\" decoding=\"async\" border=\"0\" height=\"300\" src=\"https:\/\/blogger.googleusercontent.com\/img\/b\/R29vZ2xl\/AVvXsEiRMtbNsaqk5EUa1i4LNbWF0YkFrcCWgXVdhZYFyDN0K52BfZ9MKTQZLX81kKhT0GCsLDnVEhV2LxwqFERizZ9SIYXHQtvZcOBscTgwzp01_3qBUr4Ajtmce9Fpb42TgxUDRQDclXBvhG0\/s400\/fotos+provincial+ciudad+real+2011+016.jpg\" width=\"400\" \/><\/a><\/td>\n<\/tr>\n<tr>\n<td class=\"tr-caption\" style=\"text-align: center\">Cosimo de Giorgi Benavent, al comienzo de su \u00faltima partida<\/td>\n<\/tr>\n<\/tbody>\n<\/table>\n<p><\/p>\n<div class=\"separator\" style=\"border-bottom: medium none;border-left: medium none;border-right: medium none;border-top: medium none;clear: both;text-align: center\"><\/div>\n<table cellpadding=\"0\" cellspacing=\"0\" class=\"tr-caption-container\" style=\"float: right;margin-left: 1em;text-align: right\">\n<tbody>\n<tr>\n<td style=\"text-align: center\"><a href=\"https:\/\/www.bfv.cloud\/ajedrezeuropa\/wp-content\/uploads\/2011\/02\/fotosprovincialciudadreal2011027.jpg\" style=\"clear: right;margin-bottom: 1em;margin-left: auto;margin-right: auto\"><img decoding=\"async\" border=\"0\" height=\"300\" src=\"https:\/\/blogger.googleusercontent.com\/img\/b\/R29vZ2xl\/AVvXsEhJ9zLqffOTfZufqdcncLPr6FcE1VDylnc7XvWOYmUrt0c6TXhynjkNN6i87fTOqvyOMz2f1f3l6gX14HuI2cKP8lxHlh8SAnsaOKZTEykmfbKPGcfUyBJqSwk7kM1nBXXK4f4tslOw6ms\/s400\/fotos+provincial+ciudad+real+2011+027.jpg\" width=\"400\" \/><\/a><\/td>\n<\/tr>\n<tr>\n<td class=\"tr-caption\" style=\"text-align: center\">8 de los participantes en el Deporte en Edad Escolar de Ciudad Real<\/td>\n<\/tr>\n<\/tbody>\n<\/table>\n<p>\ufeff<\/p>\n<div style=\"border-bottom: medium none;border-left: medium none;border-right: medium none;border-top: medium none\"><span style=\", serif\"><strong>Cosimo de Giorgi Benavent se ha<\/strong><\/span><\/div>\n<div style=\"border-bottom: medium none;border-left: medium none;border-right: medium none;border-top: medium none\"><span style=\", serif\"><strong>proclamado campe\u00f3n provincial de Ciudad Real en la categor\u00eda infantil del Deporte en Edad Escolar tras realizar un excepcional torneo que le ha llevado a sumar 7,5 puntos de los 8 posibles. Nuestro jugador, de 13 a\u00f1os de edad, ha aventajado al segundo clasificado en 1 punto, despu\u00e9s de vencer en las 2 \u00faltimas rondas a la jugadora del Club de Almagro, Esther Ru\u00edz de Le\u00f3n, y a Juan Jos\u00e9 Losa perteneciente al Club de Tomelloso. Adem\u00e1s, la escuela alcazare\u00f1a de Nuestro Ajedrez en Europa, ha obtenido el subcampeonato en la clasificaci\u00f3n por equipos de esta categor\u00eda infantil a tan solo medio punto del primer clasificado, Tomelloso.&nbsp;Retomando los resultados individuales, cabe se\u00f1alar&nbsp;que Javier Valdepe\u00f1as Octavio, de 11 a\u00f1os, ha alcanzado la 5\u00aa plaza de la clasificaci\u00f3n final tras sumar 6,5 puntos (igualado con el subcampe\u00f3n pero con peor desempate), en lo que ha sido una de las&nbsp;actuaciones revelaci\u00f3n de la competici\u00f3n&nbsp;de 2011. Al excelente juego desarrollado por estos dos chicos, hemos de a\u00f1adir la progresi\u00f3n demostrada por Samuel Ortiz S\u00e1nchez, que a sus 10 cortos a\u00f1os, se est\u00e1 convirtiendo en un valor para el futuro de nuestro ajedrez. Los otros 3 chicos que han competido en este infantil han sido: Fernando Marcos-Alberca Lizcano, que finaliz\u00f3 con 4 puntos; &nbsp;Luis Molina L\u00f3pez, que sum\u00f3 3 puntos, y Alejandro de Bruguera Bello, con 2 puntos.<\/strong><\/span><\/div>\n<p><span style=\", serif\"><strong>En lo que respecta al cadete, empezaremos por&nbsp;informar de la 4\u00aa plaza alcanzada en la clasificaci\u00f3n por equipos. En individual, Jos\u00e9 \u00c1ngel Vela Horcajada ha logrado la 9\u00aa posici\u00f3n con 3,5 puntos, Manuel-Lorenzo Marcos-Alberca Lizcano se ha situado en el 10\u00ba lugar con 3 puntos, mientras que Mario Rubio Alberca solamente ha podido sumar 1 punto que le ha situado en el puesto 17\u00ba.<\/strong><\/span><\/p>\n<p><strong><span style=\"font-family: Georgia\">A modo de conclusi\u00f3n final, debemos resaltar la gran satisfacci\u00f3n que nos produce ver como muchos de nuestros jovenc\u00edsimos jugadores dan pasos hacia delante, situ\u00e1ndolos ya entre los mejores&nbsp;castellano-manchegos de sus respectivas categor\u00edas. Para el pr\u00f3ximo Campeonato del Deporte en Edad Escolar de Castilla-La Mancha, nuestras escuelas de Alc\u00e1zar y Villafranca, han clasificado un total de 4 chicos y 1 chica (3 jugadores en el cadete y 1 chico + 1 chica en el infantil), con lo que consolidamos el lugar referencial&nbsp;que \u00abNuestro&nbsp;Ajedrez en Europa\u00bb ocupa en&nbsp;nuestra regi\u00f3n.<\/span><\/strong><\/p>\n<div align=\"center\"><strong><em><u><span style=\"font-family: Georgia\">UNA FELICITACI\u00d3N SINCERA&#8230;<\/span><\/u><\/em><\/strong><\/div>\n<div align=\"center\">\n<\/div>\n<div style=\"text-align: left\"><strong><em><span style=\"font-family: Georgia\">Con motivo de la finalizaci\u00f3n de los escolares en Ciudad Real y Toledo, la direcci\u00f3n del proyecto Nuestro Ajedrez en Europa quiere hacer p\u00fablicas las siguientes consideraciones:<\/span><\/em><\/strong><\/div>\n<div style=\"text-align: left\"><strong><em><span style=\"font-family: Georgia\">1\u00ba.- Quiero remarcar el magn\u00edfico ambiente&nbsp;en el que se han desarrollado las jornadas en el escolar de Ciudad Real. Un ambiente&nbsp;muy competitivo, pero eminentemente deportivo y sano, alejado de cualquier atisbo de influencia externa en el resultado final de las partidas. Por lo tanto,&nbsp;deseo felicitar a la organizaci\u00f3n de este campeonato ciudarreale\u00f1o, as\u00ed como a los monitores, jugadores y representantes de las escuelas y clubes participantes.<\/span><\/em><\/strong><\/div>\n<div style=\"text-align: left\"><strong><em><span style=\"font-family: Georgia\">2\u00ba.- Asimismo, es destacable la actitud dialogante que mantiene el actual delegado provincial de Ciudad Real, Luis Espinosa, favoreciendo&nbsp;con ello la asunci\u00f3n de medidas consensuadas y el trasvase de informaci\u00f3n.<\/span><\/em><\/strong><\/div>\n<div style=\"text-align: left\">\n<\/div>\n<div style=\"text-align: center\"><strong><em><span style=\"font-family: Georgia\">Sin perder la perspectiva del ajedrez,&nbsp;vamos a introducir una nota de humor para todas las edades.&nbsp;&nbsp;A continuaci\u00f3n os presentamos&nbsp;la 1\u00aa parte de una&nbsp;f\u00e1bula. (Advertimos que cualquier parecido con personajes reales&nbsp;es pura coincidencia y solamente les pedimos a los lectores que apliquen <\/span><\/em><\/strong><br \/>\n<strong><em><span style=\"font-family: Georgia\">toda su imaginaci\u00f3n)<\/span><\/em><\/strong><\/div>\n<div style=\"text-align: left\">\n<\/div>\n<div style=\"text-align: center\"><strong><em><u><span style=\"font-family: Georgia\">.. Y UNA&nbsp;PEQUE\u00d1A F\u00c1BULA TITULADA:<\/span><\/u><\/em><\/strong><\/div>\n<div style=\"text-align: center\"><strong><em><u><span style=\"font-family: Georgia\">&nbsp;\u00abVAMOS A CONTAR MENTIRAS\u00bb (parte 1)<\/span><\/u><\/em><\/strong><\/div>\n<div style=\"text-align: center\">\n<\/div>\n<div style=\"text-align: center\"><strong><em><span style=\"font-family: Georgia\">\u00c9rase una vez &#8230;&nbsp;una rata,&nbsp;conocida en la extraordinaria torre real donde&nbsp;medraba por el cari\u00f1oso apodo de&nbsp;\u00abLengua de Serpiente\u00bb.&nbsp;Como todas las de su especie era escurridiza y huidiza,&nbsp;pero particularmente h\u00e1bil en el arte de la traici\u00f3n, la manipulaci\u00f3n, la mentira, la insidia y el enga\u00f1o. Sus muy nobles cualidades le dotaban de gran prestigio entre el resto de roedores, que aplaud\u00edan sin parar sus m\u00faltiples fechor\u00edas. &nbsp;Un buen d\u00eda, nuestro amiguito \u00abLengua de Serpiente\u00bb, decidi\u00f3&nbsp;plasmar para la posteridad, en un formato de su invenci\u00f3n&nbsp;parecido a los actuales art\u00edculos de prensa, algunas de las andanzas y gestas&nbsp;vividas por otros animalitos que habitaban el bosque cercano a aquella alta y deslumbrante torre de marfil que le cobijaba. <\/span><\/em><\/strong><\/div>\n<div style=\"text-align: center\"><strong><em><span style=\"font-family: Georgia\">Y as\u00ed fue que,&nbsp;despu\u00e9s de grandes \u00e9xitos en sus espl\u00e9ndidas cr\u00f3nicas, tom\u00f3 la decisi\u00f3n de elaborar la que se convertir\u00eda en su obra definitiva: \u00abEl gran libro de&nbsp;recopilaci\u00f3n de las historias de&nbsp;una rata\u00bb. Aquellos relatos conten\u00edan la esencia misma de su personalidad, eran embusteros, falsos, canallas&nbsp;y muchas veces&nbsp;sin una pizca de realidad,&nbsp;pero&nbsp;\u00e9l&nbsp;se hab\u00eda convertido en&nbsp;la gran estrella de todos ellos. \u00c9l era el rey del universo, lo mismo venc\u00eda en pelea singular a grandes dragones con boca de fuego ardiente, que se atrev\u00eda a luchar en solitario con manadas de m\u00e1s de 300 lobos hambrientos. Con el paso del tiempo, aquella pat\u00e9tica rata, se cre\u00eda sus propias falacias y era capaz de recitar, de seguido y en versos endecas\u00edlabos, su m\u00e1s reciente y popular \u00e9xito: \u00ablos 1.000&nbsp;mandamientos de una buena alima\u00f1a\u00bb. Enfundado en su rid\u00edcula armadura visitaba a diario todos los aposentos de la torre, vigilaba el correo real, redactaba normas para justas y duelos, conced\u00eda indultos a penados, condenaba a enemigos al destierro y decid\u00eda, a su total conveniencia, los resultados de las disputas entre nobles caballeros o ni\u00f1os cortesanos. Transformado en el palad\u00edn invencible y temible de la torre de marfil, manipulaba las leyes y negociaba prebendas. S\u00f3lo una cosa le restaba, culminar sus narraciones con su anhelada&nbsp;antolog\u00eda.&nbsp;<\/span><\/em><\/strong><br \/>\n<strong><em><span style=\"font-family: Georgia\">Por fin,&nbsp;en un luminoso atardecer de julio, recibi\u00f3&nbsp;la inspiraci\u00f3n&nbsp;necesaria del se\u00f1or de las ratas. \u00a1Ya estaba!, tal y como lo hab\u00eda imaginado, delante de sus ojos, destellaban las letras en oro del t\u00edtulo para aquella memorable obra:<\/span><\/em><\/strong><\/div>\n<div style=\"text-align: center\"><strong><em><span style=\"font-family: Georgia\">\u00abUna rata en la cima del mundo\u00bb <\/span><\/em><\/strong><\/div>\n<div style=\"text-align: center\"><strong><em><span style=\"font-family: Georgia\">con el sugerente subt\u00edtulo de :<\/span><\/em><\/strong><\/div>\n<div style=\"text-align: center\"><strong><em><span style=\"font-family: Georgia\">\u00abLas Cr\u00f3nicas de Lengua de Serpiente\u00bb<\/span><\/em><\/strong><\/div>\n<div style=\"text-align: center\"><strong><em><span style=\"font-family: Georgia\">Lo que tanto hab\u00eda so\u00f1ado, ahora, suced\u00eda. Era el triunfo absoluto. Su nombre figurar\u00eda en la historia mundial. Ya pod\u00eda continuar sin temor con la aniquilaci\u00f3n total de sus enemigos. Nada ni nadie pod\u00edan evitar que aquel animal dominara &#8230; &nbsp;<\/span><\/em><\/strong><\/div>\n<div style=\"text-align: left\"><\/div>\n","protected":false},"excerpt":{"rendered":"<p>&nbsp; Cosimo de Giorgi Benavent, al comienzo de su \u00faltima partida 8 de los participantes en el Deporte en Edad Escolar de Ciudad Real \ufeff Cosimo de Giorgi Benavent se ha proclamado campe\u00f3n provincial de Ciudad Real en la categor\u00eda infantil del Deporte en Edad Escolar tras realizar un excepcional torneo que le ha llevado [&hellip;]<\/p>\n","protected":false},"author":1,"featured_media":3105,"comment_status":"open","ping_status":"closed","sticky":false,"template":"","format":"standard","meta":{"footnotes":""},"categories":[1],"tags":[],"class_list":["post-3104","post","type-post","status-publish","format-standard","has-post-thumbnail","hentry","category-noticias"],"_links":{"self":[{"href":"https:\/\/www.bfv.cloud\/ajedrezeuropa\/wp-json\/wp\/v2\/posts\/3104","targetHints":{"allow":["GET"]}}],"collection":[{"href":"https:\/\/www.bfv.cloud\/ajedrezeuropa\/wp-json\/wp\/v2\/posts"}],"about":[{"href":"https:\/\/www.bfv.cloud\/ajedrezeuropa\/wp-json\/wp\/v2\/types\/post"}],"author":[{"embeddable":true,"href":"https:\/\/www.bfv.cloud\/ajedrezeuropa\/wp-json\/wp\/v2\/users\/1"}],"replies":[{"embeddable":true,"href":"https:\/\/www.bfv.cloud\/ajedrezeuropa\/wp-json\/wp\/v2\/comments?post=3104"}],"version-history":[{"count":1,"href":"https:\/\/www.bfv.cloud\/ajedrezeuropa\/wp-json\/wp\/v2\/posts\/3104\/revisions"}],"predecessor-version":[{"id":3107,"href":"https:\/\/www.bfv.cloud\/ajedrezeuropa\/wp-json\/wp\/v2\/posts\/3104\/revisions\/3107"}],"wp:featuredmedia":[{"embeddable":true,"href":"https:\/\/www.bfv.cloud\/ajedrezeuropa\/wp-json\/wp\/v2\/media\/3105"}],"wp:attachment":[{"href":"https:\/\/www.bfv.cloud\/ajedrezeuropa\/wp-json\/wp\/v2\/media?parent=3104"}],"wp:term":[{"taxonomy":"category","embeddable":true,"href":"https:\/\/www.bfv.cloud\/ajedrezeuropa\/wp-json\/wp\/v2\/categories?post=3104"},{"taxonomy":"post_tag","embeddable":true,"href":"https:\/\/www.bfv.cloud\/ajedrezeuropa\/wp-json\/wp\/v2\/tags?post=3104"}],"curies":[{"name":"wp","href":"https:\/\/api.w.org\/{rel}","templated":true}]}}