{"id":3108,"date":"2013-04-14T23:16:00","date_gmt":"2013-04-14T23:16:00","guid":{"rendered":"https:\/\/www.bfv.cloud\/ajedrezeuropa\/index.php\/2013\/04\/14\/nuestro-ajedrez-en-europa-participa-en-el-magnifico-curso-de-la-uned-sobre-la-educacion-y-el-trabajo-social-en-el-ambito-penitenciario\/"},"modified":"2025-11-20T10:56:43","modified_gmt":"2025-11-20T10:56:43","slug":"nuestro-ajedrez-en-europa-participa-en-el-magnifico-curso-de-la-uned-sobre-la-educacion-y-el-trabajo-social-en-el-ambito-penitenciario","status":"publish","type":"post","link":"https:\/\/www.bfv.cloud\/ajedrezeuropa\/nuestro-ajedrez-en-europa-participa-en-el-magnifico-curso-de-la-uned-sobre-la-educacion-y-el-trabajo-social-en-el-ambito-penitenciario\/","title":{"rendered":"NUESTRO AJEDREZ EN EUROPA PARTICIPA EN EL MAGN\u00cdFICO CURSO DE LA UNED SOBRE LA EDUCACI\u00d3N Y EL TRABAJO SOCIAL EN EL \u00c1MBITO PENITENCIARIO"},"content":{"rendered":"<table cellpadding=\"0\" cellspacing=\"0\" class=\"tr-caption-container\" style=\"float: left;margin-right: 1em;text-align: left\">\n<tbody>\n<tr>\n<td style=\"text-align: center\"><a href=\"https:\/\/www.bfv.cloud\/ajedrezeuropa\/wp-content\/uploads\/2013\/04\/CopiadefotosdelaUNED004.jpg\" style=\"clear: left;margin-bottom: 1em;margin-left: auto;margin-right: auto\"><img fetchpriority=\"high\" decoding=\"async\" border=\"0\" height=\"320\" src=\"https:\/\/blogger.googleusercontent.com\/img\/b\/R29vZ2xl\/AVvXsEirtflQU67cDUWdDgMf8NW5cTGLZP1h-7utPDb5B_Myqym3ZNbQXFBlvhm-2AuyGPQooPvV7mwaHqXClZJuCad5LmB53XXZPZiWP1YnsCUHgRLhlZ41RTDxzfnLGy-0FDtjPN0jZiLK2eM\/s320\/Copia+de+fotos+de+la+UNED+004.jpg\" width=\"268\" \/><\/a><\/td>\n<\/tr>\n<tr>\n<td class=\"tr-caption\" style=\"text-align: center\">Un momento de la presentaci\u00f3n de<br \/>\nnuestra ponencia<\/td>\n<\/tr>\n<\/tbody>\n<\/table>\n<p><span style=\"font-family: Verdana, sans-serif\"><b>El s\u00e1bado pasado se clausuraba el curso dedicado a \u00abEducaci\u00f3n y Trabajo Social en el \u00e1mbito penitenciario\u00bb organizado por la UNED en su centro de Alc\u00e1zar de San Juan. Coordinado por la doctora en Pedagog\u00eda Mayte Bejarano, ha contado con el apoyo de las responsables del Centro Penitenciario alcazare\u00f1o, Mercedes Iruarrizaga y Miriam P\u00e9rez, y la participaci\u00f3n de m\u00e1s de 50 alumnas y alumnos de la Diplomatura y Grado de Educaci\u00f3n y Trabajo Social, de la Licenciatura y Grado de Sociolog\u00eda y Pedagog\u00eda, adem\u00e1s de otras personas interesadas pertenecientes a medios de comunicaci\u00f3n, hospitales, ONG\u00b4S y otras asociaciones. La colaboraci\u00f3n de la direcci\u00f3n de nuestro proyecto ha consistido en la presentaci\u00f3n de una ponencia titulada \u00abEl ajedrez como estrategia educativa y de integraci\u00f3n social\u00bb y la participaci\u00f3n en la mesa redonda posterior.&nbsp;<\/b><\/span><\/p>\n<table cellpadding=\"0\" cellspacing=\"0\" class=\"tr-caption-container\" style=\"float: right;margin-left: 1em;text-align: right\">\n<tbody>\n<tr>\n<td style=\"text-align: center\"><a href=\"https:\/\/www.bfv.cloud\/ajedrezeuropa\/wp-content\/uploads\/2013\/04\/fotosdelaUNED001.jpg\" style=\"clear: right;margin-bottom: 1em;margin-left: auto;margin-right: auto\"><img decoding=\"async\" border=\"0\" height=\"240\" src=\"https:\/\/blogger.googleusercontent.com\/img\/b\/R29vZ2xl\/AVvXsEjhc-WH7nG7PPlalrhGaaqTAjWO5p92DXgV-KSM-o9KApg0K5zj8Gadu-hvVzdVOJGx4gBtwbCIUaE0Se4kh4wV8E80UWfkeyuYcKi1VXQ3wKosDoXYpW0hV-8J8MKaketpLtIl_qhXKLQ\/s320\/fotos+de+la+UNED+001.jpg\" width=\"320\" \/><\/a><\/td>\n<\/tr>\n<tr>\n<td class=\"tr-caption\" style=\"text-align: center\">El inicio del curso ha contado con las intervenciones<br \/>\nde Cristina Rodr\u00edguez, profesora doctora de la Facultad de<br \/>\nDerecho de la UCLM, y de la coordinadora, Mayte Bejarano<\/td>\n<\/tr>\n<\/tbody>\n<\/table>\n<table cellpadding=\"0\" cellspacing=\"0\" class=\"tr-caption-container\" style=\"float: left;text-align: right\">\n<tbody>\n<tr>\n<td style=\"text-align: center\"><a href=\"https:\/\/www.bfv.cloud\/ajedrezeuropa\/wp-content\/uploads\/2013\/04\/fotosdelaUNED006.jpg\" style=\"clear: left;margin-bottom: 1em;margin-left: auto;margin-right: auto\"><img decoding=\"async\" border=\"0\" height=\"240\" src=\"https:\/\/blogger.googleusercontent.com\/img\/b\/R29vZ2xl\/AVvXsEj6QCSEnjipWhKojG6_EluRwc8wZMonK40_rB7ibul_E5Smy6YWYNM1bOO1LepBQqNkHW4ONU3eS7Sm88GWXLP0cj9ogXE5EklEPU5FrpwPBId_DxW6KFOuP1FFNoi1Wyq8S6ydfLVg7No\/s320\/fotos+de+la+UNED+006.jpg\" width=\"320\" \/><\/a><\/td>\n<\/tr>\n<tr>\n<td class=\"tr-caption\" style=\"text-align: center\"><span style=\"font-family: Times, Times New Roman, serif\">El taller \u00abEl desaf\u00edo de la re-educaci\u00f3n\u00bb fue<br \/>presentado por la directora del CP de Alc\u00e1zar,<br \/>Mercedes Iruarrizaga, y la subdirectora de Tratamiento,<br \/>Miriam P\u00e9rez<\/span><\/td>\n<\/tr>\n<\/tbody>\n<\/table>\n<p><span style=\"font-family: Verdana, sans-serif\"><b>A pesar de la gran demanda de inscripciones que ha tenido este curso, hemos podido estar presentes tambi\u00e9n entre el alumnado, asistir a la exposici\u00f3n de todas las ponencias y tomar parte en los talleres, gracias al inter\u00e9s de Mar\u00eda Luisa Camu\u00f1as por conocer de primera mano los procesos de intervenci\u00f3n educativa y los programas socio-educativos para la reinserci\u00f3n de la poblaci\u00f3n reclusa. &nbsp;Finalmente, tenemos que destacar la gran utilidad de los contenidos de las ponencias y el magn\u00edfico desarrollo del curso, agradeciendo, especialmente, la invitaci\u00f3n y &nbsp;la colaboraci\u00f3n prestada por Jos\u00e9 Luis Mata y Luisa Lillo en representaci\u00f3n de la UNED de Alc\u00e1zar.<\/b><\/span><br \/>\n<span style=\"font-family: Verdana, sans-serif\"><b><\/b><\/span><br \/>\n<span style=\"font-family: Verdana, sans-serif\"><b><\/b><\/span><br \/>\n<span style=\"font-family: Verdana, sans-serif\"><b><\/b><\/span><br \/>\n<span style=\"font-family: Verdana, sans-serif\"><b><\/b><\/span><br \/>\n<span style=\"font-family: Verdana, sans-serif\"><b><\/b><\/span><br \/>\n<span style=\"font-family: Verdana, sans-serif\"><b><\/b><\/span><br \/>\n<span style=\"font-family: Verdana, sans-serif\"><b><br \/><\/b><\/span><br \/>\n<span style=\"font-family: Verdana, sans-serif\"><b><\/b><\/span><br \/>\n<span style=\"font-family: Verdana, sans-serif\"><b><\/b><\/span><br \/>\n<span style=\"font-family: Verdana, sans-serif\"><b><br \/><\/b><\/span><br \/>\n<span style=\"font-family: Verdana, sans-serif\"><b><\/b><\/span><br \/>\n<span style=\"font-family: Verdana, sans-serif\"><b><\/b><\/span><br \/>\n<span style=\"font-family: Verdana, sans-serif\"><b><\/b><\/span><br \/>\n<span style=\"font-family: Verdana, sans-serif\"><b><\/b><\/span><br \/>\n<span style=\"font-family: Verdana, sans-serif\"><b><\/b><\/span><br \/>\n<span style=\"font-family: Verdana, sans-serif\"><b><\/b><\/span><\/p>\n<table align=\"center\" cellpadding=\"0\" cellspacing=\"0\" class=\"tr-caption-container\" style=\"margin-left: auto;margin-right: auto;text-align: left\">\n<tbody>\n<tr>\n<td style=\"text-align: center\"><a href=\"https:\/\/www.bfv.cloud\/ajedrezeuropa\/wp-content\/uploads\/2013\/04\/fotosdelaUNED008.jpg\" style=\"clear: right;margin-bottom: 1em;margin-left: auto;margin-right: auto\"><img loading=\"lazy\" decoding=\"async\" border=\"0\" height=\"300\" src=\"https:\/\/blogger.googleusercontent.com\/img\/b\/R29vZ2xl\/AVvXsEimuGRqkGkA9y6_NoeYr5SALVip-4NVff00MnmcDnLMZdwgwB9bHJMQCEK82bSZBCBXbMZk9LCXxgAINbFVaYXGYhaEPrQYfc9qCP6i6MBlU9tgQ4x4mAgVZYeXu_VOLZt8gyykuatiuNk\/s400\/fotos+de+la+UNED+008.jpg\" width=\"400\" \/><\/a><\/td>\n<\/tr>\n<tr>\n<td class=\"tr-caption\" style=\"text-align: center\">Una imagen del alumnado trabajando en grupos<br \/>\ndurante la ma\u00f1ana del s\u00e1bado<\/td>\n<\/tr>\n<\/tbody>\n<\/table>\n<p><span style=\"font-family: Verdana, sans-serif\"><b><\/b><\/span><br \/>\n<span style=\"font-family: Verdana, sans-serif\"><b><\/b><\/span><br \/>\n<span style=\"font-family: Verdana, sans-serif\"><b><\/b><\/span><br \/>\n<span style=\"font-family: Verdana, sans-serif\"><b><\/b><\/span><\/p>\n","protected":false},"excerpt":{"rendered":"<p>Un momento de la presentaci\u00f3n de nuestra ponencia El s\u00e1bado pasado se clausuraba el curso dedicado a \u00abEducaci\u00f3n y Trabajo Social en el \u00e1mbito penitenciario\u00bb organizado por la UNED en su centro de Alc\u00e1zar de San Juan. Coordinado por la doctora en Pedagog\u00eda Mayte Bejarano, ha contado con el apoyo de las responsables del Centro [&hellip;]<\/p>\n","protected":false},"author":1,"featured_media":3109,"comment_status":"open","ping_status":"closed","sticky":false,"template":"","format":"standard","meta":{"footnotes":""},"categories":[1],"tags":[],"class_list":["post-3108","post","type-post","status-publish","format-standard","has-post-thumbnail","hentry","category-noticias"],"_links":{"self":[{"href":"https:\/\/www.bfv.cloud\/ajedrezeuropa\/wp-json\/wp\/v2\/posts\/3108","targetHints":{"allow":["GET"]}}],"collection":[{"href":"https:\/\/www.bfv.cloud\/ajedrezeuropa\/wp-json\/wp\/v2\/posts"}],"about":[{"href":"https:\/\/www.bfv.cloud\/ajedrezeuropa\/wp-json\/wp\/v2\/types\/post"}],"author":[{"embeddable":true,"href":"https:\/\/www.bfv.cloud\/ajedrezeuropa\/wp-json\/wp\/v2\/users\/1"}],"replies":[{"embeddable":true,"href":"https:\/\/www.bfv.cloud\/ajedrezeuropa\/wp-json\/wp\/v2\/comments?post=3108"}],"version-history":[{"count":1,"href":"https:\/\/www.bfv.cloud\/ajedrezeuropa\/wp-json\/wp\/v2\/posts\/3108\/revisions"}],"predecessor-version":[{"id":3113,"href":"https:\/\/www.bfv.cloud\/ajedrezeuropa\/wp-json\/wp\/v2\/posts\/3108\/revisions\/3113"}],"wp:featuredmedia":[{"embeddable":true,"href":"https:\/\/www.bfv.cloud\/ajedrezeuropa\/wp-json\/wp\/v2\/media\/3109"}],"wp:attachment":[{"href":"https:\/\/www.bfv.cloud\/ajedrezeuropa\/wp-json\/wp\/v2\/media?parent=3108"}],"wp:term":[{"taxonomy":"category","embeddable":true,"href":"https:\/\/www.bfv.cloud\/ajedrezeuropa\/wp-json\/wp\/v2\/categories?post=3108"},{"taxonomy":"post_tag","embeddable":true,"href":"https:\/\/www.bfv.cloud\/ajedrezeuropa\/wp-json\/wp\/v2\/tags?post=3108"}],"curies":[{"name":"wp","href":"https:\/\/api.w.org\/{rel}","templated":true}]}}