{"id":311,"date":"2024-08-01T19:10:00","date_gmt":"2024-08-01T19:10:00","guid":{"rendered":"https:\/\/www.bfv.cloud\/ajedrezeuropa\/index.php\/2024\/08\/01\/xxi-torneo-de-ferias-de-alcazar-de-san-juan\/"},"modified":"2025-11-20T10:16:01","modified_gmt":"2025-11-20T10:16:01","slug":"xxi-torneo-de-ferias-de-alcazar-de-san-juan","status":"publish","type":"post","link":"https:\/\/www.bfv.cloud\/ajedrezeuropa\/xxi-torneo-de-ferias-de-alcazar-de-san-juan\/","title":{"rendered":"XXI TORNEO DE FERIAS DE ALC\u00c1ZAR DE SAN JUAN"},"content":{"rendered":"<p>&nbsp;<\/p>\n<div class=\"separator\" style=\"clear: both;text-align: center\"><a href=\"https:\/\/www.bfv.cloud\/ajedrezeuropa\/wp-content\/uploads\/2024\/08\/CARTEL20XXI20TORNEO20FERIA20ALCAZAR202024_001.jpg\" style=\"margin-left: 1em;margin-right: 1em\"><img fetchpriority=\"high\" decoding=\"async\" border=\"0\" data-original-height=\"842\" data-original-width=\"595\" height=\"640\" src=\"https:\/\/blogger.googleusercontent.com\/img\/b\/R29vZ2xl\/AVvXsEjQAyFBFdEsMY6xOnY4neHt6uEuoZQLJDXb58-cboiEJ3jtWm7S6Yoll1D6kA39hx7cd4TyQUN0sfBCxPutRZBuQWghXJYYB9Yx2BPAz3Q5pUMCclf104QJQ2YpUpiXOB73DJE88dkYbxIt8ouaN_jaY81Ocrkid20L3uqnmeAEQgUuno7Yv8tj4zv9nO4\/w452-h640\/CARTEL%20XXI%20TORNEO%20FERIA%20ALCAZAR%202024_001.jpg\" width=\"452\" \/><\/a><\/div>\n<p class=\"MsoNormal\" style=\"margin-left: 36.0pt\"><span style=\"font-family: arial\"><span style=\"font-size: 14pt\">Aqu\u00ed est\u00e1 la informaci\u00f3n del <\/span><b><span style=\"font-size: 16pt\">XXI<br \/>\nTorneo de Ferias de Alc\u00e1zar de San Juan que se celebrar\u00e1 el domingo 25 de<br \/>\nagosto por la ma\u00f1ana en la sede de la Federaci\u00f3n Regional de Baloncesto en<br \/>\nAlc\u00e1zar de San Juan<\/span><\/b><\/span><span style=\"font-size: 14pt\"><span style=\"font-family: arial\">.<br \/>\nEn las bases consta el <b>localizador del lugar de juego y un enlace con el<br \/>\nformulario para realizar la inscripci\u00f3n hasta el 20 de agosto o hasta&nbsp;<br \/>\ncompletar los 80 participantes<\/b> que permite la sala de juego. Como todos los<br \/>\na\u00f1os se jugar\u00e1n 2 torneos por sistema suizo individual diferenciados (ABSOLUTO<br \/>\nY SUB18) con trofeos a los 3 primeros equipos de cada categor\u00eda. Tambi\u00e9n se<br \/>\nentregar\u00e1 una pieza de ajedrez elaborada por la Alfarer\u00eda de los Hermanos Pe\u00f1o<br \/>\na todos los participantes.<\/span><b style=\"font-family: Calibri, sans-serif\"><u><\/u><\/b><\/span><\/p>\n<p class=\"MsoNormal\" style=\"margin-left: 36.0pt\"><span style=\"font-size: 14pt\"><\/span><\/p>\n<div class=\"separator\" style=\"clear: both;text-align: center\"><a href=\"https:\/\/www.bfv.cloud\/ajedrezeuropa\/wp-content\/uploads\/2024\/08\/BASES20DEL20XXI20TORNEO20FERIA20202420VIII20TORNEO20ABSOLUTO_001.jpg\" style=\"margin-left: 1em;margin-right: 1em\"><img decoding=\"async\" border=\"0\" data-original-height=\"842\" data-original-width=\"595\" height=\"640\" src=\"https:\/\/blogger.googleusercontent.com\/img\/b\/R29vZ2xl\/AVvXsEiJYmGYdFU-nwpPwU94QApdGhNWdUJIaTKn9wEpYnpAqEGI3irk0b3mFl0nDNZOR3QnrU0YlqeNeqmUJRRIYVzuH2uT4KlOx-EtOgaFVe7lIfpTT4pt0t3CSF7wDuhnkmjVAJFKbQxrM7mOcZwf57t8KHp7MXrF0-1m7X9KpO5mhPPiVL4r92SLHInQA8Y\/w452-h640\/BASES%20DEL%20XXI%20TORNEO%20FERIA%202024%20(VIII%20TORNEO%20ABSOLUTO)_001.jpg\" width=\"452\" \/><\/a><\/div>\n<p><\/p>\n<div class=\"separator\" style=\"clear: both;text-align: center\"><a href=\"https:\/\/www.bfv.cloud\/ajedrezeuropa\/wp-content\/uploads\/2024\/08\/BASES20DEL20XXI20TORNEO20FERIA20202420XVI20TORNEO20S-18_001.jpg\" style=\"margin-left: 1em;margin-right: 1em\"><img decoding=\"async\" border=\"0\" data-original-height=\"842\" data-original-width=\"595\" height=\"640\" src=\"https:\/\/blogger.googleusercontent.com\/img\/b\/R29vZ2xl\/AVvXsEi63aaVIm6twU5QoeOYwhODDn0nPU8Ozk-aYpg1rziRLwxSj8WLwTIRsSdxv_ALbSwTe544I7xv4sS5QGpSETJevNi_-cUKJT60_Cqt-ck0bqrT6OU0bZq01YmJ_TdcMASQ1snBOM8nzOBju45_xywTdz76TeLYPOEmtqu0E3OeVyjTJLPnvhlQIVmiMmc\/w452-h640\/BASES%20DEL%20XXI%20TORNEO%20FERIA%202024%20(XVI%20TORNEO%20S-18)_001.jpg\" width=\"452\" \/><\/a><\/div>\n<p><span style=\"font-family: arial\"><br \/><\/span><\/p>\n<p><\/p>\n","protected":false},"excerpt":{"rendered":"<p>&nbsp; Aqu\u00ed est\u00e1 la informaci\u00f3n del XXI Torneo de Ferias de Alc\u00e1zar de San Juan que se celebrar\u00e1 el domingo 25 de agosto por la ma\u00f1ana en la sede de la Federaci\u00f3n Regional de Baloncesto en Alc\u00e1zar de San Juan. En las bases consta el localizador del lugar de juego y un enlace con el [&hellip;]<\/p>\n","protected":false},"author":1,"featured_media":312,"comment_status":"open","ping_status":"closed","sticky":false,"template":"","format":"standard","meta":{"footnotes":""},"categories":[1],"tags":[],"class_list":["post-311","post","type-post","status-publish","format-standard","has-post-thumbnail","hentry","category-noticias"],"_links":{"self":[{"href":"https:\/\/www.bfv.cloud\/ajedrezeuropa\/wp-json\/wp\/v2\/posts\/311","targetHints":{"allow":["GET"]}}],"collection":[{"href":"https:\/\/www.bfv.cloud\/ajedrezeuropa\/wp-json\/wp\/v2\/posts"}],"about":[{"href":"https:\/\/www.bfv.cloud\/ajedrezeuropa\/wp-json\/wp\/v2\/types\/post"}],"author":[{"embeddable":true,"href":"https:\/\/www.bfv.cloud\/ajedrezeuropa\/wp-json\/wp\/v2\/users\/1"}],"replies":[{"embeddable":true,"href":"https:\/\/www.bfv.cloud\/ajedrezeuropa\/wp-json\/wp\/v2\/comments?post=311"}],"version-history":[{"count":1,"href":"https:\/\/www.bfv.cloud\/ajedrezeuropa\/wp-json\/wp\/v2\/posts\/311\/revisions"}],"predecessor-version":[{"id":315,"href":"https:\/\/www.bfv.cloud\/ajedrezeuropa\/wp-json\/wp\/v2\/posts\/311\/revisions\/315"}],"wp:featuredmedia":[{"embeddable":true,"href":"https:\/\/www.bfv.cloud\/ajedrezeuropa\/wp-json\/wp\/v2\/media\/312"}],"wp:attachment":[{"href":"https:\/\/www.bfv.cloud\/ajedrezeuropa\/wp-json\/wp\/v2\/media?parent=311"}],"wp:term":[{"taxonomy":"category","embeddable":true,"href":"https:\/\/www.bfv.cloud\/ajedrezeuropa\/wp-json\/wp\/v2\/categories?post=311"},{"taxonomy":"post_tag","embeddable":true,"href":"https:\/\/www.bfv.cloud\/ajedrezeuropa\/wp-json\/wp\/v2\/tags?post=311"}],"curies":[{"name":"wp","href":"https:\/\/api.w.org\/{rel}","templated":true}]}}