{"id":3114,"date":"2009-10-08T15:13:00","date_gmt":"2009-10-08T15:13:00","guid":{"rendered":"https:\/\/www.bfv.cloud\/ajedrezeuropa\/index.php\/2009\/10\/08\/comienzo-de-temporada-en-las-escuelas-de-ajedrez\/"},"modified":"2025-11-20T10:56:43","modified_gmt":"2025-11-20T10:56:43","slug":"comienzo-de-temporada-en-las-escuelas-de-ajedrez","status":"publish","type":"post","link":"https:\/\/www.bfv.cloud\/ajedrezeuropa\/comienzo-de-temporada-en-las-escuelas-de-ajedrez\/","title":{"rendered":"COMIENZO DE TEMPORADA EN LAS ESCUELAS DE AJEDREZ"},"content":{"rendered":"<p><a href=\"https:\/\/blogger.googleusercontent.com\/img\/b\/R29vZ2xl\/AVvXsEi85eHncY4S-IPqzqHeDy32RhhGVWt0rffMsU2mLpvY_Q_N4Bf-bkoGxqXZfRAO0OzY0KEOtOwH2KU665tyOPn7-780ckW1gXFEfea4vubaomSZVNboMzMz1_QXrvEz1E_tmuFPPRdjPiw\/s1600-h\/IMG_0795%5B1%5D\"><img decoding=\"async\" id=\"BLOGGER_PHOTO_ID_5390248151008118818\" border=\"0\" alt=\"\" src=\"https:\/\/blogger.googleusercontent.com\/img\/b\/R29vZ2xl\/AVvXsEi85eHncY4S-IPqzqHeDy32RhhGVWt0rffMsU2mLpvY_Q_N4Bf-bkoGxqXZfRAO0OzY0KEOtOwH2KU665tyOPn7-780ckW1gXFEfea4vubaomSZVNboMzMz1_QXrvEz1E_tmuFPPRdjPiw\/s400\/IMG_0795%5B1%5D\" \/><\/a><\/p>\n<div align=\"justify\">El pasado s\u00e1bado dia 26 de septiembre, dieron comienzo las clases en las escuelas de ajedrez de Alc\u00e1zar y Villafranca, como siempre los chicos y chicas estuvieron presentes para empezar el nuevo curso. Como se les explic\u00f3, este a\u00f1o viene cargado de nuevas ilusiones y retos para todos ellos, comenzando con los campeonatos provinciales por equipos, que se celebrar\u00e1n en Toledo los d\u00edas 15, 22 y 29 de noviembre, 13 de diciembre y 10 de enero, para continuar con el campeonato de Espa\u00f1a S-16 de clubes que se jugar\u00e1 del 4 al 8 de diciembre en Benidorm, y ya llegando a fin de a\u00f1o se les preparar\u00e1 en la II Concentraci\u00f3n de Navidad. Esperamos contar con todos los que ya est\u00e1n y con los que quieran animarse a participar, porque hay mucha ilusi\u00f3n en todos los proyectos que se realizan, poniendo como meta su formaci\u00f3n deportiva y personal.<\/div>\n","protected":false},"excerpt":{"rendered":"<p>El pasado s\u00e1bado dia 26 de septiembre, dieron comienzo las clases en las escuelas de ajedrez de Alc\u00e1zar y Villafranca, como siempre los chicos y chicas estuvieron presentes para empezar el nuevo curso. Como se les explic\u00f3, este a\u00f1o viene cargado de nuevas ilusiones y retos para todos ellos, comenzando con los campeonatos provinciales por [&hellip;]<\/p>\n","protected":false},"author":1,"featured_media":0,"comment_status":"open","ping_status":"closed","sticky":false,"template":"","format":"standard","meta":{"footnotes":""},"categories":[1],"tags":[],"class_list":["post-3114","post","type-post","status-publish","format-standard","hentry","category-noticias"],"_links":{"self":[{"href":"https:\/\/www.bfv.cloud\/ajedrezeuropa\/wp-json\/wp\/v2\/posts\/3114","targetHints":{"allow":["GET"]}}],"collection":[{"href":"https:\/\/www.bfv.cloud\/ajedrezeuropa\/wp-json\/wp\/v2\/posts"}],"about":[{"href":"https:\/\/www.bfv.cloud\/ajedrezeuropa\/wp-json\/wp\/v2\/types\/post"}],"author":[{"embeddable":true,"href":"https:\/\/www.bfv.cloud\/ajedrezeuropa\/wp-json\/wp\/v2\/users\/1"}],"replies":[{"embeddable":true,"href":"https:\/\/www.bfv.cloud\/ajedrezeuropa\/wp-json\/wp\/v2\/comments?post=3114"}],"version-history":[{"count":1,"href":"https:\/\/www.bfv.cloud\/ajedrezeuropa\/wp-json\/wp\/v2\/posts\/3114\/revisions"}],"predecessor-version":[{"id":3115,"href":"https:\/\/www.bfv.cloud\/ajedrezeuropa\/wp-json\/wp\/v2\/posts\/3114\/revisions\/3115"}],"wp:attachment":[{"href":"https:\/\/www.bfv.cloud\/ajedrezeuropa\/wp-json\/wp\/v2\/media?parent=3114"}],"wp:term":[{"taxonomy":"category","embeddable":true,"href":"https:\/\/www.bfv.cloud\/ajedrezeuropa\/wp-json\/wp\/v2\/categories?post=3114"},{"taxonomy":"post_tag","embeddable":true,"href":"https:\/\/www.bfv.cloud\/ajedrezeuropa\/wp-json\/wp\/v2\/tags?post=3114"}],"curies":[{"name":"wp","href":"https:\/\/api.w.org\/{rel}","templated":true}]}}