{"id":3116,"date":"2010-01-31T23:32:00","date_gmt":"2010-01-31T23:32:00","guid":{"rendered":"https:\/\/www.bfv.cloud\/ajedrezeuropa\/index.php\/2010\/01\/31\/campeonato-deporte-en-edad-escolar-ciudad-real-2010\/"},"modified":"2025-11-20T10:56:44","modified_gmt":"2025-11-20T10:56:44","slug":"campeonato-deporte-en-edad-escolar-ciudad-real-2010","status":"publish","type":"post","link":"https:\/\/www.bfv.cloud\/ajedrezeuropa\/campeonato-deporte-en-edad-escolar-ciudad-real-2010\/","title":{"rendered":"Campeonato Deporte en Edad Escolar Ciudad Real 2010"},"content":{"rendered":"<div class=\"separator\" style=\"clear: both;text-align: center\"><a href=\"https:\/\/blogger.googleusercontent.com\/img\/b\/R29vZ2xl\/AVvXsEjNFt5qhIBRrFQg1roqGMpuFnRBuAhd1aeK77A6uZyISXMIM9JaxfYBIEMZwn6y1P55Cw1JcDzKXSTco_coImxd8xaCRkGaXzPAD50_Yyuoe-58wI1dEL3Nq09NVNfQNDXtQxBx37zWxs0\/s1600-h\/foto+grupo+Camp+Edad+Escolar+C+Real+2010.jpg\" style=\"margin-left: 1em;margin-right: 1em\"><img fetchpriority=\"high\" decoding=\"async\" border=\"0\" height=\"240\" src=\"https:\/\/blogger.googleusercontent.com\/img\/b\/R29vZ2xl\/AVvXsEjNFt5qhIBRrFQg1roqGMpuFnRBuAhd1aeK77A6uZyISXMIM9JaxfYBIEMZwn6y1P55Cw1JcDzKXSTco_coImxd8xaCRkGaXzPAD50_Yyuoe-58wI1dEL3Nq09NVNfQNDXtQxBx37zWxs0\/s320\/foto+grupo+Camp+Edad+Escolar+C+Real+2010.jpg\" width=\"320\" \/><\/a><\/div>\n<p>\nA falta de una jornada en el Campeonato Provincial del Deporte en Edad Escolar de Ciudad Real, la Escuela de Ajedrez de Alc\u00e1zar ocupa la segunda plaza en la categor\u00eda cadete y la cuarta en la categor\u00eda infantil en la clasificaci\u00f3n por equipos. En la&nbsp;general individual, Daniel Salas, lleva 4 puntos de 5 rondas disputadas,&nbsp;con grandes posibilidades de clasificarse entre los 3 primeros de la categor\u00eda cadete. Mientras que en la infantil,&nbsp;Javier Valdepe\u00f1as con 5 puntos y Cosimo De Giorgi con 4 y medio, luchar\u00e1n por obtener su pase a la fase regional en las 2 rondas que restan. El pr\u00f3ximo domingo, 7 de febrero, se jugar\u00e1n las partidas que definir\u00e1n el campeonato de Ciudad Real, esperamos que nuestros 10 jugadores sigan disfrutando con la pr\u00e1ctica del ajedrez en estas rondas decisivas. Entre tanto, un d\u00eda antes, el s\u00e1bado d\u00eda 6, se reanuda la competici\u00f3n del escolar de Toledo donde nuestros 18 chicos y chicas a\u00fan tienen que jugar todas las rondas menos una ya disputada.<\/p>\n","protected":false},"excerpt":{"rendered":"<p>A falta de una jornada en el Campeonato Provincial del Deporte en Edad Escolar de Ciudad Real, la Escuela de Ajedrez de Alc\u00e1zar ocupa la segunda plaza en la categor\u00eda cadete y la cuarta en la categor\u00eda infantil en la clasificaci\u00f3n por equipos. En la&nbsp;general individual, Daniel Salas, lleva 4 puntos de 5 rondas disputadas,&nbsp;con [&hellip;]<\/p>\n","protected":false},"author":1,"featured_media":0,"comment_status":"open","ping_status":"closed","sticky":false,"template":"","format":"standard","meta":{"footnotes":""},"categories":[1],"tags":[],"class_list":["post-3116","post","type-post","status-publish","format-standard","hentry","category-noticias"],"_links":{"self":[{"href":"https:\/\/www.bfv.cloud\/ajedrezeuropa\/wp-json\/wp\/v2\/posts\/3116","targetHints":{"allow":["GET"]}}],"collection":[{"href":"https:\/\/www.bfv.cloud\/ajedrezeuropa\/wp-json\/wp\/v2\/posts"}],"about":[{"href":"https:\/\/www.bfv.cloud\/ajedrezeuropa\/wp-json\/wp\/v2\/types\/post"}],"author":[{"embeddable":true,"href":"https:\/\/www.bfv.cloud\/ajedrezeuropa\/wp-json\/wp\/v2\/users\/1"}],"replies":[{"embeddable":true,"href":"https:\/\/www.bfv.cloud\/ajedrezeuropa\/wp-json\/wp\/v2\/comments?post=3116"}],"version-history":[{"count":1,"href":"https:\/\/www.bfv.cloud\/ajedrezeuropa\/wp-json\/wp\/v2\/posts\/3116\/revisions"}],"predecessor-version":[{"id":3117,"href":"https:\/\/www.bfv.cloud\/ajedrezeuropa\/wp-json\/wp\/v2\/posts\/3116\/revisions\/3117"}],"wp:attachment":[{"href":"https:\/\/www.bfv.cloud\/ajedrezeuropa\/wp-json\/wp\/v2\/media?parent=3116"}],"wp:term":[{"taxonomy":"category","embeddable":true,"href":"https:\/\/www.bfv.cloud\/ajedrezeuropa\/wp-json\/wp\/v2\/categories?post=3116"},{"taxonomy":"post_tag","embeddable":true,"href":"https:\/\/www.bfv.cloud\/ajedrezeuropa\/wp-json\/wp\/v2\/tags?post=3116"}],"curies":[{"name":"wp","href":"https:\/\/api.w.org\/{rel}","templated":true}]}}