{"id":3118,"date":"2014-11-10T21:16:00","date_gmt":"2014-11-10T21:16:00","guid":{"rendered":"https:\/\/www.bfv.cloud\/ajedrezeuropa\/index.php\/2014\/11\/10\/buen-comienzo-de-nuestros-equipos-en-el-provincial-de-toledo-de-1a-division\/"},"modified":"2025-11-20T10:56:49","modified_gmt":"2025-11-20T10:56:49","slug":"buen-comienzo-de-nuestros-equipos-en-el-provincial-de-toledo-de-1a-division","status":"publish","type":"post","link":"https:\/\/www.bfv.cloud\/ajedrezeuropa\/buen-comienzo-de-nuestros-equipos-en-el-provincial-de-toledo-de-1a-division\/","title":{"rendered":"BUEN COMIENZO DE NUESTROS EQUIPOS EN EL PROVINCIAL DE TOLEDO DE 1\u00aa DIVISI\u00d3N"},"content":{"rendered":"<table cellpadding=\"0\" cellspacing=\"0\" class=\"tr-caption-container\" style=\"float: left;margin-right: 1em;text-align: left\">\n<tbody>\n<tr>\n<td style=\"text-align: center\"><a href=\"https:\/\/www.bfv.cloud\/ajedrezeuropa\/wp-content\/uploads\/2014\/11\/SAM_1165.jpg\" style=\"clear: left;margin-bottom: 1em;margin-left: auto;margin-right: auto\"><img fetchpriority=\"high\" decoding=\"async\" border=\"0\" src=\"https:\/\/www.bfv.cloud\/ajedrezeuropa\/wp-content\/uploads\/2014\/11\/SAM_1165.jpg\" height=\"263\" width=\"400\" \/><\/a><\/td>\n<\/tr>\n<tr>\n<td class=\"tr-caption\" style=\"text-align: center\">El equipo de \u00abNUESTRO AJEDREZ EN EUROPA-A\u00bb: <br \/>\nSantiago, Isaac, Daniel y Jorge<\/td>\n<\/tr>\n<\/tbody>\n<\/table>\n<div class=\"MsoTitle\" style=\"text-align: justify\">\n<i><span style=\"font-size: 12.0pt\"><span style=\"font-family: Arial, Helvetica, sans-serif\"><b><u>JUGADAS<br \/>\nLAS 2 RONDAS INICIALES <\/u><\/b><\/span><\/span><\/i><i><span style=\"font-size: 12pt\"><\/span><\/i><\/div>\n<div class=\"MsoTitle\" style=\"text-align: justify\">\n<\/div>\n<table cellpadding=\"0\" cellspacing=\"0\" class=\"tr-caption-container\" style=\"float: left;text-align: left\">\n<tbody>\n<tr>\n<td style=\"text-align: center\"><a href=\"https:\/\/www.bfv.cloud\/ajedrezeuropa\/wp-content\/uploads\/2014\/11\/SAM_1164.jpg\" style=\"clear: left;margin-bottom: 1em;margin-left: auto;margin-right: auto\"><img decoding=\"async\" border=\"0\" src=\"https:\/\/www.bfv.cloud\/ajedrezeuropa\/wp-content\/uploads\/2014\/11\/SAM_1164.jpg\" height=\"172\" width=\"400\" \/><\/a><\/td>\n<\/tr>\n<tr>\n<td class=\"tr-caption\" style=\"text-align: center\">\u00abNUESTRO AJEDREZ EN EUROPA-B\u00bb: Javier, Leo, Irene y Silvia<\/td>\n<\/tr>\n<\/tbody>\n<\/table>\n<div class=\"MsoTitle\" style=\"text-align: justify\">\n<span style=\"font-size: 12pt\"><span style=\"font-family: Arial, Helvetica, sans-serif\"><b>Despu\u00e9s de la 1\u00aa jornada del<br \/>\nCampeonato por Clubes de Toledo de 1\u00aa divisi\u00f3n, el equipo de \u201cNUESTRO AJEDREZ<br \/>\nEN EUROPA \u2013 A\u201d, marcha en 2\u00aa posici\u00f3n de la clasificaci\u00f3n provisional con 6 \u00bd<br \/>\npuntos, tras imponerse con claridad por&nbsp;<br \/>\n3 \u2013 1&nbsp; al tercero del ranking<br \/>\ninicial, \u201cBARGAS \u2013 A\u201d, en la ronda de la tarde del pasado domingo. Por su<br \/>\nparte, \u201cNUESTRO AJEDREZ EN EUROPA \u2013 B\u201d, ocupa la 6\u00aa plaza con 4 puntos, sumando<br \/>\n3 victorias, 2 tablas y 3 derrotas en las 8 partidas disputadas<br \/>\ncorrespondientes a los 2 enfrentamientos ya celebrados. Este equipo, formado en<br \/>\nsu mayor\u00eda por jugadores menores de 16 a\u00f1os, fue muy superior al presentado por<br \/>\n\u201cCOORDINADORA \u2013 B\u201d, venci\u00e9ndole por un contundente 3 \u00bd a \u00bd. Los 2 equipos de<br \/>\n\u201cNUESTRO AJEDREZ POR LA IGUALDAD\u201d, se sit\u00faan en los puestos 7\u00ba y 11\u00ba de la<br \/>\nclasificaci\u00f3n provisional con 3 puntos y 1, respectivamente. <\/b><\/span><\/span><\/div>\n<table cellpadding=\"0\" cellspacing=\"0\" class=\"tr-caption-container\" style=\"float: right;text-align: right\">\n<tbody>\n<tr>\n<td style=\"text-align: center\"><a href=\"https:\/\/www.bfv.cloud\/ajedrezeuropa\/wp-content\/uploads\/2014\/11\/SAM_1157.jpg\" style=\"clear: right;margin-bottom: 1em;margin-left: auto;margin-right: auto\"><img decoding=\"async\" border=\"0\" src=\"https:\/\/www.bfv.cloud\/ajedrezeuropa\/wp-content\/uploads\/2014\/11\/SAM_1157.jpg\" height=\"277\" width=\"400\" \/><\/a><\/td>\n<\/tr>\n<tr>\n<td class=\"tr-caption\" style=\"text-align: center\">Los 2 equipos de \u00abNUESTRO AJEDREZ POR LA IGUALDAD\u00bb<br \/>\nfrente a frente<\/td>\n<\/tr>\n<\/tbody>\n<\/table>\n<div class=\"MsoTitle\" style=\"text-align: justify\">\n<span style=\"font-size: 12pt\"><span style=\"font-family: Arial, Helvetica, sans-serif\"><b>La pr\u00f3xima jornada se celebrar\u00e1 el<br \/>\ndomingo 23 de noviembre y tambi\u00e9n ser\u00e1 de doble ronda, en un campeonato que<br \/>\npromete resultar muy interesante gracias a la te\u00f3rica igualdad de fuerza en<br \/>\nmuchos de los equipos participantes.<\/b><\/span><\/span><\/div>\n<div class=\"MsoTitle\" style=\"text-align: justify\">\n<span style=\"font-size: 12pt\"><span style=\"font-family: Arial, Helvetica, sans-serif\"><b>Como dato adicional de inter\u00e9s<br \/>\npodemos indicar que los m\u00faltiples fichajes realizados para esta temporada por<br \/>\nun par de clubes toledanos, con el objetivo puesto en el t\u00edtulo de campe\u00f3n,<br \/>\nconceden mayor emoci\u00f3n y equilibrio a esta competici\u00f3n. Parece evidente que la<br \/>\nno presentaci\u00f3n del Club de Ajedrez Talavera, tradicional ganador de las<br \/>\nediciones anteriores, abre el camino al resto de aspirantes, dejando con<br \/>\nopciones reales de victoria al menos a 5 de las formaciones en liza. Esta<br \/>\ncircunstancia podr\u00eda haber sido propicia para realizar un cambio en la<br \/>\nestrategia que siempre hemos seguido en cuanto a la incorporaci\u00f3n de jugadores<br \/>\nno vinculados a nuestro proyecto, aunque no ha sido as\u00ed. Nos parece muy<br \/>\nimportante mantener nuestras se\u00f1as de identidad, confiando plenamente en todos<br \/>\nlos ajedrecistas de nuestras escuelas y clubes, con la seguridad de que gracias<br \/>\na su esfuerzo personal y al proceso de preparaci\u00f3n colectiva que seguimos cada<br \/>\ntemporada, ser\u00e1n capaces de alcanzar nuevos retos y, en este caso, luchar por<br \/>\nel campeonato hasta la 7\u00aa y \u00faltima&nbsp;<br \/>\nronda.&nbsp;<\/b><\/span><\/span><span style=\"font-size: 12pt\"><span style=\"font-family: Arial, Helvetica, sans-serif\"><b>A continuaci\u00f3n, publicamos la clasificaci\u00f3n provisional despu\u00e9s de la ronda 2 y el emparejamiento previsto para la ronda 3.<\/b><\/span><\/span><b style=\"font-family: Arial, Helvetica, sans-serif;font-size: 12pt\">&nbsp;<\/b><\/div>\n<div class=\"separator\" style=\"clear: both;text-align: center\">\n<\/div>\n<div class=\"MsoTitle\" style=\"text-align: justify\">\n<\/div>\n<div class=\"separator\" style=\"clear: both;text-align: center\">\n<\/div>\n<div class=\"MsoTitle\" style=\"text-align: justify\">\n<span style=\"font-size: 12pt\">&nbsp;<\/span><i><span style=\"font-size: 12.0pt\"><span style=\"font-family: Arial, Helvetica, sans-serif\"><b><u>EL CAMPEONATO DE PROMOCI\u00d3N POR EQUIPOS<\/u><\/b><\/span><\/span><\/i><\/div>\n<div class=\"MsoTitle\" style=\"text-align: justify\">\n<\/div>\n<div class=\"MsoTitle\" style=\"text-align: justify\">\n<span style=\"font-size: 12pt\"><span style=\"font-family: Arial, Helvetica, sans-serif\"><b>Tambi\u00e9n os recordamos que para el<br \/>\ndomingo 23 de noviembre est\u00e1 programado el inicio del Campeonato de Promoci\u00f3n<br \/>\npor Equipos de Toledo, antigua 2\u00aa divisi\u00f3n. Los equipos \u201cC\u201d de \u201cNuestro Ajedrez<br \/>\nen Europa\u201d y \u201cNuestro Ajedrez por la Igualdad\u201d completan la participaci\u00f3n de<br \/>\neste a\u00f1o, totalizando 6 en el conjunto de las dos competiciones. Este torneo<br \/>\nbusca retomar el contacto con la competici\u00f3n de los ajedrecistas inscritos en<br \/>\nel Deporte en Edad Escolar que comenzar\u00e1 a mediados de enero en las provincias<br \/>\nde Ciudad Real y Toledo. Se jugar\u00e1 los domingos: 23 y 30 de noviembre, y el 14<br \/>\nde diciembre. El n\u00famero de partidas ser\u00e1 de 2 por d\u00eda, en jornada exclusiva de<br \/>\nma\u00f1ana, a un ritmo de 50 minutos + 5 segundos de incremento por jugada y con<br \/>\nformaciones compuestas por 4 tableros.<\/b><\/span><\/span><br \/>\n<span style=\"font-size: 12pt\"><span style=\"font-family: Arial, Helvetica, sans-serif\"><b><br \/><\/b><\/span><\/span><\/p>\n<div class=\"separator\" style=\"clear: both;text-align: center\">\n<a href=\"https:\/\/www.bfv.cloud\/ajedrezeuropa\/wp-content\/uploads\/2014\/11\/CLASIFPROVR-2.jpg\" style=\"margin-left: 1em;margin-right: 1em\"><img loading=\"lazy\" decoding=\"async\" border=\"0\" src=\"https:\/\/www.bfv.cloud\/ajedrezeuropa\/wp-content\/uploads\/2014\/11\/CLASIFPROVR-2.jpg\" height=\"499\" width=\"640\" \/><\/a><\/div>\n<div class=\"separator\" style=\"clear: both;text-align: center\">\n<a href=\"https:\/\/www.bfv.cloud\/ajedrezeuropa\/wp-content\/uploads\/2014\/11\/EMPAREJAMIENTOSR-3.jpg\" style=\"margin-left: 1em;margin-right: 1em\"><img loading=\"lazy\" decoding=\"async\" border=\"0\" src=\"https:\/\/www.bfv.cloud\/ajedrezeuropa\/wp-content\/uploads\/2014\/11\/EMPAREJAMIENTOSR-3.jpg\" height=\"280\" width=\"640\" \/><\/a><\/div>\n<p><span style=\"font-size: 12pt\"><span style=\"font-family: Arial, Helvetica, sans-serif\"><b><br \/><\/b><\/span><\/span><\/div>\n<div class=\"separator\" style=\"clear: both;text-align: center\">\n<\/div>\n","protected":false},"excerpt":{"rendered":"<p>El equipo de \u00abNUESTRO AJEDREZ EN EUROPA-A\u00bb: Santiago, Isaac, Daniel y Jorge JUGADAS LAS 2 RONDAS INICIALES \u00abNUESTRO AJEDREZ EN EUROPA-B\u00bb: Javier, Leo, Irene y Silvia Despu\u00e9s de la 1\u00aa jornada del Campeonato por Clubes de Toledo de 1\u00aa divisi\u00f3n, el equipo de \u201cNUESTRO AJEDREZ EN EUROPA \u2013 A\u201d, marcha en 2\u00aa posici\u00f3n de la [&hellip;]<\/p>\n","protected":false},"author":1,"featured_media":3119,"comment_status":"open","ping_status":"closed","sticky":false,"template":"","format":"standard","meta":{"footnotes":""},"categories":[1],"tags":[],"class_list":["post-3118","post","type-post","status-publish","format-standard","has-post-thumbnail","hentry","category-noticias"],"_links":{"self":[{"href":"https:\/\/www.bfv.cloud\/ajedrezeuropa\/wp-json\/wp\/v2\/posts\/3118","targetHints":{"allow":["GET"]}}],"collection":[{"href":"https:\/\/www.bfv.cloud\/ajedrezeuropa\/wp-json\/wp\/v2\/posts"}],"about":[{"href":"https:\/\/www.bfv.cloud\/ajedrezeuropa\/wp-json\/wp\/v2\/types\/post"}],"author":[{"embeddable":true,"href":"https:\/\/www.bfv.cloud\/ajedrezeuropa\/wp-json\/wp\/v2\/users\/1"}],"replies":[{"embeddable":true,"href":"https:\/\/www.bfv.cloud\/ajedrezeuropa\/wp-json\/wp\/v2\/comments?post=3118"}],"version-history":[{"count":1,"href":"https:\/\/www.bfv.cloud\/ajedrezeuropa\/wp-json\/wp\/v2\/posts\/3118\/revisions"}],"predecessor-version":[{"id":3124,"href":"https:\/\/www.bfv.cloud\/ajedrezeuropa\/wp-json\/wp\/v2\/posts\/3118\/revisions\/3124"}],"wp:featuredmedia":[{"embeddable":true,"href":"https:\/\/www.bfv.cloud\/ajedrezeuropa\/wp-json\/wp\/v2\/media\/3119"}],"wp:attachment":[{"href":"https:\/\/www.bfv.cloud\/ajedrezeuropa\/wp-json\/wp\/v2\/media?parent=3118"}],"wp:term":[{"taxonomy":"category","embeddable":true,"href":"https:\/\/www.bfv.cloud\/ajedrezeuropa\/wp-json\/wp\/v2\/categories?post=3118"},{"taxonomy":"post_tag","embeddable":true,"href":"https:\/\/www.bfv.cloud\/ajedrezeuropa\/wp-json\/wp\/v2\/tags?post=3118"}],"curies":[{"name":"wp","href":"https:\/\/api.w.org\/{rel}","templated":true}]}}