{"id":3125,"date":"2018-05-01T21:15:00","date_gmt":"2018-05-01T21:15:00","guid":{"rendered":"https:\/\/www.bfv.cloud\/ajedrezeuropa\/index.php\/2018\/05\/01\/una-medalla-de-bronce-en-el-regional-del-deporte-en-edad-escolar\/"},"modified":"2025-11-20T10:56:55","modified_gmt":"2025-11-20T10:56:55","slug":"una-medalla-de-bronce-en-el-regional-del-deporte-en-edad-escolar","status":"publish","type":"post","link":"https:\/\/www.bfv.cloud\/ajedrezeuropa\/una-medalla-de-bronce-en-el-regional-del-deporte-en-edad-escolar\/","title":{"rendered":"UNA MEDALLA DE BRONCE EN EL REGIONAL DEL DEPORTE EN EDAD ESCOLAR"},"content":{"rendered":"<table align=\"center\" cellpadding=\"0\" cellspacing=\"0\" class=\"tr-caption-container\" style=\"margin-left: auto;margin-right: auto;text-align: center\">\n<tbody>\n<tr>\n<td style=\"text-align: center\"><a href=\"https:\/\/www.bfv.cloud\/ajedrezeuropa\/wp-content\/uploads\/2018\/05\/IMG-20180430-WA0006.jpg\" style=\"margin-left: auto;margin-right: auto\"><img fetchpriority=\"high\" decoding=\"async\" border=\"0\" data-original-height=\"506\" data-original-width=\"1025\" height=\"314\" src=\"https:\/\/blogger.googleusercontent.com\/img\/b\/R29vZ2xl\/AVvXsEjoqq9KEd7doPWTcd99XqLOYyiFta8lrF8MOTK5Rm-gtM4UxtvtQdh23gQewgBH204CvY89RzjfhUL0v2yWDk0G0xOGUpJ-2On1ZUMyXlmAFt8-OUgKEE6Hh1nD4efaDb8I6jFN00qA4Ps\/s640\/IMG-20180430-WA0006.jpg\" width=\"640\" \/><\/a><\/td>\n<\/tr>\n<tr>\n<td class=\"tr-caption\" style=\"text-align: center\">Nuestros 7 jugadores juntos (de izqda a dcha): Daniel, Alfredo, M\u00f3nica, Mar\u00eda, Isabel, Clara y Adri\u00e1n<\/td>\n<\/tr>\n<\/tbody>\n<\/table>\n<p><span style=\", sans-serif;font-size: large\"><b>Del 28 de abril al 1 de mayo se ha disputado el Campeonato Regional del Deporte en Edad Escolar en el albergue Alonso Quijano de las Lagunas de Ruidera. Las escuelas de ajedrez de Alc\u00e1zar de San Juan y Villafranca de los Caballeros han contado con 4 chicas y 3 chicos entre el conjunto de jugadores que participaron en esta fase auton\u00f3mica. Este a\u00f1o se vuelve a abrir la posibilidad de celebrar la fase nacional por selecciones regionales de la categor\u00eda cadete, aunque no hay nada confirmado a d\u00eda de hoy.&nbsp;<\/b><\/span><br \/>\n<span style=\", sans-serif;font-size: large\"><b><i><u>Isabel Marcos-Alberca Lizcano, bronce del cadete femenino<\/u><\/i><\/b><\/span><\/p>\n<table cellpadding=\"0\" cellspacing=\"0\" class=\"tr-caption-container\" style=\"float: right;margin-left: 1em;text-align: right\">\n<tbody>\n<tr>\n<td style=\"text-align: center\"><a href=\"https:\/\/www.bfv.cloud\/ajedrezeuropa\/wp-content\/uploads\/2018\/05\/IMG-20180501-WA0001.jpg\" style=\"clear: right;margin-bottom: 1em;margin-left: auto;margin-right: auto\"><img decoding=\"async\" border=\"0\" data-original-height=\"593\" data-original-width=\"713\" height=\"332\" src=\"https:\/\/blogger.googleusercontent.com\/img\/b\/R29vZ2xl\/AVvXsEhU1G3EDQRETESNT_OZRfAfQ81Bhnxci4H8KGSXeAXENxbdgB99QP0SKSmfRwg9Sv-cvaLRefW6PIq0mrmzhv9MkSsRRJFi1CrtoUYHJ78xS_1nlEKAfKvYH8RX9T4yU75g_rFy42SZTfI\/s400\/IMG-20180501-WA0001.jpg\" width=\"400\" \/><\/a><\/td>\n<\/tr>\n<tr>\n<td class=\"tr-caption\" style=\"text-align: center\">Isabel recibiendo la medalla de bronce<\/td>\n<\/tr>\n<\/tbody>\n<\/table>\n<p><span style=\", sans-serif;font-size: large\">Dentro de la categor\u00eda cadete femenina han sido 4 las jugadoras de nuestros clubes que han participado de un total de 14 procedentes de las distintas provincias de Castilla-La Mancha. Para Isabel Marcos-Alberca, Clara Vela, Mar\u00eda Oliver y M\u00f3nica Monreal, la experiencia de un nuevo campeonato ha merecido la pena y sirve para crecer y aprender en su afici\u00f3n al ajedrez.<\/span><br \/>\n<span style=\", sans-serif;font-size: large\">La medalla de bronce conseguida por Isabel Marcos-Alberca, despu\u00e9s de realizar un torneo donde no ha perdido ni una sola partida, es el premio al trabajo realizado por esta joven jugadora en multitud de campeonatos a lo largo de las \u00faltimas temporadas.<\/p>\n<table align=\"center\" cellpadding=\"0\" cellspacing=\"0\" class=\"tr-caption-container\" style=\"margin-left: auto;margin-right: auto;text-align: center\">\n<tbody>\n<tr>\n<td style=\"text-align: center\"><a href=\"https:\/\/www.bfv.cloud\/ajedrezeuropa\/wp-content\/uploads\/2018\/05\/IMG-20180430-WA0012.jpg\" style=\"margin-left: auto;margin-right: auto\"><img decoding=\"async\" border=\"0\" data-original-height=\"550\" data-original-width=\"1564\" height=\"224\" src=\"https:\/\/blogger.googleusercontent.com\/img\/b\/R29vZ2xl\/AVvXsEgR3_6xwG18L2GQhu47bW73BozACJ8roeulEqO1mVh6ICb-lgYZeONN3KfSrf-OxEnWi-EIzySgy0abW7WJnjKvdu1JVMYLip2adD6QbLhpNcYdLEVKZLgYwTD9et3U3QaVTjghjyeIHDk\/s640\/IMG-20180430-WA0012.jpg\" width=\"640\" \/><\/a><\/td>\n<\/tr>\n<tr>\n<td class=\"tr-caption\" style=\"text-align: center\">M\u00f3nica, Mar\u00eda y Clara<\/td>\n<\/tr>\n<\/tbody>\n<\/table>\n<p><\/span><br \/>\n<span style=\", sans-serif;font-size: large\">Las otras 3 chicas han finalizado en las siguientes posiciones: Clara Vela (9\u00aa), Mar\u00eda Oliver (13\u00aa) y M\u00f3nica Monreal (14\u00aa).<\/span><br \/>\n<span style=\", sans-serif;font-size: large\"><b><i><u>Alfredo Amador, 6\u00ba clasificado del cadete masculino<\/u><\/i><\/b><\/span><\/p>\n<table cellpadding=\"0\" cellspacing=\"0\" class=\"tr-caption-container\" style=\"float: left;margin-right: 1em;text-align: left\">\n<tbody>\n<tr>\n<td style=\"text-align: center\"><a href=\"https:\/\/www.bfv.cloud\/ajedrezeuropa\/wp-content\/uploads\/2018\/05\/IMG-20180430-WA0015.jpg\" style=\"clear: left;margin-bottom: 1em;margin-left: auto;margin-right: auto\"><img loading=\"lazy\" decoding=\"async\" border=\"0\" data-original-height=\"800\" data-original-width=\"983\" height=\"260\" src=\"https:\/\/blogger.googleusercontent.com\/img\/b\/R29vZ2xl\/AVvXsEjBmIMeORvIMjPZwm7L2P77keXumhJOBO4XsTPRIIaqRFAYcIWL83DBeI8EWMDEzF6JmQ2bZYeX4veIcXKNg4-MuBWpRcq2vEVZGmDDgIDzFhS8DVz7GXb87W5qmdXRxECIcBw1M49ftE0\/s320\/IMG-20180430-WA0015.jpg\" width=\"320\" \/><\/a><\/td>\n<\/tr>\n<tr>\n<td class=\"tr-caption\" style=\"text-align: center\">Alfredo Amador en el Regional Escolar<\/td>\n<\/tr>\n<\/tbody>\n<\/table>\n<p><span style=\", sans-serif;font-size: large\">Nuestros 3 chicos clasificados por primera vez para este escolar ten\u00edan una prueba complicada pero muy motivadora.<\/span><br \/>\n<span style=\", sans-serif;font-size: large\">Alfredo Amador, en el cadete masculino, ha estado disputando todo el torneo en las primeras mesas y solo en la \u00faltima ronda ha cedido una derrota. Con 3,5 puntos y medio ha finalizado 6\u00ba, aunque merec\u00eda haber estado en los puestos de honor de la categor\u00eda.<\/p>\n<table cellpadding=\"0\" cellspacing=\"0\" class=\"tr-caption-container\" style=\"float: right;margin-left: 1em;text-align: right\">\n<tbody>\n<tr>\n<td style=\"text-align: center\"><a href=\"https:\/\/www.bfv.cloud\/ajedrezeuropa\/wp-content\/uploads\/2018\/05\/IMG-20180430-WA0008.jpg\" style=\"clear: right;margin-bottom: 1em;margin-left: auto;margin-right: auto\"><img loading=\"lazy\" decoding=\"async\" border=\"0\" data-original-height=\"621\" data-original-width=\"1071\" height=\"185\" src=\"https:\/\/blogger.googleusercontent.com\/img\/b\/R29vZ2xl\/AVvXsEhBgCrAzfusqLXwnhUrMRXLpX6jetFrkVJJ-narSFXG0b_0_PvO5v56-z43SBmEhd4L6GqTToRNGMPzCf2wRiAeVXc7_lDvQHRKiMzAVArEhPng0uNa0A0D2GWFF-ysNGC_mmAYkp3jrGI\/s320\/IMG-20180430-WA0008.jpg\" width=\"320\" \/><\/a><\/td>\n<\/tr>\n<tr>\n<td class=\"tr-caption\" style=\"text-align: center\">Adri\u00e1n Alhambra en su primer regional escolar<\/td>\n<\/tr>\n<\/tbody>\n<\/table>\n<p><\/span><br \/>\n<span style=\", sans-serif;font-size: large\">En el infantil masculino tambi\u00e9n debutaban Daniel Climent (11\u00ba) y Adri\u00e1n Alhambra (16\u00ba).<\/span><br \/>\n<span style=\", sans-serif;font-size: large\">El paso de nuestros chicos y chicas por este regional vuelve a tener un balance positivo, aunque ser\u00e1 a lo largo de la temporada cuando apreciaremos su alcance.<\/p>\n<table align=\"center\" cellpadding=\"0\" cellspacing=\"0\" class=\"tr-caption-container\" style=\"margin-left: auto;margin-right: auto;text-align: center\">\n<tbody>\n<tr>\n<td style=\"text-align: center\"><a href=\"https:\/\/www.bfv.cloud\/ajedrezeuropa\/wp-content\/uploads\/2018\/05\/IMG-20180430-WA0013.jpg\" style=\"margin-left: auto;margin-right: auto\"><img loading=\"lazy\" decoding=\"async\" border=\"0\" data-original-height=\"775\" data-original-width=\"1031\" height=\"240\" src=\"https:\/\/blogger.googleusercontent.com\/img\/b\/R29vZ2xl\/AVvXsEjcLDmM655CT6581UtoK8_PkXuTcfv5spXcz1w85LSd8wEWbHeUSjnjM_9DKJNObn8v9RKaMW792jQYMuVFyC4n-RV6p8yrvupchEXMDtBJZJ4awE0a_oBN2d23cOGe1i62139IdwPj11s\/s320\/IMG-20180430-WA0013.jpg\" width=\"320\" \/><\/a><\/td>\n<\/tr>\n<tr>\n<td class=\"tr-caption\" style=\"text-align: center\">Daniel Climent<\/td>\n<\/tr>\n<\/tbody>\n<\/table>\n<p><\/span><\/p>\n","protected":false},"excerpt":{"rendered":"<p>Nuestros 7 jugadores juntos (de izqda a dcha): Daniel, Alfredo, M\u00f3nica, Mar\u00eda, Isabel, Clara y Adri\u00e1n Del 28 de abril al 1 de mayo se ha disputado el Campeonato Regional del Deporte en Edad Escolar en el albergue Alonso Quijano de las Lagunas de Ruidera. Las escuelas de ajedrez de Alc\u00e1zar de San Juan y [&hellip;]<\/p>\n","protected":false},"author":1,"featured_media":3126,"comment_status":"open","ping_status":"closed","sticky":false,"template":"","format":"standard","meta":{"footnotes":""},"categories":[1],"tags":[],"class_list":["post-3125","post","type-post","status-publish","format-standard","has-post-thumbnail","hentry","category-noticias"],"_links":{"self":[{"href":"https:\/\/www.bfv.cloud\/ajedrezeuropa\/wp-json\/wp\/v2\/posts\/3125","targetHints":{"allow":["GET"]}}],"collection":[{"href":"https:\/\/www.bfv.cloud\/ajedrezeuropa\/wp-json\/wp\/v2\/posts"}],"about":[{"href":"https:\/\/www.bfv.cloud\/ajedrezeuropa\/wp-json\/wp\/v2\/types\/post"}],"author":[{"embeddable":true,"href":"https:\/\/www.bfv.cloud\/ajedrezeuropa\/wp-json\/wp\/v2\/users\/1"}],"replies":[{"embeddable":true,"href":"https:\/\/www.bfv.cloud\/ajedrezeuropa\/wp-json\/wp\/v2\/comments?post=3125"}],"version-history":[{"count":1,"href":"https:\/\/www.bfv.cloud\/ajedrezeuropa\/wp-json\/wp\/v2\/posts\/3125\/revisions"}],"predecessor-version":[{"id":3132,"href":"https:\/\/www.bfv.cloud\/ajedrezeuropa\/wp-json\/wp\/v2\/posts\/3125\/revisions\/3132"}],"wp:featuredmedia":[{"embeddable":true,"href":"https:\/\/www.bfv.cloud\/ajedrezeuropa\/wp-json\/wp\/v2\/media\/3126"}],"wp:attachment":[{"href":"https:\/\/www.bfv.cloud\/ajedrezeuropa\/wp-json\/wp\/v2\/media?parent=3125"}],"wp:term":[{"taxonomy":"category","embeddable":true,"href":"https:\/\/www.bfv.cloud\/ajedrezeuropa\/wp-json\/wp\/v2\/categories?post=3125"},{"taxonomy":"post_tag","embeddable":true,"href":"https:\/\/www.bfv.cloud\/ajedrezeuropa\/wp-json\/wp\/v2\/tags?post=3125"}],"curies":[{"name":"wp","href":"https:\/\/api.w.org\/{rel}","templated":true}]}}