{"id":3133,"date":"2010-09-06T23:04:00","date_gmt":"2010-09-06T23:04:00","guid":{"rendered":"https:\/\/www.bfv.cloud\/ajedrezeuropa\/index.php\/2010\/09\/06\/comienza-el-campeonato-regional-por-equipos-sub-16-de-castilla-la-mancha\/"},"modified":"2025-11-20T10:56:57","modified_gmt":"2025-11-20T10:56:57","slug":"comienza-el-campeonato-regional-por-equipos-sub-16-de-castilla-la-mancha","status":"publish","type":"post","link":"https:\/\/www.bfv.cloud\/ajedrezeuropa\/comienza-el-campeonato-regional-por-equipos-sub-16-de-castilla-la-mancha\/","title":{"rendered":"COMIENZA EL CAMPEONATO REGIONAL POR EQUIPOS SUB-16 DE CASTILLA-LA MANCHA"},"content":{"rendered":"<p>Ha dado comienzo&nbsp;el primer Campeonato Regional por Clubes Sub-16 de Castilla-La Mancha. El albergue juvenil Ntra. Sra. del Sagrario de la localidad toledana de Sese\u00f1a, est\u00e1 sirviendo de sede para esta competici\u00f3n oficial que se extender\u00e1 desde la tarde de ayer lunes hasta el jueves&nbsp;d\u00eda 9&nbsp;por la noche. De forma que se vayan produciendo resultados iremos informando desde esta p\u00e1gina. El equipo representante de nuestro proyecto, integrado por: Santiago Talavera, Daniel P\u00edriz, Jorge Sim\u00f3n, Sergio Valencia y Daniel Salas, parte como primero en el ranking inicial y deseamos que confirme esa posici\u00f3n en la clasificaci\u00f3n final. De momento, estos son los resultados de la 1\u00aa ronda:<\/p>\n<div align=\"center\">CDE AJEDREZ ALMAGRO&nbsp;&nbsp;&nbsp;&nbsp;&nbsp;&nbsp;&nbsp;&nbsp;&nbsp;&nbsp;&nbsp;1&nbsp; &#8211;&nbsp; 3&nbsp;&nbsp;&nbsp;&nbsp;&nbsp; CDE AJEDREZ CUENCA 2016<\/div>\n<div align=\"center\">CDE AJEDREZ ALMANSA&nbsp;&nbsp;&nbsp;&nbsp; 2,5&nbsp;&nbsp;&nbsp; &#8211;&nbsp;&nbsp;&nbsp;1,5&nbsp; CDE AJEDREZ TOMELLOSO<br \/>\nCLUB AJEDREZ ATENEO&nbsp;&nbsp;&nbsp;&nbsp;&nbsp;&nbsp;&nbsp; 1&nbsp;&nbsp; &#8211;&nbsp; 3&nbsp;&nbsp;&nbsp;&nbsp;&nbsp;NUESTRO AJEDREZ EN EUROPA<\/div>\n<div align=\"center\">\n<\/div>\n<div class=\"separator\" style=\"clear: both;text-align: center\"><a href=\"https:\/\/www.bfv.cloud\/ajedrezeuropa\/wp-content\/uploads\/2010\/09\/campeonatoEspaC3B1aequiposS-162009001.jpg\" style=\"margin-left: 1em;margin-right: 1em\"><img fetchpriority=\"high\" decoding=\"async\" border=\"0\" height=\"300\" src=\"https:\/\/blogger.googleusercontent.com\/img\/b\/R29vZ2xl\/AVvXsEiwVn2DuBzkrGQmxY5OUIPO6yAcAQ2aeF6kwX8nUJgz2DN7xzebMS4HN9CwnQPr63Rp8D-gizkNBrsdDx-be6zhc-OOHOXcXR1oFcAFBTF-ZB9JlO_sshKhTG0KhrVDleHlOPLeM51ynPs\/s400\/campeonato+Espa%C3%B1a+equipos+S-16+2009+001.jpg\" width=\"400\" \/><\/a><\/div>\n<div align=\"center\">\n<\/div>\n","protected":false},"excerpt":{"rendered":"<p>Ha dado comienzo&nbsp;el primer Campeonato Regional por Clubes Sub-16 de Castilla-La Mancha. El albergue juvenil Ntra. Sra. del Sagrario de la localidad toledana de Sese\u00f1a, est\u00e1 sirviendo de sede para esta competici\u00f3n oficial que se extender\u00e1 desde la tarde de ayer lunes hasta el jueves&nbsp;d\u00eda 9&nbsp;por la noche. De forma que se vayan produciendo resultados [&hellip;]<\/p>\n","protected":false},"author":1,"featured_media":3134,"comment_status":"open","ping_status":"closed","sticky":false,"template":"","format":"standard","meta":{"footnotes":""},"categories":[1],"tags":[],"class_list":["post-3133","post","type-post","status-publish","format-standard","has-post-thumbnail","hentry","category-noticias"],"_links":{"self":[{"href":"https:\/\/www.bfv.cloud\/ajedrezeuropa\/wp-json\/wp\/v2\/posts\/3133","targetHints":{"allow":["GET"]}}],"collection":[{"href":"https:\/\/www.bfv.cloud\/ajedrezeuropa\/wp-json\/wp\/v2\/posts"}],"about":[{"href":"https:\/\/www.bfv.cloud\/ajedrezeuropa\/wp-json\/wp\/v2\/types\/post"}],"author":[{"embeddable":true,"href":"https:\/\/www.bfv.cloud\/ajedrezeuropa\/wp-json\/wp\/v2\/users\/1"}],"replies":[{"embeddable":true,"href":"https:\/\/www.bfv.cloud\/ajedrezeuropa\/wp-json\/wp\/v2\/comments?post=3133"}],"version-history":[{"count":1,"href":"https:\/\/www.bfv.cloud\/ajedrezeuropa\/wp-json\/wp\/v2\/posts\/3133\/revisions"}],"predecessor-version":[{"id":3135,"href":"https:\/\/www.bfv.cloud\/ajedrezeuropa\/wp-json\/wp\/v2\/posts\/3133\/revisions\/3135"}],"wp:featuredmedia":[{"embeddable":true,"href":"https:\/\/www.bfv.cloud\/ajedrezeuropa\/wp-json\/wp\/v2\/media\/3134"}],"wp:attachment":[{"href":"https:\/\/www.bfv.cloud\/ajedrezeuropa\/wp-json\/wp\/v2\/media?parent=3133"}],"wp:term":[{"taxonomy":"category","embeddable":true,"href":"https:\/\/www.bfv.cloud\/ajedrezeuropa\/wp-json\/wp\/v2\/categories?post=3133"},{"taxonomy":"post_tag","embeddable":true,"href":"https:\/\/www.bfv.cloud\/ajedrezeuropa\/wp-json\/wp\/v2\/tags?post=3133"}],"curies":[{"name":"wp","href":"https:\/\/api.w.org\/{rel}","templated":true}]}}