{"id":3136,"date":"2015-05-20T21:32:00","date_gmt":"2015-05-20T21:32:00","guid":{"rendered":"https:\/\/www.bfv.cloud\/ajedrezeuropa\/index.php\/2015\/05\/20\/el-curso-el-ajedrez-en-la-escuela-finaliza-en-toledo-con-una-clausura-inolvidable-y-espectacular\/"},"modified":"2025-11-20T10:57:07","modified_gmt":"2025-11-20T10:57:07","slug":"el-curso-el-ajedrez-en-la-escuela-finaliza-en-toledo-con-una-clausura-inolvidable-y-espectacular","status":"publish","type":"post","link":"https:\/\/www.bfv.cloud\/ajedrezeuropa\/el-curso-el-ajedrez-en-la-escuela-finaliza-en-toledo-con-una-clausura-inolvidable-y-espectacular\/","title":{"rendered":"EL CURSO \u201cEL AJEDREZ EN LA ESCUELA\u201d FINALIZA EN TOLEDO CON UNA CLAUSURA INOLVIDABLE Y ESPECTACULAR"},"content":{"rendered":"<table align=\"center\" cellpadding=\"0\" cellspacing=\"0\" class=\"tr-caption-container\" style=\"margin-left: auto;margin-right: auto;text-align: center\">\n<tbody>\n<tr>\n<td style=\"text-align: center\"><a href=\"https:\/\/www.bfv.cloud\/ajedrezeuropa\/wp-content\/uploads\/2015\/05\/SAM_1769.jpg\" style=\"margin-left: auto;margin-right: auto\"><img fetchpriority=\"high\" decoding=\"async\" border=\"0\" height=\"424\" src=\"https:\/\/blogger.googleusercontent.com\/img\/b\/R29vZ2xl\/AVvXsEjhQg5m1or1AXNwz5c6GiSNQrhyphenhyphensPI_axboCF9zAUZZe9Qof1Wd2XXJxsZEKIeiyVXhFZGVgtnLiR1zx77R1BmZ5XBltz1SEa47Qn5lrl98VxvXNmdMadlR4q1N2xngdajwmyl9LOr58KM\/s640\/SAM_1769.JPG\" width=\"640\" \/><\/a><\/td>\n<\/tr>\n<tr>\n<td class=\"tr-caption\" style=\"text-align: center\">Poniendo las cosas a punto antes de empezar<\/td>\n<\/tr>\n<\/tbody>\n<\/table>\n<p>&nbsp;<u style=\"text-align: justify\"><span style=\"color: #002060;font-size: 14.0pt\">M\u00e1s de 150 profesores asistieron al<br \/>\nevento de clausura en Toledo<\/span><\/u><\/p>\n<div style=\"margin-bottom: .0001pt;margin: 0cm;text-align: justify\">\n<a href=\"https:\/\/www.bfv.cloud\/ajedrezeuropa\/wp-content\/uploads\/2015\/05\/SAM_1787.jpg\" style=\"clear: left;float: left;margin-bottom: 1em;margin-right: 1em\"><img decoding=\"async\" border=\"0\" height=\"90\" src=\"https:\/\/blogger.googleusercontent.com\/img\/b\/R29vZ2xl\/AVvXsEgJR0jT-yzqPlsRl1_sxcmJxLHNibhACTTstRUq_iUdLuqAwet7OOBG6z4u_cGWju5DErZ-R_rWvkvOxC_IPzvQdtZMItWXVnVVS5gm83rlCFV1rTMzHlNTA9sHNDHItzMGX75p2mbz89c\/s400\/SAM_1787.JPG\" width=\"400\" \/><\/a><span style=\"font-family: Arial, sans-serif\">Este<br \/>\nmartes finalizaba en Toledo la primera edici\u00f3n del curso \u201cEL AJEDREZ EN LA<br \/>\nESCUELA\u201d, desarrollado con la colaboraci\u00f3n del Centro Regional de Formaci\u00f3n del<br \/>\nProfesorado (CRFP) y el proyecto \u201cNUESTRO AJEDREZ EN EUROPA\u201d. El curso, que ha<br \/>\ntenido una duraci\u00f3n de 2 meses y medio, ha formado en un grado de iniciaci\u00f3n a<br \/>\n60 docentes de toda Castilla-La Mancha sobre las posibilidades de utilizar el<br \/>\najedrez como herramienta pedag\u00f3gica. La enorme expectativa creada entre el<br \/>\nprofesorado de la regi\u00f3n, con m\u00e1s de 150 solicitudes de inscripci\u00f3n, condujo a<br \/>\nla preparaci\u00f3n de un evento final abierto donde tuvieran cabida todos aquellos<br \/>\nprofesores de educaci\u00f3n primaria y secundaria que hab\u00edan manifestado su inter\u00e9s<br \/>\npor conocer los contenidos que se hab\u00edan tratado. El m\u00e1ximo inter\u00e9s de los<br \/>\norganizadores fue el de preparar un acto de cierre con un gran atractivo por s\u00ed<br \/>\nmismo, que pusiera a disposici\u00f3n de los asistentes toda la informaci\u00f3n precisa<br \/>\nque avala la introducci\u00f3n del ajedrez como materia curricular.<\/span><\/div>\n<table cellpadding=\"0\" cellspacing=\"0\" class=\"tr-caption-container\" style=\"float: left;text-align: left\">\n<tbody>\n<tr>\n<td style=\"text-align: center\"><a href=\"https:\/\/www.bfv.cloud\/ajedrezeuropa\/wp-content\/uploads\/2015\/05\/SAM_1791.jpg\" style=\"clear: left;margin-bottom: 1em;margin-left: auto;margin-right: auto\"><img decoding=\"async\" border=\"0\" height=\"230\" src=\"https:\/\/blogger.googleusercontent.com\/img\/b\/R29vZ2xl\/AVvXsEgCqt5wc1-C8x3lXIaXxtHvXLdsheImh1uyEFYWC43pE2VWn3jtTFO52WRdKkbi_p6iMwGc_L2TKruBoPdkhbyCxuB2mUbOPNCQsARBVq3NpIz43PUFeyd6_QwtZ1cZd4zdYHyR2XzrQNQ\/s400\/SAM_1791.JPG\" width=\"400\" \/><\/a><\/td>\n<\/tr>\n<tr>\n<td class=\"tr-caption\" style=\"text-align: center\">Comienza la primera ponencia a cargo de F\u00e9lix Toribio<\/td>\n<\/tr>\n<\/tbody>\n<\/table>\n<div style=\"margin-bottom: .0001pt;margin: 0cm;text-align: justify\">\n<\/div>\n<div class=\"MsoBodyText\" style=\"text-align: justify\">\n<u><span style=\"color: #002060;font-size: 14.0pt\">Leontxo Garc\u00eda, Herminio Herr\u00e1iz y<br \/>\nF\u00e9lix Toribio<\/span><\/u><\/div>\n<table align=\"center\" cellpadding=\"0\" cellspacing=\"0\" class=\"tr-caption-container\" style=\"float: left;margin-right: 1em;text-align: left\">\n<tbody>\n<tr>\n<td style=\"text-align: center\"><a href=\"https:\/\/www.bfv.cloud\/ajedrezeuropa\/wp-content\/uploads\/2015\/05\/SAM_1793.jpg\" style=\"clear: right;margin-bottom: 1em;margin-left: auto;margin-right: auto\"><img loading=\"lazy\" decoding=\"async\" border=\"0\" height=\"350\" src=\"https:\/\/blogger.googleusercontent.com\/img\/b\/R29vZ2xl\/AVvXsEiDU5HaOJn4lHzD7rbaHCMXXj2lkCWnj5LCi6GsETUPxFXZ-0d8hm4IGh9Tx6ulqq5_4cFHx8krYPuaAoWiCR2LRrM884-NeUi50pqdRCsxRnbxFJaWWJGWb076sxm4gGWagERsIRBFpMk\/s400\/SAM_1793.JPG\" width=\"400\" \/><\/a><\/td>\n<\/tr>\n<tr>\n<td class=\"tr-caption\" style=\"text-align: center\">Herminio Herr\u00e1iz, al comienzo de su ponencia<\/td>\n<\/tr>\n<\/tbody>\n<\/table>\n<div style=\"margin-bottom: .0001pt;margin: 0cm;text-align: justify\">\n<span style=\"font-family: Arial, sans-serif\">La<br \/>\npresencia en este evento de clausura del gran divulgador, conferenciante y<br \/>\nperiodista, Leontxo Garc\u00eda Olasagasti, con la conferencia: \u201cEL AJEDREZ ENSE\u00d1A A<br \/>\nPENSAR Y ES MUY DIVERTIDO\u201d, ha elevado la categor\u00eda del acto y lo ha convertido<br \/>\nen un aut\u00e9ntico acontecimiento para los que han tenido la oportunidad de<br \/>\ndisfrutar de \u00e9l. Si a esto a\u00f1adimos la fuerza pedag\u00f3gica en la exposici\u00f3n de<br \/>\nlas ponencias del Gran Maestro Herminio Herr\u00e1iz Hidalgo y del coordinador del<br \/>\ncurso, F\u00e9lix Toribio G\u00f3mez, tenemos los elementos necesarios para potenciar el<br \/>\ninter\u00e9s del profesorado por disponer en el aula de esta herramienta educativa<br \/>\nllamada ajedrez lo antes posible. Los tres ponentes quisieron destacar su<br \/>\ngratitud por la inestimable colaboraci\u00f3n del personal encargado de este curso<br \/>\nen el CRFP, a\u00f1adi\u00e9ndose un agradecimiento especial a Uvencio Blanco, Presidente<br \/>\nde la Comisi\u00f3n Mundial del Ajedrez para las Escuelas de la FIDE, por parte del<br \/>\ncoordinador del curso: \u201cal haber dotado de un soporte te\u00f3rico y documental muy<br \/>\nimportante a los contenidos utilizados\u201d.<\/span><\/div>\n<table cellpadding=\"0\" cellspacing=\"0\" class=\"tr-caption-container\" style=\"margin-left: auto;margin-right: auto;text-align: center\">\n<tbody>\n<tr>\n<td style=\"text-align: center\"><a href=\"https:\/\/www.bfv.cloud\/ajedrezeuropa\/wp-content\/uploads\/2015\/05\/SAM_1805.jpg\" style=\"clear: right;margin-bottom: 1em;margin-left: auto;margin-right: auto\"><img loading=\"lazy\" decoding=\"async\" border=\"0\" height=\"561\" src=\"https:\/\/blogger.googleusercontent.com\/img\/b\/R29vZ2xl\/AVvXsEhb4cnD5ZPbsTWUh7tPNvsz0XLoNn_gU-4JjTtFFLy3ixR9IuZ5M_jlLqi8isE2KcqinXUUEyltXAslDekCdM3ct1uMETyI8Xg0omfhbXAf9s0RWFuDNGqqXJpd0eWBEtwcEhnq633e1F4\/s640\/SAM_1805.JPG\" width=\"640\" \/><\/a><\/td>\n<\/tr>\n<tr>\n<td class=\"tr-caption\" style=\"text-align: center\">&#8230; y empieza Leontxo su magn\u00edfica conferencia<\/td>\n<\/tr>\n<\/tbody>\n<\/table>\n<div style=\"margin-bottom: .0001pt;margin: 0cm;text-align: justify\">\n<span style=\"font-family: Arial, sans-serif\">&nbsp;<\/span><u><span style=\"color: #002060;font-size: 14.0pt\">Con el apoyo de la Consejer\u00eda de Educaci\u00f3n, Cultura y Deportes<\/span><\/u><\/div>\n<table align=\"center\" cellpadding=\"0\" cellspacing=\"0\" class=\"tr-caption-container\" style=\"float: left;margin-right: 1em;text-align: left\">\n<tbody>\n<tr>\n<td style=\"text-align: center\"><a href=\"https:\/\/www.bfv.cloud\/ajedrezeuropa\/wp-content\/uploads\/2015\/05\/SAM_1785.jpg\" style=\"clear: left;margin-bottom: 1em;margin-left: auto;margin-right: auto\"><img loading=\"lazy\" decoding=\"async\" border=\"0\" height=\"300\" src=\"https:\/\/blogger.googleusercontent.com\/img\/b\/R29vZ2xl\/AVvXsEjfbXpk2GMICc3oiUwMrl33nVGDRu_06adywSRjus3iuKwFeAc42wM-UEmY4fPeLgD9mLJPwz4PoUhtVH880ynGutN65cIaqPHO945gA4afHrbgoGklqZ7JMJOecrpvo9S22atiOVjyg4E\/s400\/SAM_1785.JPG\" width=\"400\" \/><\/a><\/td>\n<\/tr>\n<tr>\n<td class=\"tr-caption\" style=\"text-align: center\">Jaime Alonso, Viceconsejero de Educaci\u00f3n, y<br \/>&nbsp;Laura Morillas,&nbsp;Directora del CRFP<\/td>\n<\/tr>\n<\/tbody>\n<\/table>\n<div style=\"margin-bottom: .0001pt;margin: 0cm;text-align: justify\">\n<span style=\"font-family: Arial, sans-serif\">La<br \/>\npresentaci\u00f3n e inauguraci\u00f3n de este evento, con el que se cerraba el curso \u201cEL<br \/>\nAJEDREZ EN LA ESCUELA\u201d, corri\u00f3 a cargo del Viceconsejero de Educaci\u00f3n y<br \/>\nUniversidades, Jos\u00e9 Jaime Alonso, y de la directora del CRFP, Laura Morillas.<br \/>\nAmbos destacaron la gran acogida que ha tenido entre los docentes de la regi\u00f3n<br \/>\ny los comentarios tan positivos que hab\u00eda generado durante su desarrollo. <\/span><\/div>\n<div style=\"margin-bottom: .0001pt;margin: 0cm;text-align: justify\">\n<\/div>\n<div style=\"margin-bottom: .0001pt;margin: 0cm;text-align: justify\">\n<u><span style=\"color: #002060;font-size: 14.0pt\">La preparaci\u00f3n de nuevos cursos y programas<\/span><\/u><\/div>\n<div style=\"margin-bottom: .0001pt;margin: 0cm;text-align: justify\">\n<span>Desde el proyecto \u201cNUESTRO AJEDREZ EN<br \/>\nEUROPA\u201d ya se est\u00e1 trabajando en nuevos cursos y planes formativos de cara al<br \/>\ncurso 2015\/2016. <\/span><\/div>\n<div style=\"margin-bottom: .0001pt;margin: 0cm;text-align: justify\">\n<span>Adem\u00e1s, a partir del pr\u00f3ximo mes de<br \/>\njunio, se empezar\u00e1n a presentar los nuevos programas para extender los<br \/>\nbeneficios del ajedrez a otras \u00e1reas como la terap\u00e9utica y el trabajo con mayores.<\/span>&nbsp;<\/div>\n<table cellpadding=\"0\" cellspacing=\"0\" class=\"tr-caption-container\" style=\"float: left;margin-right: 1em;text-align: left\">\n<tbody>\n<tr>\n<td style=\"text-align: center\"><a href=\"https:\/\/www.bfv.cloud\/ajedrezeuropa\/wp-content\/uploads\/2015\/05\/IMG-20150519-WA0002.jpg\" style=\"clear: left;margin-bottom: 1em;margin-left: auto;margin-right: auto\"><img loading=\"lazy\" decoding=\"async\" border=\"0\" height=\"321\" src=\"https:\/\/blogger.googleusercontent.com\/img\/b\/R29vZ2xl\/AVvXsEgijHtQ8tAVf35umifs8EVVDyf5TlnWePS_buv2dQ_4nLYL-JQ6qWQhhiAuf7b_xjNu8j7Ov64l1m57dkhVasK9ZSSslxc4tTv5QkPmM70lbHCGxBVowE4xcrFrkORvp9YTgE532ij5D8A\/s400\/IMG-20150519-WA0002.jpg\" width=\"400\" \/><\/a><\/td>\n<\/tr>\n<tr>\n<td class=\"tr-caption\" style=\"text-align: center\">Una reuni\u00f3n de amigos<\/td>\n<\/tr>\n<\/tbody>\n<\/table>\n<p><\/p>\n<div class=\"separator\" style=\"clear: both;text-align: center\">\n<\/div>\n","protected":false},"excerpt":{"rendered":"<p>Poniendo las cosas a punto antes de empezar &nbsp;M\u00e1s de 150 profesores asistieron al evento de clausura en Toledo Este martes finalizaba en Toledo la primera edici\u00f3n del curso \u201cEL AJEDREZ EN LA ESCUELA\u201d, desarrollado con la colaboraci\u00f3n del Centro Regional de Formaci\u00f3n del Profesorado (CRFP) y el proyecto \u201cNUESTRO AJEDREZ EN EUROPA\u201d. El curso, [&hellip;]<\/p>\n","protected":false},"author":1,"featured_media":3137,"comment_status":"open","ping_status":"closed","sticky":false,"template":"","format":"standard","meta":{"footnotes":""},"categories":[1],"tags":[],"class_list":["post-3136","post","type-post","status-publish","format-standard","has-post-thumbnail","hentry","category-noticias"],"_links":{"self":[{"href":"https:\/\/www.bfv.cloud\/ajedrezeuropa\/wp-json\/wp\/v2\/posts\/3136","targetHints":{"allow":["GET"]}}],"collection":[{"href":"https:\/\/www.bfv.cloud\/ajedrezeuropa\/wp-json\/wp\/v2\/posts"}],"about":[{"href":"https:\/\/www.bfv.cloud\/ajedrezeuropa\/wp-json\/wp\/v2\/types\/post"}],"author":[{"embeddable":true,"href":"https:\/\/www.bfv.cloud\/ajedrezeuropa\/wp-json\/wp\/v2\/users\/1"}],"replies":[{"embeddable":true,"href":"https:\/\/www.bfv.cloud\/ajedrezeuropa\/wp-json\/wp\/v2\/comments?post=3136"}],"version-history":[{"count":1,"href":"https:\/\/www.bfv.cloud\/ajedrezeuropa\/wp-json\/wp\/v2\/posts\/3136\/revisions"}],"predecessor-version":[{"id":3144,"href":"https:\/\/www.bfv.cloud\/ajedrezeuropa\/wp-json\/wp\/v2\/posts\/3136\/revisions\/3144"}],"wp:featuredmedia":[{"embeddable":true,"href":"https:\/\/www.bfv.cloud\/ajedrezeuropa\/wp-json\/wp\/v2\/media\/3137"}],"wp:attachment":[{"href":"https:\/\/www.bfv.cloud\/ajedrezeuropa\/wp-json\/wp\/v2\/media?parent=3136"}],"wp:term":[{"taxonomy":"category","embeddable":true,"href":"https:\/\/www.bfv.cloud\/ajedrezeuropa\/wp-json\/wp\/v2\/categories?post=3136"},{"taxonomy":"post_tag","embeddable":true,"href":"https:\/\/www.bfv.cloud\/ajedrezeuropa\/wp-json\/wp\/v2\/tags?post=3136"}],"curies":[{"name":"wp","href":"https:\/\/api.w.org\/{rel}","templated":true}]}}