{"id":3145,"date":"2021-02-03T18:42:00","date_gmt":"2021-02-03T18:42:00","guid":{"rendered":"https:\/\/www.bfv.cloud\/ajedrezeuropa\/index.php\/2021\/02\/03\/nuestro-ajedrez-en-europa-participa-en-el-torneo-mundial-de-la-expo-de-dubai\/"},"modified":"2025-11-20T10:57:11","modified_gmt":"2025-11-20T10:57:11","slug":"nuestro-ajedrez-en-europa-participa-en-el-torneo-mundial-de-la-expo-de-dubai","status":"publish","type":"post","link":"https:\/\/www.bfv.cloud\/ajedrezeuropa\/nuestro-ajedrez-en-europa-participa-en-el-torneo-mundial-de-la-expo-de-dubai\/","title":{"rendered":"NUESTRO AJEDREZ EN EUROPA PARTICIPA EN EL TORNEO MUNDIAL DE LA EXPO DE DUBAI"},"content":{"rendered":"<p>&nbsp;<\/p>\n<div class=\"separator\" style=\"clear: both;text-align: left\"><a href=\"https:\/\/www.bfv.cloud\/ajedrezeuropa\/wp-content\/uploads\/2021\/02\/CARTELTORNEOMUNDIALAJEDREZEXPODUBAI.jpg\" style=\"clear: right;float: right;margin-bottom: 1em;margin-left: 1em\"><img fetchpriority=\"high\" decoding=\"async\" border=\"0\" data-original-height=\"372\" data-original-width=\"600\" height=\"248\" src=\"https:\/\/blogger.googleusercontent.com\/img\/b\/R29vZ2xl\/AVvXsEi2uRdfpz7zsrHW6R1LFXU38Vd93mZppmq5R-XGK-9HW9nDorPd5rQ-M5rWxm6jVcglzIyAxB-wOCNWkrlQ1AND2nH4sJ3G1VjLpVppbQNKZXP0skMQFc51cofqeK_bYtAYr8cgfYmzRrg\/w400-h248\/CARTEL+TORNEO+MUNDIAL+AJEDREZ+EXPO+DUBAI.jpg\" width=\"400\" \/><\/a><span style=\"font-family: verdana;font-size: large\"><b>El pr\u00f3ximo 9 de febrero comenzar\u00e1 la participaci\u00f3n de 8 ajedrecistas del proyecto Nuestro Ajedrez en Europa inscritos en el Torneo Mundial de la Exposici\u00f3n Universal de Dubai.&nbsp; Este<br \/> equipo, que competir\u00e1 bajo el nombre del Colegio Sant\u00edsima Trinidad de Alc\u00e1zar de San Juan al tratarse de un torneo escolar, est\u00e1 compuesto por 8 j\u00f3venes jugadores de las escuelas de ajedrez de Villafranca de los Caballeros y la propia Alc\u00e1zar, nacidos entre 2006 y 2012. Sus nombres y los centros educativos en los que se encuentran cursando estudios son: Alonso L\u00f3pez N\u00fa\u00f1ez (Fundaci\u00f3n Escuela Teresiana de Mora), \u00c1ngel Collado Alcolado (Colegio Stma. Trinidad de Alc\u00e1zar), Gabriel Amador And\u00fajar (IES Pe\u00f1as Negras de Mora), Jaime Vila Castillo (Colegio Stma. Trinidad de Alc\u00e1zar), Luis Arias Riveira (Colegio Stma. Trinidad de Alc\u00e1zar), \u00d3scar Ortega Olivares (IES Valdehierro de Madridejos), y por \u00faltimo, Jos\u00e9 Miguel Romero Flores y Jorge Arias Riveira, tambi\u00e9n del Colegio Stma. Trinidad de Alc\u00e1zar. Queremos agradecer a los 4 centros educativos su colaboraci\u00f3n y su magn\u00edfica disposici\u00f3n para facilitar todo lo necesario en las tareas organizativas.<\/b><\/span><\/div>\n<div class=\"separator\" style=\"clear: both;text-align: left\"><span style=\"font-family: verdana;font-size: large\"><b><br \/><\/b><\/span><span style=\"font-family: verdana;font-size: large\"><b><\/b><\/span><\/div>\n<div class=\"separator\" style=\"clear: both;text-align: left\"><span style=\"font-family: verdana;font-size: large\"><b><u><i>Un torneo con m\u00e1s de 2.500 participantes y 300 equipos de todo el mundo<\/i><\/u><\/b><\/span><\/div>\n<div class=\"separator\" style=\"clear: both;text-align: left\"><span style=\"font-family: verdana;font-size: large\"><b><\/p>\n<div class=\"separator\" style=\"clear: both;text-align: center\"><a href=\"https:\/\/www.bfv.cloud\/ajedrezeuropa\/wp-content\/uploads\/2021\/02\/PABELLONESPA25C32591AEXPODUBAI.jpg\" style=\"clear: right;float: right;margin-bottom: 1em;margin-left: 1em\"><img decoding=\"async\" border=\"0\" data-original-height=\"391\" data-original-width=\"387\" height=\"320\" src=\"https:\/\/blogger.googleusercontent.com\/img\/b\/R29vZ2xl\/AVvXsEj2HEQRitbYwmnAssBXbQKZL0XuOzVNnhV_zJUBbAjX-Y2BUDtonXcwYNZutuU7H_ewLaFFNCqZfGSR5fPXbOK3vNP3NcNJrrmhXf7AZGakePyZb0rxDqmpj4CgGl5L9LZgKhquYJCp-sc\/s320\/PABELLON+ESPA%25C3%2591A+EXPO+DUBAI.jpg\" \/><\/a><\/div>\n<p>El Torneo, organizado por el pabell\u00f3n de Espa\u00f1a en la Exposici\u00f3n Universal de Dubai, se ha convertido en uno de los m\u00e1s importantes de la historia del ajedrez escolar. A pesar de la pandemia y de las limitaciones existentes en los distintos pa\u00edses dentro de los centros de ense\u00f1anza, se ha hecho posible que m\u00e1s de 2.500 ni\u00f1os y ni\u00f1as, integrados en casi 300 equipos, disfruten del juego del ajedrez a trav\u00e9s de partidas online supervisadas por la plataforma Chess24. El premio final ser\u00e1 la celebraci\u00f3n de un torneo presencial en Dubai, a finales de 2021, donde competir\u00e1n los 12 equipos mejor clasificados en la \u00faltima fase.<\/b><\/span><\/div>\n<div class=\"separator\" style=\"clear: both;text-align: left\"><span style=\"font-family: verdana;font-size: large\"><b><br \/><\/b><\/span><\/div>\n<div class=\"separator\" style=\"clear: both;text-align: left\"><span style=\"font-family: verdana;font-size: large\"><b><i><u>El trabajo desde las escuelas deportivas<\/u><\/i><\/b><\/span><\/div>\n<div class=\"separator\" style=\"clear: both;text-align: left\">\n<div class=\"separator\" style=\"clear: both;text-align: center\"><a href=\"https:\/\/www.bfv.cloud\/ajedrezeuropa\/wp-content\/uploads\/2021\/02\/GRUPOPERFECC2.jpg\" style=\"clear: right;float: right;margin-bottom: 1em;margin-left: 1em\"><img decoding=\"async\" border=\"0\" data-original-height=\"1048\" data-original-width=\"1598\" height=\"263\" src=\"https:\/\/blogger.googleusercontent.com\/img\/b\/R29vZ2xl\/AVvXsEgjSgj2Jc2mALJAbHT7jn4Q8EeekCJ1NhmAYS-Ia5tVWUUqat-JiVlu08TU-hEK5pGy0l9aub0OAxVPG1bKHn4LXmiywnrylMfoKFF4NGP6jQ2xAzM1U3yeXEyw8b8IC_6Kc2TSSttlqCw\/w400-h263\/GRUPO+PERFECC+2.jpg\" title=\"Una clase de la escuela de ajedrez de Villafranca en esta temporada\" width=\"400\" \/><\/a><\/div>\n<p><span style=\"font-family: verdana;font-size: large\"><b>A pesar de la situaci\u00f3n derivada de la Covid-19, las escuelas deportivas de Alc\u00e1zar de San Juan y Villafranca de los Caballeros han continuado con su actividad, aunque desde el momento que se establece el nivel 3, las clases presenciales han sido sustituidas por formaci\u00f3n online mediante videoconferencias. Esta soluci\u00f3n temporal ha hecho posible que estos 8 ajedrecistas puedan jugar este importante torneo.&nbsp;<\/b><\/span><\/div>\n<div class=\"separator\" style=\"clear: both;text-align: left\"><span style=\"font-family: verdana;font-size: large\"><b><br \/><\/b><\/span><\/div>\n<div class=\"separator\" style=\"clear: both;text-align: left\"><span style=\"font-family: verdana;font-size: large\"><\/p>\n<div class=\"separator\" style=\"clear: both;text-align: center\"><a href=\"https:\/\/www.bfv.cloud\/ajedrezeuropa\/wp-content\/uploads\/2021\/02\/GRUPOFELIXPERFECC5DIC1.jpg\" style=\"margin-left: 1em;margin-right: 1em\"><img decoding=\"async\" border=\"0\" data-original-height=\"545\" data-original-width=\"1513\" height=\"230\" src=\"https:\/\/blogger.googleusercontent.com\/img\/b\/R29vZ2xl\/AVvXsEjEstqiPo2eq1Au596MK5z73-zcel83XWcwkP_ts7iv6AEqVpgu2PXfOXPAU-KBw0hLUZxGjN9-5ldqZ0JEJDT8F0Anm6WtELYb2P0uscRTa_WdKoY0UlZhBEMZeND-E2yNyinY2oYwmXE\/w640-h230\/GRUPO+FELIX+PERFECC+5+DIC+1.jpg\" width=\"640\" \/><\/a><\/div>\n<p><\/span><\/div>\n<div class=\"separator\" style=\"clear: both;text-align: left\"><\/div><\/p>\n","protected":false},"excerpt":{"rendered":"<p>&nbsp; El pr\u00f3ximo 9 de febrero comenzar\u00e1 la participaci\u00f3n de 8 ajedrecistas del proyecto Nuestro Ajedrez en Europa inscritos en el Torneo Mundial de la Exposici\u00f3n Universal de Dubai.&nbsp; Este equipo, que competir\u00e1 bajo el nombre del Colegio Sant\u00edsima Trinidad de Alc\u00e1zar de San Juan al tratarse de un torneo escolar, est\u00e1 compuesto por 8 [&hellip;]<\/p>\n","protected":false},"author":1,"featured_media":3146,"comment_status":"open","ping_status":"closed","sticky":false,"template":"","format":"standard","meta":{"footnotes":""},"categories":[1],"tags":[],"class_list":["post-3145","post","type-post","status-publish","format-standard","has-post-thumbnail","hentry","category-noticias"],"_links":{"self":[{"href":"https:\/\/www.bfv.cloud\/ajedrezeuropa\/wp-json\/wp\/v2\/posts\/3145","targetHints":{"allow":["GET"]}}],"collection":[{"href":"https:\/\/www.bfv.cloud\/ajedrezeuropa\/wp-json\/wp\/v2\/posts"}],"about":[{"href":"https:\/\/www.bfv.cloud\/ajedrezeuropa\/wp-json\/wp\/v2\/types\/post"}],"author":[{"embeddable":true,"href":"https:\/\/www.bfv.cloud\/ajedrezeuropa\/wp-json\/wp\/v2\/users\/1"}],"replies":[{"embeddable":true,"href":"https:\/\/www.bfv.cloud\/ajedrezeuropa\/wp-json\/wp\/v2\/comments?post=3145"}],"version-history":[{"count":1,"href":"https:\/\/www.bfv.cloud\/ajedrezeuropa\/wp-json\/wp\/v2\/posts\/3145\/revisions"}],"predecessor-version":[{"id":3150,"href":"https:\/\/www.bfv.cloud\/ajedrezeuropa\/wp-json\/wp\/v2\/posts\/3145\/revisions\/3150"}],"wp:featuredmedia":[{"embeddable":true,"href":"https:\/\/www.bfv.cloud\/ajedrezeuropa\/wp-json\/wp\/v2\/media\/3146"}],"wp:attachment":[{"href":"https:\/\/www.bfv.cloud\/ajedrezeuropa\/wp-json\/wp\/v2\/media?parent=3145"}],"wp:term":[{"taxonomy":"category","embeddable":true,"href":"https:\/\/www.bfv.cloud\/ajedrezeuropa\/wp-json\/wp\/v2\/categories?post=3145"},{"taxonomy":"post_tag","embeddable":true,"href":"https:\/\/www.bfv.cloud\/ajedrezeuropa\/wp-json\/wp\/v2\/tags?post=3145"}],"curies":[{"name":"wp","href":"https:\/\/api.w.org\/{rel}","templated":true}]}}